{"id":113280,"date":"2025-01-30T11:36:45","date_gmt":"2025-01-30T18:36:45","guid":{"rendered":"https:\/\/ovelanalista.com\/?p=113280"},"modified":"2025-01-30T11:36:45","modified_gmt":"2025-01-30T18:36:45","slug":"alcalde-de-elota-sinaloa-presume-que-despacha-desde-silla-presidencial","status":"publish","type":"post","link":"https:\/\/ovelanalista.com\/?p=113280","title":{"rendered":"Alcalde de Elota, Sinaloa presume que despacha desde \u201csilla presidencial\u201d"},"content":{"rendered":"<p data-mrf-recirculation=\"Links art\u00edculo\"><strong>by\u00a0<span class=\"author vcard\">Sopibecario<\/span><\/strong><\/p>\n<p data-mrf-recirculation=\"Links art\u00edculo\">Cu\u00e1ntas veces uno se entera de lo que hacen los pol\u00edticos y exclama \u201c\u00bfest\u00e1 viendo y no ve?\u201d Pues va una m\u00e1s, porque\u00a0<strong>el alcalde de Elota, Sinaloa, no ve broncas en presumir que (des)atiende desde una silla presidencial\u2026<\/strong>\u00a0s\u00edmbolo del poder Ejecutivo.<\/p>\n<div id=\"attachment_1782581\" style=\"width: 1130px\" class=\"wp-caption alignnone\"><img loading=\"lazy\" decoding=\"async\" aria-describedby=\"caption-attachment-1782581\" class=\"wp-image-1782581\" style=\"box-sizing: border-box; height: auto; max-width: 100%; border-style: none; position: relative; vertical-align: bottom; display: block;\" src=\"https:\/\/www.sopitas.com\/wp-content\/uploads\/2025\/01\/alcalde-elota-sinaloa-silla-presidencial.jpg?resize=1024,531\" sizes=\"auto, (max-width: 1120px) 100vw, 1120px\" srcset=\"https:\/\/www.sopitas.com\/wp-content\/uploads\/2025\/01\/alcalde-elota-sinaloa-silla-presidencial.jpg 1120w, https:\/\/www.sopitas.com\/wp-content\/uploads\/2025\/01\/alcalde-elota-sinaloa-silla-presidencial.jpg?resize=300,156 300w, https:\/\/www.sopitas.com\/wp-content\/uploads\/2025\/01\/alcalde-elota-sinaloa-silla-presidencial.jpg?resize=768,398 768w, https:\/\/www.sopitas.com\/wp-content\/uploads\/2025\/01\/alcalde-elota-sinaloa-silla-presidencial.jpg?resize=1024,531 1024w, https:\/\/www.sopitas.com\/wp-content\/uploads\/2025\/01\/alcalde-elota-sinaloa-silla-presidencial.jpg?resize=591,307 591w, https:\/\/www.sopitas.com\/wp-content\/uploads\/2025\/01\/alcalde-elota-sinaloa-silla-presidencial.jpg?resize=400,208 400w, https:\/\/www.sopitas.com\/wp-content\/uploads\/2025\/01\/alcalde-elota-sinaloa-silla-presidencial.jpg?resize=1080,560 1080w\" alt=\"alcalde elota sinaloa silla presidencial\" width=\"1120\" height=\"581\" data-attachment-id=\"1782581\" data-permalink=\"https:\/\/www.sopitas.com\/noticias\/alcalde-elota-sinaloa-silla-presidencial-richard-millan\/attachment\/alcalde-elota-sinaloa-silla-presidencial\/\" data-orig-file=\"https:\/\/www.sopitas.com\/wp-content\/uploads\/2025\/01\/alcalde-elota-sinaloa-silla-presidencial.jpg\" data-orig-size=\"1120,581\" data-comments-opened=\"1\" data-image-meta=\"{&quot;aperture&quot;:&quot;0&quot;,&quot;credit&quot;:&quot;&quot;,&quot;camera&quot;:&quot;&quot;,&quot;caption&quot;:&quot;&quot;,&quot;created_timestamp&quot;:&quot;0&quot;,&quot;copyright&quot;:&quot;&quot;,&quot;focal_length&quot;:&quot;0&quot;,&quot;iso&quot;:&quot;0&quot;,&quot;shutter_speed&quot;:&quot;0&quot;,&quot;title&quot;:&quot;&quot;,&quot;orientation&quot;:&quot;1&quot;}\" data-image-title=\"alcalde elota sinaloa silla presidencial\" data-image-description=\"&lt;p&gt;alcalde elota sinaloa silla presidencial&lt;\/p&gt;\" data-image-caption=\"&lt;p&gt;Richard Mill\u00e1n y su silla presidencial \/ Foto: Facebook\/RichardMillanMx&lt;\/p&gt;\n\" data-medium-file=\"https:\/\/www.sopitas.com\/wp-content\/uploads\/2025\/01\/alcalde-elota-sinaloa-silla-presidencial.jpg?resize=300,156\" data-large-file=\"https:\/\/www.sopitas.com\/wp-content\/uploads\/2025\/01\/alcalde-elota-sinaloa-silla-presidencial.jpg?resize=1024,531\" \/><p id=\"caption-attachment-1782581\" class=\"wp-caption-text\">Richard Mill\u00e1n y su silla presidencial \/ Foto: Facebook\/RichardMillanMx<\/p><\/div>\n<p class=\"wp-block-image size-large\"><span style=\"font-family: -apple-system, BlinkMacSystemFont, 'Segoe UI', Roboto, Oxygen-Sans, Ubuntu, Cantarell, 'Helvetica Neue', sans-serif; font-size: 2.441em; font-weight: bold;\">La silla es r\u00e9plica de la silla presidencial de Benito Ju\u00e1rez<\/span><\/p>\n<p data-mrf-recirculation=\"Links art\u00edculo\">Una r\u00e9plica, mejor dicho\u2026 una que presumi\u00f3 que le fue entregada el pasado 24 de enero, d\u00eda en que cumple a\u00f1os. Seg\u00fan el alcalde de Elota, el \u201cdetallito\u201d le fue dado por un tal H\u00e9ctor Retamoza.<\/p>\n<div class=\"newspack_global_ad single_in_content_2\">\n<div id=\"div-gpt-ad-48b4e3bf5c-0\"><\/div>\n<\/div>\n<p data-mrf-recirculation=\"Links art\u00edculo\">Seg\u00fan se puede ver (y as\u00ed lo notaron quienes aplaudieron el ostentoso detalle), la sillota que ahora forma parte del inmobiliario de la oficina en la que despacha Richard Mill\u00e1n (nombre del mentado alcalde) es \u201csimilar\u201d a la silla presidencial que le fue regalada en 1867 a Benito Ju\u00e1rez\u2026 claro, c<strong>on la diferencia que Ju\u00e1rez recibi\u00f3 tremenda sillota siendo presidente y de parte de la Escuela de Artes y Oficios.<\/strong><\/p>\n<figure class=\"wp-block-image size-large\">\n<p><div id=\"attachment_1782582\" style=\"width: 810px\" class=\"wp-caption alignnone\"><img loading=\"lazy\" decoding=\"async\" aria-describedby=\"caption-attachment-1782582\" class=\"wp-image-1782582\" style=\"box-sizing: border-box; height: auto; max-width: 100%; border-style: none; position: relative; vertical-align: bottom; display: block;\" src=\"https:\/\/www.sopitas.com\/wp-content\/uploads\/2025\/01\/silla-presidencial-benito-juarez.jpg?resize=683,1024\" sizes=\"auto, (max-width: 800px) 100vw, 800px\" srcset=\"https:\/\/www.sopitas.com\/wp-content\/uploads\/2025\/01\/silla-presidencial-benito-juarez.jpg 800w, https:\/\/www.sopitas.com\/wp-content\/uploads\/2025\/01\/silla-presidencial-benito-juarez.jpg?resize=200,300 200w, https:\/\/www.sopitas.com\/wp-content\/uploads\/2025\/01\/silla-presidencial-benito-juarez.jpg?resize=768,1152 768w, https:\/\/www.sopitas.com\/wp-content\/uploads\/2025\/01\/silla-presidencial-benito-juarez.jpg?resize=683,1024 683w, https:\/\/www.sopitas.com\/wp-content\/uploads\/2025\/01\/silla-presidencial-benito-juarez.jpg?resize=600,900 600w, https:\/\/www.sopitas.com\/wp-content\/uploads\/2025\/01\/silla-presidencial-benito-juarez.jpg?resize=400,600 400w, https:\/\/www.sopitas.com\/wp-content\/uploads\/2025\/01\/silla-presidencial-benito-juarez.jpg?resize=720,1080 720w\" alt=\"silla presidencial benito juarez\" width=\"800\" height=\"1200\" data-attachment-id=\"1782582\" data-permalink=\"https:\/\/www.sopitas.com\/noticias\/alcalde-elota-sinaloa-silla-presidencial-richard-millan\/attachment\/silla-presidencial-benito-juarez\/\" data-orig-file=\"https:\/\/www.sopitas.com\/wp-content\/uploads\/2025\/01\/silla-presidencial-benito-juarez.jpg\" data-orig-size=\"800,1200\" data-comments-opened=\"1\" data-image-meta=\"{&quot;aperture&quot;:&quot;0&quot;,&quot;credit&quot;:&quot;&quot;,&quot;camera&quot;:&quot;&quot;,&quot;caption&quot;:&quot;&quot;,&quot;created_timestamp&quot;:&quot;0&quot;,&quot;copyright&quot;:&quot;&quot;,&quot;focal_length&quot;:&quot;0&quot;,&quot;iso&quot;:&quot;0&quot;,&quot;shutter_speed&quot;:&quot;0&quot;,&quot;title&quot;:&quot;&quot;,&quot;orientation&quot;:&quot;0&quot;}\" data-image-title=\"silla presidencial benito juarez\" data-image-description=\"&lt;p&gt;silla presidencial benito juarez&lt;\/p&gt;\" data-image-caption=\"&lt;p&gt;Silla presidencial de Benito Ju\u00e1rez \/ Foto: Museo Nacional de Historia, Castillo de Chapultepec &lt;\/p&gt;\n\" data-medium-file=\"https:\/\/www.sopitas.com\/wp-content\/uploads\/2025\/01\/silla-presidencial-benito-juarez.jpg?resize=200,300\" data-large-file=\"https:\/\/www.sopitas.com\/wp-content\/uploads\/2025\/01\/silla-presidencial-benito-juarez.jpg?resize=683,1024\" \/><p id=\"caption-attachment-1782582\" class=\"wp-caption-text\">Silla presidencial de Benito Ju\u00e1rez \/ Foto: Museo Nacional de Historia, Castillo de Chapultepec<\/p><\/div><figcaption class=\"wp-element-caption\"><\/figcaption>La \u00fanica diferencia que puede haber entre la silla \u201cpresidencial\u201d del alcalde de Elota y la de Benito Ju\u00e1rez (adem\u00e1s de la calidad) es el color de la tela: mientras que la de Richard Mill\u00e1n es color azul, la del Benem\u00e9rito de las Am\u00e9ricas es rojita.<\/figure>\n<h2 id=\"h-el-alcalde-de-elota-decoro-su-oficina-con-mobiliario-estilo-imperio\" class=\"wp-block-heading\">El alcalde de Elota decor\u00f3 su oficina con mobiliario \u201cestilo imperio\u201d<\/h2>\n<p data-mrf-recirculation=\"Links art\u00edculo\">La silla presidencial que ni Obama tiene (y ni Sheinbaum y eso que despacha en Palacio Nacional) le fue regalada a Richard Mill\u00e1n luego de que,\u00a0<strong>hace unos d\u00edas, le fueran criticadas no s\u00f3lo las sillas, sino todos los muebles que tiene en su oficina\u2026\u00a0<\/strong><\/p>\n<p data-mrf-recirculation=\"Links art\u00edculo\">Las sillas que ten\u00eda en su despacho eran \u201costentosas\u201d por decirlo de uno forma (fueron descritas como \u201cestilo imperio\u201d). Ante las cr\u00edticas,\u00a0<strong>se aclar\u00f3 que el nuevo mobiliario (lleg\u00f3 al poder en 2024) no hab\u00eda sido adquirido con dinero del erario\u2026 sino que el alcalde de Elota las llev\u00f3 de un spa de su propiedad.\u00a0<\/strong><\/p>\n<div class=\"newspack_global_ad single_in_content_3\">\n<div id=\"div-gpt-ad-79ad496954-0\"><\/div>\n<\/div>\n<figure class=\"wp-block-image size-large\">\n<p><div id=\"attachment_1782583\" style=\"width: 1130px\" class=\"wp-caption alignnone\"><img loading=\"lazy\" decoding=\"async\" aria-describedby=\"caption-attachment-1782583\" class=\"wp-image-1782583\" style=\"box-sizing: border-box; height: auto; max-width: 100%; border-style: none; position: relative; contain-intrinsic-size: 3000px 1500px; vertical-align: bottom; display: block;\" src=\"https:\/\/www.sopitas.com\/wp-content\/uploads\/2025\/01\/alcalde-elota-sinaloa-silla-presidencial-2.jpg?resize=1024,530\" sizes=\"auto, (max-width: 1120px) 100vw, 1120px\" srcset=\"https:\/\/www.sopitas.com\/wp-content\/uploads\/2025\/01\/alcalde-elota-sinaloa-silla-presidencial-2.jpg 1120w, https:\/\/www.sopitas.com\/wp-content\/uploads\/2025\/01\/alcalde-elota-sinaloa-silla-presidencial-2.jpg?resize=300,155 300w, https:\/\/www.sopitas.com\/wp-content\/uploads\/2025\/01\/alcalde-elota-sinaloa-silla-presidencial-2.jpg?resize=768,398 768w, https:\/\/www.sopitas.com\/wp-content\/uploads\/2025\/01\/alcalde-elota-sinaloa-silla-presidencial-2.jpg?resize=1024,530 1024w, https:\/\/www.sopitas.com\/wp-content\/uploads\/2025\/01\/alcalde-elota-sinaloa-silla-presidencial-2.jpg?resize=591,307 591w, https:\/\/www.sopitas.com\/wp-content\/uploads\/2025\/01\/alcalde-elota-sinaloa-silla-presidencial-2.jpg?resize=400,207 400w, https:\/\/www.sopitas.com\/wp-content\/uploads\/2025\/01\/alcalde-elota-sinaloa-silla-presidencial-2.jpg?resize=1080,559 1080w\" alt=\"alcalde elota sinaloa silla presidencial 2\" width=\"1120\" height=\"580\" data-attachment-id=\"1782583\" data-permalink=\"https:\/\/www.sopitas.com\/noticias\/alcalde-elota-sinaloa-silla-presidencial-richard-millan\/attachment\/alcalde-elota-sinaloa-silla-presidencial-2\/\" data-orig-file=\"https:\/\/www.sopitas.com\/wp-content\/uploads\/2025\/01\/alcalde-elota-sinaloa-silla-presidencial-2.jpg\" data-orig-size=\"1120,580\" data-comments-opened=\"1\" data-image-meta=\"{&quot;aperture&quot;:&quot;0&quot;,&quot;credit&quot;:&quot;&quot;,&quot;camera&quot;:&quot;&quot;,&quot;caption&quot;:&quot;&quot;,&quot;created_timestamp&quot;:&quot;0&quot;,&quot;copyright&quot;:&quot;&quot;,&quot;focal_length&quot;:&quot;0&quot;,&quot;iso&quot;:&quot;0&quot;,&quot;shutter_speed&quot;:&quot;0&quot;,&quot;title&quot;:&quot;&quot;,&quot;orientation&quot;:&quot;1&quot;}\" data-image-title=\"alcalde elota sinaloa silla presidencial 2\" data-image-description=\"&lt;p&gt;alcalde elota sinaloa silla presidencial 2&lt;\/p&gt;\" data-image-caption=\"&lt;p&gt;Mobiliario \u201cestilo impero\u201d del alcalde de Elota, Sinaloa \/ Foto: Facebook\/RichardMillanMx&lt;\/p&gt;\n\" data-medium-file=\"https:\/\/www.sopitas.com\/wp-content\/uploads\/2025\/01\/alcalde-elota-sinaloa-silla-presidencial-2.jpg?resize=300,155\" data-large-file=\"https:\/\/www.sopitas.com\/wp-content\/uploads\/2025\/01\/alcalde-elota-sinaloa-silla-presidencial-2.jpg?resize=1024,530\" \/><p id=\"caption-attachment-1782583\" class=\"wp-caption-text\">Mobiliario \u201cestilo impero\u201d del alcalde de Elota, Sinaloa \/ Foto: Facebook\/RichardMillanMx<\/p><\/div><figcaption class=\"wp-element-caption\"><\/figcaption><\/figure>\n<p data-mrf-recirculation=\"Links art\u00edculo\">\u201c<em><strong>Le gusta a \u00e9l lo llamativo (\u2026) cuando lleg\u00f3 a la oficina estaba triste, no s\u00e9 si conozcan el despacho de la presidencia municipal, pero m\u00e1s all\u00e1 de eso, deseamos que el presidente municipal de Elota siga cumpliendo\u201d<\/strong><\/em>, coment\u00f3 el dirigente de Movimiento Ciudadano\u00a0 en Sinaloa.<\/p>\n<p data-mrf-recirculation=\"Links art\u00edculo\">Pues sali\u00f3\u00a0<em>pior:\u00a0<\/em>de tener un mobiliario estilo imperio, ahora qued\u00f3 con una silla que es s\u00edmbolo del poder Ejecutivo\u2026 y, sin menospreciar,<strong>\u00a0pero una silla as\u00ed para el alcalde de un municipio sinaloense, como que no va\u2026 Repetimos: ni Sheinbaum.<\/strong><\/p>\n<figure class=\"wp-block-image size-large\">\n<p><div id=\"attachment_1782584\" style=\"width: 1130px\" class=\"wp-caption alignnone\"><img loading=\"lazy\" decoding=\"async\" aria-describedby=\"caption-attachment-1782584\" class=\"wp-image-1782584\" style=\"box-sizing: border-box; height: auto; max-width: 100%; border-style: none; position: relative; contain-intrinsic-size: 3000px 1500px; vertical-align: bottom; display: block;\" src=\"https:\/\/www.sopitas.com\/wp-content\/uploads\/2025\/01\/silla-presidencial-sheinbaum.jpg?resize=1024,530\" sizes=\"auto, (max-width: 1120px) 100vw, 1120px\" srcset=\"https:\/\/www.sopitas.com\/wp-content\/uploads\/2025\/01\/silla-presidencial-sheinbaum.jpg 1120w, https:\/\/www.sopitas.com\/wp-content\/uploads\/2025\/01\/silla-presidencial-sheinbaum.jpg?resize=300,155 300w, https:\/\/www.sopitas.com\/wp-content\/uploads\/2025\/01\/silla-presidencial-sheinbaum.jpg?resize=768,398 768w, https:\/\/www.sopitas.com\/wp-content\/uploads\/2025\/01\/silla-presidencial-sheinbaum.jpg?resize=1024,530 1024w, https:\/\/www.sopitas.com\/wp-content\/uploads\/2025\/01\/silla-presidencial-sheinbaum.jpg?resize=591,307 591w, https:\/\/www.sopitas.com\/wp-content\/uploads\/2025\/01\/silla-presidencial-sheinbaum.jpg?resize=400,207 400w, https:\/\/www.sopitas.com\/wp-content\/uploads\/2025\/01\/silla-presidencial-sheinbaum.jpg?resize=1080,559 1080w\" alt=\"Silla presidencial de Claudia Sheinbaum\" width=\"1120\" height=\"580\" data-attachment-id=\"1782584\" data-permalink=\"https:\/\/www.sopitas.com\/noticias\/alcalde-elota-sinaloa-silla-presidencial-richard-millan\/attachment\/screenshot-1532\/\" data-orig-file=\"https:\/\/www.sopitas.com\/wp-content\/uploads\/2025\/01\/silla-presidencial-sheinbaum.jpg\" data-orig-size=\"1120,580\" data-comments-opened=\"1\" data-image-meta=\"{&quot;aperture&quot;:&quot;0&quot;,&quot;credit&quot;:&quot;&quot;,&quot;camera&quot;:&quot;&quot;,&quot;caption&quot;:&quot;Screenshot&quot;,&quot;created_timestamp&quot;:&quot;0&quot;,&quot;copyright&quot;:&quot;&quot;,&quot;focal_length&quot;:&quot;0&quot;,&quot;iso&quot;:&quot;0&quot;,&quot;shutter_speed&quot;:&quot;0&quot;,&quot;title&quot;:&quot;Screenshot&quot;,&quot;orientation&quot;:&quot;1&quot;}\" data-image-title=\"Silla presidencial de Claudia Sheinbaum\" data-image-description=\"&lt;p&gt;Silla presidencial de Claudia Sheinbaum&lt;\/p&gt;\" data-image-caption=\"&lt;p&gt;Silla presidencial de Claudia Sheinbaum \/ Captura de pantalla (video: Presidencia)&lt;\/p&gt;\n\" data-medium-file=\"https:\/\/www.sopitas.com\/wp-content\/uploads\/2025\/01\/silla-presidencial-sheinbaum.jpg?resize=300,155\" data-large-file=\"https:\/\/www.sopitas.com\/wp-content\/uploads\/2025\/01\/silla-presidencial-sheinbaum.jpg?resize=1024,530\" \/><p id=\"caption-attachment-1782584\" class=\"wp-caption-text\">Silla presidencial de Claudia Sheinbaum \/ Captura de pantalla (video: Presidencia)<\/p><\/div><figcaption class=\"wp-element-caption\">Con informaci\u00f3n de Sopitas\u00a0<\/figcaption><\/figure>\n","protected":false},"excerpt":{"rendered":"<p>by\u00a0Sopibecario Cu\u00e1ntas veces uno se entera de lo que hacen los pol\u00edticos y exclama \u201c\u00bfest\u00e1 viendo y no ve?\u201d Pues va una m\u00e1s, porque\u00a0el alcalde de Elota, Sinaloa, no ve broncas en presumir que (des)atiende desde una silla presidencial\u2026\u00a0s\u00edmbolo del poder Ejecutivo. La silla es r\u00e9plica de la silla presidencial de Benito Ju\u00e1rez Una r\u00e9plica, mejor dicho\u2026 una que presumi\u00f3 que le fue entregada el pasado 24 de enero, d\u00eda en que cumple a\u00f1os. Seg\u00fan el alcalde de Elota, el \u201cdetallito\u201d le fue dado por un tal H\u00e9ctor Retamoza. Seg\u00fan se puede ver (y as\u00ed lo notaron quienes aplaudieron el [&hellip;]<\/p>\n","protected":false},"author":3,"featured_media":113284,"comment_status":"open","ping_status":"open","sticky":false,"template":"","format":"standard","meta":{"_jetpack_newsletter_access":"","_jetpack_dont_email_post_to_subs":false,"_jetpack_newsletter_tier_id":0,"_jetpack_memberships_contains_paywalled_content":false,"_jetpack_feature_clip_id":0,"_jetpack_memberships_contains_paid_content":false,"footnotes":"","jetpack_publicize_message":"","jetpack_publicize_feature_enabled":true,"jetpack_social_post_already_shared":true,"jetpack_social_options":{"image_generator_settings":{"template":"highway","default_image_id":0,"font":"","enabled":false},"version":2},"jetpack_post_was_ever_published":false},"categories":[90,72],"tags":[],"class_list":["post-113280","post","type-post","status-publish","format-standard","has-post-thumbnail","hentry","category-estatal","category-portada","post--single"],"jetpack_publicize_connections":[],"jetpack_featured_media_url":"https:\/\/ovelanalista.com\/wp-content\/uploads\/2025\/01\/alcalde-elota-sinaloa-silla-presidencial-1.webp","jetpack_sharing_enabled":true,"_links":{"self":[{"href":"https:\/\/ovelanalista.com\/index.php?rest_route=\/wp\/v2\/posts\/113280","targetHints":{"allow":["GET"]}}],"collection":[{"href":"https:\/\/ovelanalista.com\/index.php?rest_route=\/wp\/v2\/posts"}],"about":[{"href":"https:\/\/ovelanalista.com\/index.php?rest_route=\/wp\/v2\/types\/post"}],"author":[{"embeddable":true,"href":"https:\/\/ovelanalista.com\/index.php?rest_route=\/wp\/v2\/users\/3"}],"replies":[{"embeddable":true,"href":"https:\/\/ovelanalista.com\/index.php?rest_route=%2Fwp%2Fv2%2Fcomments&post=113280"}],"version-history":[{"count":1,"href":"https:\/\/ovelanalista.com\/index.php?rest_route=\/wp\/v2\/posts\/113280\/revisions"}],"predecessor-version":[{"id":113285,"href":"https:\/\/ovelanalista.com\/index.php?rest_route=\/wp\/v2\/posts\/113280\/revisions\/113285"}],"wp:featuredmedia":[{"embeddable":true,"href":"https:\/\/ovelanalista.com\/index.php?rest_route=\/wp\/v2\/media\/113284"}],"wp:attachment":[{"href":"https:\/\/ovelanalista.com\/index.php?rest_route=%2Fwp%2Fv2%2Fmedia&parent=113280"}],"wp:term":[{"taxonomy":"category","embeddable":true,"href":"https:\/\/ovelanalista.com\/index.php?rest_route=%2Fwp%2Fv2%2Fcategories&post=113280"},{"taxonomy":"post_tag","embeddable":true,"href":"https:\/\/ovelanalista.com\/index.php?rest_route=%2Fwp%2Fv2%2Ftags&post=113280"}],"curies":[{"name":"wp","href":"https:\/\/api.w.org\/{rel}","templated":true}]}}