{"id":113286,"date":"2025-01-30T12:30:11","date_gmt":"2025-01-30T19:30:11","guid":{"rendered":"https:\/\/ovelanalista.com\/?p=113286"},"modified":"2025-01-30T12:30:11","modified_gmt":"2025-01-30T19:30:11","slug":"hombres-armados-atacan-viviendas-en-culiacan-e-incendian-una","status":"publish","type":"post","link":"https:\/\/ovelanalista.com\/?p=113286","title":{"rendered":"Hombres armados atacan viviendas en Culiac\u00e1n e incendian una"},"content":{"rendered":"<div class=\"news-excerpt\">\n<p>Sinaloa: Dos viviendas fueron atacadas a balazos, una de ellas, edificada en forma improvisada con madera y cart\u00f3n, fue incendiad.<\/p>\n<p>Sinaloa registr\u00f3 m\u00e1s ataques, ahora contra dos viviendas en Culiac\u00e1n, donde una persona perdi\u00f3 la vida. As\u00ed fueron los hechos:<\/p>\n<p><mark><strong>En hechos distintos registrados en la capital del estado, dos viviendas fueron atacadas a balazos<\/strong><\/mark>, una de ellas, edificada en forma improvisada con madera y cart\u00f3n, fue incendiada,\u00a0<mark><strong>luego de privar de la vida a la persona que la habita, por lo que el cuerpo fue encontrado calcinado<\/strong><\/mark>.<\/p>\n<p>Las autoridades de seguridad fueron alertadas que\u00a0<strong>hombres armados dispararon contra la vivienda que se ubica en un espacio abierto<\/strong>, muy cerca de los l\u00edmites con el fraccionamiento Punta Azul, luego estos le prendieron fuego.<\/p>\n<p>Elementos de la Polic\u00eda Estatal Preventiva y del Ej\u00e9rcito que se presentaron al lugar certificaron que en los restos de la vivienda edificada en forma provisional con madera y cartones, se encontraba el cuerpo de una persona calcinada.<\/p>\n<div id=\"standard_6\" class=\"st-placement standard_6 inArticle\">\n<div class=\"st-adunit-inarticle st-inarticle-slot\">\n<div class=\"st-adunit st-adunit-tagged st-reset st-show\">\n<div class=\"st-adunit-ad st-reset\">\n<div class=\"st-display-render st-reset open 970x250\">\n<div class=\"x-to-close st-reset\">\n<p>De acuerdo a los datos que se conocen, los peritos de la Fiscal\u00eda General del Estado\u00a0<strong>recopilaron casquillos percutidos de rifles autom\u00e1ticos<\/strong>, por lo que se iniciaron los trabajos forenses para poder identificar a la v\u00edctima.<\/p>\n<p>En la avenida Batalla de Puebla, en la colonia 21 de Marzo,\u00a0<strong>una vivienda de dos pisos<\/strong>, la cual presuntamente pertenece a uno de los dos polic\u00edas que fueron asesinados, en una emboscada en la avenida M\u00e9xico 68, fue blanco de\u00a0<strong>disparos de armas de fuego, cuyos impactos causaron da\u00f1os a ventanas y puertas<\/strong>.<\/p>\n<p>Los vecinos reportaron a la l\u00ednea de emergencia que hombres armados que llegaron en dos veh\u00edculos, luego de descender de sus unidades dispararon en varias ocasiones contra la fachada del inmueble, cuyos habitantes tienen m\u00e1s de una semana que no la visitan.<\/p>\n<\/div>\n<p>Con informaci\u00f3n de Informador<\/p>\n<\/div>\n<\/div>\n<\/div>\n<\/div>\n<\/div>\n<\/div>\n","protected":false},"excerpt":{"rendered":"<p>Sinaloa: Dos viviendas fueron atacadas a balazos, una de ellas, edificada en forma improvisada con madera y cart\u00f3n, fue incendiad. Sinaloa registr\u00f3 m\u00e1s ataques, ahora contra dos viviendas en Culiac\u00e1n, donde una persona perdi\u00f3 la vida. As\u00ed fueron los hechos: En hechos distintos registrados en la capital del estado, dos viviendas fueron atacadas a balazos, una de ellas, edificada en forma improvisada con madera y cart\u00f3n, fue incendiada,\u00a0luego de privar de la vida a la persona que la habita, por lo que el cuerpo fue encontrado calcinado. Las autoridades de seguridad fueron alertadas que\u00a0hombres armados dispararon contra la vivienda que [&hellip;]<\/p>\n","protected":false},"author":3,"featured_media":113288,"comment_status":"open","ping_status":"open","sticky":false,"template":"","format":"standard","meta":{"_jetpack_newsletter_access":"","_jetpack_dont_email_post_to_subs":false,"_jetpack_newsletter_tier_id":0,"_jetpack_memberships_contains_paywalled_content":false,"_jetpack_feature_clip_id":0,"_jetpack_memberships_contains_paid_content":false,"footnotes":"","jetpack_publicize_message":"","jetpack_publicize_feature_enabled":true,"jetpack_social_post_already_shared":true,"jetpack_social_options":{"image_generator_settings":{"template":"highway","default_image_id":0,"font":"","enabled":false},"version":2},"jetpack_post_was_ever_published":false},"categories":[90,72],"tags":[],"class_list":["post-113286","post","type-post","status-publish","format-standard","has-post-thumbnail","hentry","category-estatal","category-portada","post--single"],"jetpack_publicize_connections":[],"jetpack_featured_media_url":"https:\/\/ovelanalista.com\/wp-content\/uploads\/2025\/01\/web_canva_version1738249869863.png_1970638775.webp","jetpack_sharing_enabled":true,"_links":{"self":[{"href":"https:\/\/ovelanalista.com\/index.php?rest_route=\/wp\/v2\/posts\/113286","targetHints":{"allow":["GET"]}}],"collection":[{"href":"https:\/\/ovelanalista.com\/index.php?rest_route=\/wp\/v2\/posts"}],"about":[{"href":"https:\/\/ovelanalista.com\/index.php?rest_route=\/wp\/v2\/types\/post"}],"author":[{"embeddable":true,"href":"https:\/\/ovelanalista.com\/index.php?rest_route=\/wp\/v2\/users\/3"}],"replies":[{"embeddable":true,"href":"https:\/\/ovelanalista.com\/index.php?rest_route=%2Fwp%2Fv2%2Fcomments&post=113286"}],"version-history":[{"count":1,"href":"https:\/\/ovelanalista.com\/index.php?rest_route=\/wp\/v2\/posts\/113286\/revisions"}],"predecessor-version":[{"id":113289,"href":"https:\/\/ovelanalista.com\/index.php?rest_route=\/wp\/v2\/posts\/113286\/revisions\/113289"}],"wp:featuredmedia":[{"embeddable":true,"href":"https:\/\/ovelanalista.com\/index.php?rest_route=\/wp\/v2\/media\/113288"}],"wp:attachment":[{"href":"https:\/\/ovelanalista.com\/index.php?rest_route=%2Fwp%2Fv2%2Fmedia&parent=113286"}],"wp:term":[{"taxonomy":"category","embeddable":true,"href":"https:\/\/ovelanalista.com\/index.php?rest_route=%2Fwp%2Fv2%2Fcategories&post=113286"},{"taxonomy":"post_tag","embeddable":true,"href":"https:\/\/ovelanalista.com\/index.php?rest_route=%2Fwp%2Fv2%2Ftags&post=113286"}],"curies":[{"name":"wp","href":"https:\/\/api.w.org\/{rel}","templated":true}]}}