{"id":113292,"date":"2025-01-30T16:13:50","date_gmt":"2025-01-30T23:13:50","guid":{"rendered":"https:\/\/ovelanalista.com\/?p=113292"},"modified":"2025-01-30T16:13:50","modified_gmt":"2025-01-30T23:13:50","slug":"en-sinaloa-hay-regiones-en-las-que-el-termometro-llego-a-0-grados-este-jueves","status":"publish","type":"post","link":"https:\/\/ovelanalista.com\/?p=113292","title":{"rendered":"En Sinaloa hay regiones en las que el term\u00f3metro lleg\u00f3 a 0 grados este jueves"},"content":{"rendered":"<div class=\"lead font-1 fs18\">El la franja serrana colindante con Chihuahua la temperatura podr\u00eda alcanzar los -6 grados cent\u00edgrados.<\/div>\n<div><\/div>\n<div>\n<p>En Sinaloa hay zonas en las que el term\u00f3metro alcanz\u00f3 los 0 grados cent\u00edgrados durante las primeras horas de este jueves 30 de enero.<\/p>\n<p>De acuerdo con el experto en geof\u00edsica aplicada Juan Espinosa Luna, que advirti\u00f3 que las temperaturas g\u00e9lidas permanecer\u00e1n en el estado debido al frente fr\u00edo 25.<\/p>\n<p>Se\u00f1al\u00f3 que las zonas con mayor temperatura ser\u00e1n las zonas del sur del Estado, pues en Concordia, Rosario, Mazatl\u00e1n y Escuinapa la sensaci\u00f3n t\u00e9rmica en el punto m\u00e1s fr\u00edo de la jornada ser\u00e1 de 12 grados.<\/p>\n<p>En la regi\u00f3n centro de Sinaloa las temperaturas ir\u00e1n de los 4 grados en el valle, 6 grados en las ciudades y 8 grados en las zonas costeras.<\/p>\n<p>Pero la temperatura m\u00e1s fr\u00eda ser\u00e1 en la zona norte de Sinaloa, alcanzando incluso los -6 grados cent\u00edgrados en las zonas colindantes con Chihuahua.<\/p>\n<p>Espinosa Luna comparti\u00f3 una imagen que registraba que a las 5:00 horas hab\u00eda una temperatura de 2.5 grados cent\u00edgrados en el sector Genaro Estrada, ubicado en la regi\u00f3n del \u00c9vora.<\/p>\n<div data-google-query-id=\"COCps-eXnosDFcCGpgQd1bcUNA\">Con informaci\u00f3n de Norte de Sinaloa<\/div>\n<\/div>\n","protected":false},"excerpt":{"rendered":"<p>El la franja serrana colindante con Chihuahua la temperatura podr\u00eda alcanzar los -6 grados cent\u00edgrados. En Sinaloa hay zonas en las que el term\u00f3metro alcanz\u00f3 los 0 grados cent\u00edgrados durante las primeras horas de este jueves 30 de enero. De acuerdo con el experto en geof\u00edsica aplicada Juan Espinosa Luna, que advirti\u00f3 que las temperaturas g\u00e9lidas permanecer\u00e1n en el estado debido al frente fr\u00edo 25. Se\u00f1al\u00f3 que las zonas con mayor temperatura ser\u00e1n las zonas del sur del Estado, pues en Concordia, Rosario, Mazatl\u00e1n y Escuinapa la sensaci\u00f3n t\u00e9rmica en el punto m\u00e1s fr\u00edo de la jornada ser\u00e1 de 12 [&hellip;]<\/p>\n","protected":false},"author":3,"featured_media":113297,"comment_status":"open","ping_status":"open","sticky":false,"template":"","format":"standard","meta":{"_jetpack_newsletter_access":"","_jetpack_dont_email_post_to_subs":false,"_jetpack_newsletter_tier_id":0,"_jetpack_memberships_contains_paywalled_content":false,"_jetpack_feature_clip_id":0,"_jetpack_memberships_contains_paid_content":false,"footnotes":"","jetpack_publicize_message":"","jetpack_publicize_feature_enabled":true,"jetpack_social_post_already_shared":true,"jetpack_social_options":{"image_generator_settings":{"template":"highway","default_image_id":0,"font":"","enabled":false},"version":2},"jetpack_post_was_ever_published":false},"categories":[90,72],"tags":[],"class_list":["post-113292","post","type-post","status-publish","format-standard","has-post-thumbnail","hentry","category-estatal","category-portada","post--single"],"jetpack_publicize_connections":[],"jetpack_featured_media_url":"https:\/\/ovelanalista.com\/wp-content\/uploads\/2025\/01\/termometro.webp","jetpack_sharing_enabled":true,"_links":{"self":[{"href":"https:\/\/ovelanalista.com\/index.php?rest_route=\/wp\/v2\/posts\/113292","targetHints":{"allow":["GET"]}}],"collection":[{"href":"https:\/\/ovelanalista.com\/index.php?rest_route=\/wp\/v2\/posts"}],"about":[{"href":"https:\/\/ovelanalista.com\/index.php?rest_route=\/wp\/v2\/types\/post"}],"author":[{"embeddable":true,"href":"https:\/\/ovelanalista.com\/index.php?rest_route=\/wp\/v2\/users\/3"}],"replies":[{"embeddable":true,"href":"https:\/\/ovelanalista.com\/index.php?rest_route=%2Fwp%2Fv2%2Fcomments&post=113292"}],"version-history":[{"count":1,"href":"https:\/\/ovelanalista.com\/index.php?rest_route=\/wp\/v2\/posts\/113292\/revisions"}],"predecessor-version":[{"id":113298,"href":"https:\/\/ovelanalista.com\/index.php?rest_route=\/wp\/v2\/posts\/113292\/revisions\/113298"}],"wp:featuredmedia":[{"embeddable":true,"href":"https:\/\/ovelanalista.com\/index.php?rest_route=\/wp\/v2\/media\/113297"}],"wp:attachment":[{"href":"https:\/\/ovelanalista.com\/index.php?rest_route=%2Fwp%2Fv2%2Fmedia&parent=113292"}],"wp:term":[{"taxonomy":"category","embeddable":true,"href":"https:\/\/ovelanalista.com\/index.php?rest_route=%2Fwp%2Fv2%2Fcategories&post=113292"},{"taxonomy":"post_tag","embeddable":true,"href":"https:\/\/ovelanalista.com\/index.php?rest_route=%2Fwp%2Fv2%2Ftags&post=113292"}],"curies":[{"name":"wp","href":"https:\/\/api.w.org\/{rel}","templated":true}]}}