{"id":113296,"date":"2025-01-30T16:19:30","date_gmt":"2025-01-30T23:19:30","guid":{"rendered":"https:\/\/ovelanalista.com\/?p=113296"},"modified":"2025-01-30T16:19:30","modified_gmt":"2025-01-30T23:19:30","slug":"gobernador-de-sinaloa-entrego-obras-que-atienden-las-demandas-de-la-poblacion","status":"publish","type":"post","link":"https:\/\/ovelanalista.com\/?p=113296","title":{"rendered":"Gobernador de Sinaloa entreg\u00f3 obras \u201cque atienden las demandas de la poblaci\u00f3n\u201d"},"content":{"rendered":"<header class=\"main-article--header\">\n<h2 class=\"bajada\">Rocha Moya y el alcalde Juan de Dios G\u00e1mez encabezaron la ceremonia inaugural.<\/h2>\n<\/header>\n<div class=\"margen-top1\"><\/div>\n<div class=\"main-article--body\">\n<p><strong>El gobernador de Sinaloa, Rub\u00e9n Rocha<\/strong>, hizo entrega de\u00a0<a href=\"https:\/\/www.radioformula.com.mx\/nacional\/2025\/1\/29\/sinaloa-garantiza-permanencia-de-apoyos-directos-pequenos-comerciantes-850351.html\">tres obras de pavimentaci\u00f3n, una cancha de f\u00fatbol y ba\u00f1os p\u00fablicos\u00a0<\/a>en el fraccionamiento\u00a0<em><strong>Finisterra<\/strong><\/em>\u00a0de\u00a0<strong>Culiac\u00e1n<\/strong>.<\/p>\n<blockquote><p>&#8220;Con el fin de mejorar la calidad y condiciones de vida de los habitantes&#8221;, afirm\u00f3<\/p>\n<div class=\"content-banner\"><\/div>\n<\/blockquote>\n<p class=\"image-align-center\"><img decoding=\"async\" class=\"i-amphtml-fill-content i-amphtml-replaced-content\" src=\"https:\/\/www.radioformula.com.mx\/u\/fotografias\/m\/2025\/1\/29\/f768x1-870492_870619_5050.png\" alt=\"\" \/><\/p>\n<p>Acompa\u00f1ado por el\u00a0<strong>presidente municipal Juan de Dios G\u00e1mez<\/strong>\u00a0y el\u00a0<strong>secretario de Obras P\u00fablicas del estado, Ra\u00fal Montero<\/strong>,\u00a0<strong>el gobernante\u00a0<\/strong>se\u00f1al\u00f3 que estos trabajos &#8220;<em>mejoran la imagen urbana, facilitan la movilidad y ofrecen seguridad a los habitantes del sector<\/em>&#8220;.<\/p>\n<div class=\"container\">\n<blockquote><p>&#8220;Adem\u00e1s, contribuyen al sano esparcimiento de los ni\u00f1os y j\u00f3venes de la zona&#8221;, reiter\u00f3<\/p>\n<div class=\"content-banner\"><\/div>\n<\/blockquote>\n<p><strong>El mandatario estatal<\/strong>\u00a0record\u00f3 que\u00a0<a href=\"https:\/\/www.radioformula.com.mx\/nacional\/2025\/1\/28\/sinaloa-destaca-como-destino-turistico-nacional-internacional-mireya-sosa-850127.html\">su administraci\u00f3n trabaja en m\u00e1s de 150 colonias y sindicaturas<\/a>, &#8220;<em>para que la gente viva mejor y por el bienestar de todos los sinaloenses<\/em>&#8220;.<\/p>\n<p><img decoding=\"async\" src=\"https:\/\/www.radioformula.com.mx\/u\/fotografias\/m\/2025\/1\/29\/f768x1-870492_870619_5050.png\" \/><\/p>\n<p>Reiter\u00f3 que estas obras &#8220;<em>tienen un comprometido sentido social<\/em>&#8220;, y que el\u00a0<strong>gobierno de Sinaloa\u00a0<\/strong>busca, adem\u00e1s, \u201c<em>embellecer las colonias y sindicaturas de la capital del estado<\/em>\u201d.<\/p>\n<blockquote><p>\u201cLos habitantes de Culiac\u00e1n tienen el mismo derecho de vivir en buenas condiciones, que quienes viven en El Salado, y en Quila, donde tambi\u00e9n estamos haciendo estos trabajos\u201d, afirm\u00f3 el gobernador<\/p><\/blockquote>\n<p>Adem\u00e1s,\u00a0<strong>Rocha Moya<\/strong>\u00a0se comprometi\u00f3 a construir canchas deportivas en tres colonias del sector, &#8220;<em>derivado de las peticiones hechas por los asistentes<\/em>&#8220;.<\/p>\n<p><iframe loading=\"lazy\" title=\"Hay que dar la batalla a Google sobre el Golfo de M\u00e9xico: Ciro\" width=\"1200\" height=\"675\" src=\"https:\/\/www.youtube.com\/embed\/rSxCxUH1g28?feature=oembed\" frameborder=\"0\" allow=\"accelerometer; autoplay; clipboard-write; encrypted-media; gyroscope; picture-in-picture; web-share\" referrerpolicy=\"strict-origin-when-cross-origin\" allowfullscreen><\/iframe><\/p>\n<p><strong>El alcalde de Culiac\u00e1n<\/strong>, afirm\u00f3 que trabaja para dar cabal cumplimiento a los compromisos que hizo durante su campa\u00f1a, y asegur\u00f3 que &#8220;<em>seguir\u00e1 recogiendo peticiones que beneficien a los habitantes<\/em>\u201d.<\/p>\n<h2><em><strong>Las obras<\/strong><\/em><\/h2>\n<p><strong>El secretario de Obras P\u00fablicas<\/strong>, detall\u00f3 que los trabajos de pavimentaci\u00f3n fueron realizados en una superficie de 9 mil 655 metros cuadrados, con una inversi\u00f3n de 2 millones 375 mil 277 pesos.<\/p>\n<p class=\"image-align-center\"><img decoding=\"async\" class=\"i-amphtml-fill-content i-amphtml-replaced-content\" src=\"https:\/\/www.radioformula.com.mx\/u\/fotografias\/m\/2025\/1\/29\/f768x1-870493_870620_5050.png\" alt=\"\" \/><\/p>\n<p>En representaci\u00f3n de las y los habitantes beneficiados,\u00a0<strong>Cornelio Ramos<\/strong>, reconoci\u00f3 &#8220;<em>el compromiso gubernamental para escuchar y atender las necesidades de la poblaci\u00f3n<\/em>&#8220;.<\/p>\n<div class=\"tags-cloud\">Con informaci\u00f3n de R\u00e1dio Formula<\/div>\n<\/div>\n<\/div>\n","protected":false},"excerpt":{"rendered":"<p>Rocha Moya y el alcalde Juan de Dios G\u00e1mez encabezaron la ceremonia inaugural. El gobernador de Sinaloa, Rub\u00e9n Rocha, hizo entrega de\u00a0tres obras de pavimentaci\u00f3n, una cancha de f\u00fatbol y ba\u00f1os p\u00fablicos\u00a0en el fraccionamiento\u00a0Finisterra\u00a0de\u00a0Culiac\u00e1n. &#8220;Con el fin de mejorar la calidad y condiciones de vida de los habitantes&#8221;, afirm\u00f3 Acompa\u00f1ado por el\u00a0presidente municipal Juan de Dios G\u00e1mez\u00a0y el\u00a0secretario de Obras P\u00fablicas del estado, Ra\u00fal Montero,\u00a0el gobernante\u00a0se\u00f1al\u00f3 que estos trabajos &#8220;mejoran la imagen urbana, facilitan la movilidad y ofrecen seguridad a los habitantes del sector&#8220;. &#8220;Adem\u00e1s, contribuyen al sano esparcimiento de los ni\u00f1os y j\u00f3venes de la zona&#8221;, reiter\u00f3 El mandatario [&hellip;]<\/p>\n","protected":false},"author":3,"featured_media":113300,"comment_status":"open","ping_status":"open","sticky":false,"template":"","format":"standard","meta":{"_jetpack_newsletter_access":"","_jetpack_dont_email_post_to_subs":false,"_jetpack_newsletter_tier_id":0,"_jetpack_memberships_contains_paywalled_content":false,"_jetpack_feature_clip_id":0,"_jetpack_memberships_contains_paid_content":false,"footnotes":"","jetpack_publicize_message":"","jetpack_publicize_feature_enabled":true,"jetpack_social_post_already_shared":true,"jetpack_social_options":{"image_generator_settings":{"template":"highway","default_image_id":0,"font":"","enabled":false},"version":2},"jetpack_post_was_ever_published":false},"categories":[90,72],"tags":[],"class_list":["post-113296","post","type-post","status-publish","format-standard","has-post-thumbnail","hentry","category-estatal","category-portada","post--single"],"jetpack_publicize_connections":[],"jetpack_featured_media_url":"https:\/\/ovelanalista.com\/wp-content\/uploads\/2025\/01\/Captura-de-Pantalla-2025-01-30-a-las-16.16.27.png","jetpack_sharing_enabled":true,"_links":{"self":[{"href":"https:\/\/ovelanalista.com\/index.php?rest_route=\/wp\/v2\/posts\/113296","targetHints":{"allow":["GET"]}}],"collection":[{"href":"https:\/\/ovelanalista.com\/index.php?rest_route=\/wp\/v2\/posts"}],"about":[{"href":"https:\/\/ovelanalista.com\/index.php?rest_route=\/wp\/v2\/types\/post"}],"author":[{"embeddable":true,"href":"https:\/\/ovelanalista.com\/index.php?rest_route=\/wp\/v2\/users\/3"}],"replies":[{"embeddable":true,"href":"https:\/\/ovelanalista.com\/index.php?rest_route=%2Fwp%2Fv2%2Fcomments&post=113296"}],"version-history":[{"count":1,"href":"https:\/\/ovelanalista.com\/index.php?rest_route=\/wp\/v2\/posts\/113296\/revisions"}],"predecessor-version":[{"id":113301,"href":"https:\/\/ovelanalista.com\/index.php?rest_route=\/wp\/v2\/posts\/113296\/revisions\/113301"}],"wp:featuredmedia":[{"embeddable":true,"href":"https:\/\/ovelanalista.com\/index.php?rest_route=\/wp\/v2\/media\/113300"}],"wp:attachment":[{"href":"https:\/\/ovelanalista.com\/index.php?rest_route=%2Fwp%2Fv2%2Fmedia&parent=113296"}],"wp:term":[{"taxonomy":"category","embeddable":true,"href":"https:\/\/ovelanalista.com\/index.php?rest_route=%2Fwp%2Fv2%2Fcategories&post=113296"},{"taxonomy":"post_tag","embeddable":true,"href":"https:\/\/ovelanalista.com\/index.php?rest_route=%2Fwp%2Fv2%2Ftags&post=113296"}],"curies":[{"name":"wp","href":"https:\/\/api.w.org\/{rel}","templated":true}]}}