{"id":113303,"date":"2025-01-30T16:45:19","date_gmt":"2025-01-30T23:45:19","guid":{"rendered":"https:\/\/ovelanalista.com\/?p=113303"},"modified":"2025-01-30T16:45:19","modified_gmt":"2025-01-30T23:45:19","slug":"atacan-a-balazos-casa-de-policia-municipal-asesinado-en-culiacan-sinaloa","status":"publish","type":"post","link":"https:\/\/ovelanalista.com\/?p=113303","title":{"rendered":"Atacan a balazos casa de polic\u00eda municipal asesinado en Culiac\u00e1n, Sinaloa"},"content":{"rendered":"<div class=\"nd-title-headline-title-headline-base\" data-cdn=\"https:\/\/www.milenio.com\/dist\/images\/placeholder\/300x352.jpg\">\n<h2 class=\"nd-title-headline-title-headline-base__abstract\">Se reportaron al menos 15 impactos visibles en la facha del domicilio, ubicado en la colonia 21 de Marzo.<\/h2>\n<\/div>\n<section class=\"nd-media-detail-base\">\n<div class=\"nd-media-detail-base__slide\">\n<div>Civiles armados atacaron a balazos la casa de un elemento de la Polic\u00eda Municipal de Culiac\u00e1n que fue asesinado hace una semana, en una agresi\u00f3n donde otro agente tambi\u00e9n muri\u00f3.<\/div>\n<div><\/div>\n<div>El atentado ocurri\u00f3 ayer, alrededor de las 16:40 horas, en la colonia 21 de Marzo, sobre la calle Batalla de Puebla, entre Jos\u00e9 Mar\u00eda Guti\u00e9rrez y Mariano Escobedo.<\/div>\n<\/div>\n<\/section>\n<div><\/div>\n<div>\n<div>De acuerdo con los primeros reportes, hombres armados acudieron al sitio y, sin mediar palabra, dispararon en repetidas ocasiones contra la fachada del domicilio, dejando al menos 15 impactos de bala visibles.<\/div>\n<div><\/div>\n<div>Trascendi\u00f3 que la casa pertenec\u00eda a Isidro, un polic\u00eda municipal que, junto con otro compa\u00f1ero, fueron asesinados el 23 de enero. Tres d\u00edas despu\u00e9s, se realiz\u00f3 un homenaje para ambos en las instalaciones de la corporaci\u00f3n, tras haber muerto en cumplimiento de su deber.<\/div>\n<div><\/div>\n<div>Habitantes del sector, alarmados por las fuertes detonaciones de armas largas, alertaron a las autoridades a trav\u00e9s del n\u00famero de emergencias.<\/div>\n<div><\/div>\n<div>Minutos despu\u00e9s, elementos de distintas corporaciones se movilizaron al lugar y acordonaron la zona en busca de indicios del ataque.<\/div>\n<div><\/div>\n<div>Hasta el momento, no se reportan personas lesionadas ni detenidos por esta nueva agresi\u00f3n, mientras que la Fiscal\u00eda General del Estado ya inici\u00f3 las investigaciones correspondientes para esclarecer el hecho.<\/div>\n<div><\/div>\n<div><\/div>\n<div>Con informaci\u00f3n de Milenio<\/div>\n<div><\/div>\n<\/div>\n<section class=\"nd-media-detail-base\">\n<div class=\"nd-media-detail-base__slide\">\n<div><\/div>\n<\/div>\n<\/section>\n","protected":false},"excerpt":{"rendered":"<p>Se reportaron al menos 15 impactos visibles en la facha del domicilio, ubicado en la colonia 21 de Marzo. Civiles armados atacaron a balazos la casa de un elemento de la Polic\u00eda Municipal de Culiac\u00e1n que fue asesinado hace una semana, en una agresi\u00f3n donde otro agente tambi\u00e9n muri\u00f3. El atentado ocurri\u00f3 ayer, alrededor de las 16:40 horas, en la colonia 21 de Marzo, sobre la calle Batalla de Puebla, entre Jos\u00e9 Mar\u00eda Guti\u00e9rrez y Mariano Escobedo. De acuerdo con los primeros reportes, hombres armados acudieron al sitio y, sin mediar palabra, dispararon en repetidas ocasiones contra la fachada del [&hellip;]<\/p>\n","protected":false},"author":3,"featured_media":110683,"comment_status":"open","ping_status":"open","sticky":false,"template":"","format":"standard","meta":{"_jetpack_newsletter_access":"","_jetpack_dont_email_post_to_subs":false,"_jetpack_newsletter_tier_id":0,"_jetpack_memberships_contains_paywalled_content":false,"_jetpack_feature_clip_id":0,"_jetpack_memberships_contains_paid_content":false,"footnotes":"","jetpack_publicize_message":"","jetpack_publicize_feature_enabled":true,"jetpack_social_post_already_shared":true,"jetpack_social_options":{"image_generator_settings":{"template":"highway","default_image_id":0,"font":"","enabled":false},"version":2},"jetpack_post_was_ever_published":false},"categories":[90,72],"tags":[],"class_list":["post-113303","post","type-post","status-publish","format-standard","has-post-thumbnail","hentry","category-estatal","category-portada","post--single"],"jetpack_publicize_connections":[],"jetpack_featured_media_url":"https:\/\/ovelanalista.com\/wp-content\/uploads\/2024\/12\/escena-del-crimen-cinta.webp","jetpack_sharing_enabled":true,"_links":{"self":[{"href":"https:\/\/ovelanalista.com\/index.php?rest_route=\/wp\/v2\/posts\/113303","targetHints":{"allow":["GET"]}}],"collection":[{"href":"https:\/\/ovelanalista.com\/index.php?rest_route=\/wp\/v2\/posts"}],"about":[{"href":"https:\/\/ovelanalista.com\/index.php?rest_route=\/wp\/v2\/types\/post"}],"author":[{"embeddable":true,"href":"https:\/\/ovelanalista.com\/index.php?rest_route=\/wp\/v2\/users\/3"}],"replies":[{"embeddable":true,"href":"https:\/\/ovelanalista.com\/index.php?rest_route=%2Fwp%2Fv2%2Fcomments&post=113303"}],"version-history":[{"count":1,"href":"https:\/\/ovelanalista.com\/index.php?rest_route=\/wp\/v2\/posts\/113303\/revisions"}],"predecessor-version":[{"id":113306,"href":"https:\/\/ovelanalista.com\/index.php?rest_route=\/wp\/v2\/posts\/113303\/revisions\/113306"}],"wp:featuredmedia":[{"embeddable":true,"href":"https:\/\/ovelanalista.com\/index.php?rest_route=\/wp\/v2\/media\/110683"}],"wp:attachment":[{"href":"https:\/\/ovelanalista.com\/index.php?rest_route=%2Fwp%2Fv2%2Fmedia&parent=113303"}],"wp:term":[{"taxonomy":"category","embeddable":true,"href":"https:\/\/ovelanalista.com\/index.php?rest_route=%2Fwp%2Fv2%2Fcategories&post=113303"},{"taxonomy":"post_tag","embeddable":true,"href":"https:\/\/ovelanalista.com\/index.php?rest_route=%2Fwp%2Fv2%2Ftags&post=113303"}],"curies":[{"name":"wp","href":"https:\/\/api.w.org\/{rel}","templated":true}]}}