{"id":113307,"date":"2025-01-30T16:48:32","date_gmt":"2025-01-30T23:48:32","guid":{"rendered":"https:\/\/ovelanalista.com\/?p=113307"},"modified":"2025-01-30T16:48:32","modified_gmt":"2025-01-30T23:48:32","slug":"disparan-contra-casas-en-culiacan-una-fue-quemada-con-un-cuerpo-dentro","status":"publish","type":"post","link":"https:\/\/ovelanalista.com\/?p=113307","title":{"rendered":"Disparan contra casas en Culiac\u00e1n; una fue quemada con un cuerpo dentro"},"content":{"rendered":"<p>Dos casas fueron objeto de m\u00faltiples disparos en Culiac\u00e1n, Sinaloa.<\/p>\n<p>En un nuevo hecho de violencia en Sinaloa\u00a0<strong>dos casas<\/strong>\u00a0fueron\u00a0<strong>atacadas<\/strong>\u00a0a\u00a0<strong>disparos<\/strong>\u00a0en\u00a0<strong>Culiac\u00e1n<\/strong>.<\/p>\n<div id=\"standard_2\" class=\"st-placement standard_2 inArticle\"><\/div>\n<p>La primera vivienda fue atacada cerca del fraccionamiento Punta Azul.<\/p>\n<blockquote class=\"twitter-tweet\" data-width=\"550\" data-dnt=\"true\">\n<p lang=\"es\" dir=\"ltr\">\ud83d\udea8 *<a href=\"https:\/\/twitter.com\/hashtag\/Culiac%C3%A1n?src=hash&amp;ref_src=twsrc%5Etfw\">#Culiac\u00e1n<\/a>* | As\u00ed qued\u00f3 la casa baleada y vandalizada en la colonia 21 de Marzo. <a href=\"https:\/\/t.co\/NzLRAoRJca\">pic.twitter.com\/NzLRAoRJca<\/a><\/p>\n<p>&mdash; Contacto Revista (@ContactoRevist) <a href=\"https:\/\/twitter.com\/ContactoRevist\/status\/1884828081954635875?ref_src=twsrc%5Etfw\">January 30, 2025<\/a><\/p><\/blockquote>\n<p><script async src=\"https:\/\/platform.twitter.com\/widgets.js\" charset=\"utf-8\"><\/script><\/p>\n<p>Vecinos reportaron varias\u00a0<strong>detonaciones de arma de fuego<\/strong>, lo que moviliz\u00f3 a las autoridades.<\/p>\n<p>Al llegar al lugar polic\u00edas encontraron un\u00a0<strong>inmueble<\/strong>\u00a0construido de\u00a0<strong>madera<\/strong>\u00a0y\u00a0<strong>cart\u00f3n<\/strong>\u00a0en\u00a0<strong>llamas<\/strong>.<\/p>\n<p>Una vez sofocado el fuego fue localizado el cuerpo de una persona que no pudo ser identificada dado el grado de calcinamiento.<\/p>\n<p>En el lugar se recuperaron\u00a0<strong>casquillos percutidos<\/strong>\u00a0de\u00a0<strong>rifles<\/strong>\u00a0<strong>autom\u00e1ticos<\/strong>.<\/p>\n<p>M\u00e1s tarde se registr\u00f3 un\u00a0<strong>segundo<\/strong>\u00a0<strong>ataque<\/strong>, ahora en la\u00a0<strong>colonia 21 de Marzo<\/strong>.<\/p>\n<p>Una\u00a0<strong>casa<\/strong>\u00a0de dos pisos fue atacada a\u00a0<strong>disparos<\/strong>, mismos que da\u00f1aron ventanas y puertas.<\/p>\n<p>Testigos refirieron que sujetos armados a bordo de dos veh\u00edculos perpetraron el ataque.<\/p>\n<p>Dijeron que no han visto a los due\u00f1os de la casa en al menos una semana.<\/p>\n<p>Se presume que la vivienda pertenece al polic\u00eda Isidro, uno de los dos oficiales asesinados en una emboscada sobre la Avenida M\u00e9xico 68.<\/p>\n<p>Con informaci\u00f3n de El Universal<\/p>\n","protected":false},"excerpt":{"rendered":"<p>Dos casas fueron objeto de m\u00faltiples disparos en Culiac\u00e1n, Sinaloa. En un nuevo hecho de violencia en Sinaloa\u00a0dos casas\u00a0fueron\u00a0atacadas\u00a0a\u00a0disparos\u00a0en\u00a0Culiac\u00e1n. La primera vivienda fue atacada cerca del fraccionamiento Punta Azul. \ud83d\udea8 *#Culiac\u00e1n* | As\u00ed qued\u00f3 la casa baleada y vandalizada en la colonia 21 de Marzo. pic.twitter.com\/NzLRAoRJca &mdash; Contacto Revista (@ContactoRevist) January 30, 2025 Vecinos reportaron varias\u00a0detonaciones de arma de fuego, lo que moviliz\u00f3 a las autoridades. Al llegar al lugar polic\u00edas encontraron un\u00a0inmueble\u00a0construido de\u00a0madera\u00a0y\u00a0cart\u00f3n\u00a0en\u00a0llamas. Una vez sofocado el fuego fue localizado el cuerpo de una persona que no pudo ser identificada dado el grado de calcinamiento. En el lugar se [&hellip;]<\/p>\n","protected":false},"author":3,"featured_media":113308,"comment_status":"open","ping_status":"open","sticky":false,"template":"","format":"standard","meta":{"_jetpack_newsletter_access":"","_jetpack_dont_email_post_to_subs":false,"_jetpack_newsletter_tier_id":0,"_jetpack_memberships_contains_paywalled_content":false,"_jetpack_feature_clip_id":0,"_jetpack_memberships_contains_paid_content":false,"footnotes":"","jetpack_publicize_message":"","jetpack_publicize_feature_enabled":true,"jetpack_social_post_already_shared":true,"jetpack_social_options":{"image_generator_settings":{"template":"highway","default_image_id":0,"font":"","enabled":false},"version":2},"jetpack_post_was_ever_published":false},"categories":[90,72],"tags":[],"class_list":["post-113307","post","type-post","status-publish","format-standard","has-post-thumbnail","hentry","category-estatal","category-portada","post--single"],"jetpack_publicize_connections":[],"jetpack_featured_media_url":"https:\/\/ovelanalista.com\/wp-content\/uploads\/2025\/01\/casa-atacada-a-disparos-y-quemada-en-culiacan.webp","jetpack_sharing_enabled":true,"_links":{"self":[{"href":"https:\/\/ovelanalista.com\/index.php?rest_route=\/wp\/v2\/posts\/113307","targetHints":{"allow":["GET"]}}],"collection":[{"href":"https:\/\/ovelanalista.com\/index.php?rest_route=\/wp\/v2\/posts"}],"about":[{"href":"https:\/\/ovelanalista.com\/index.php?rest_route=\/wp\/v2\/types\/post"}],"author":[{"embeddable":true,"href":"https:\/\/ovelanalista.com\/index.php?rest_route=\/wp\/v2\/users\/3"}],"replies":[{"embeddable":true,"href":"https:\/\/ovelanalista.com\/index.php?rest_route=%2Fwp%2Fv2%2Fcomments&post=113307"}],"version-history":[{"count":1,"href":"https:\/\/ovelanalista.com\/index.php?rest_route=\/wp\/v2\/posts\/113307\/revisions"}],"predecessor-version":[{"id":113310,"href":"https:\/\/ovelanalista.com\/index.php?rest_route=\/wp\/v2\/posts\/113307\/revisions\/113310"}],"wp:featuredmedia":[{"embeddable":true,"href":"https:\/\/ovelanalista.com\/index.php?rest_route=\/wp\/v2\/media\/113308"}],"wp:attachment":[{"href":"https:\/\/ovelanalista.com\/index.php?rest_route=%2Fwp%2Fv2%2Fmedia&parent=113307"}],"wp:term":[{"taxonomy":"category","embeddable":true,"href":"https:\/\/ovelanalista.com\/index.php?rest_route=%2Fwp%2Fv2%2Fcategories&post=113307"},{"taxonomy":"post_tag","embeddable":true,"href":"https:\/\/ovelanalista.com\/index.php?rest_route=%2Fwp%2Fv2%2Ftags&post=113307"}],"curies":[{"name":"wp","href":"https:\/\/api.w.org\/{rel}","templated":true}]}}