{"id":113313,"date":"2025-01-30T17:45:03","date_gmt":"2025-01-31T00:45:03","guid":{"rendered":"https:\/\/ovelanalista.com\/?p=113313"},"modified":"2025-01-30T17:45:03","modified_gmt":"2025-01-31T00:45:03","slug":"ong-denuncian-inseguridad-en-un-centro-de-recepcion-de-deportados-en-nuevo-leon","status":"publish","type":"post","link":"https:\/\/ovelanalista.com\/?p=113313","title":{"rendered":"ONG denuncian inseguridad en un centro de recepci\u00f3n de deportados en Nuevo Le\u00f3n"},"content":{"rendered":"<p>El inmueble se ubica en El Carmen, a una hora de la capital del estado de Nuevo Le\u00f3n con capacidad para mil 400 personas.<\/p>\n<p>Organizaciones civiles denunciaron este jueves que el sitio en donde el Gobierno federal alista el albergue para migrantes deportados desde Estados Unidos en Nuevo Le\u00f3n,\u00a0el estado m\u00e1s poblado de la frontera, prevalece la\u00a0<strong>inseguridad, falta de servicios p\u00fablicos y la contaminaci\u00f3n.<\/strong><\/p>\n<p><strong>Rodolfo Emmanuel Pe\u00f1a,<\/strong>\u00a0representante del movimiento social<strong>\u00a0\u2018Brigadas Anti Baches\u2019<\/strong>\u00a0de El Carmen, municipio donde estar\u00e1 el refugio, acudi\u00f3 al Congreso estatal a presentar un escrito para que las autoridades reubiquen el albergue.<\/p>\n<p>Este es uno de los 10 inmuebles que el Gobierno de M\u00e9xico prepara en los seis estados fronterizos con Estados unidos para los migrantes deportados por el Gobierno de Donald Trump en Estados Unidos y se ubica en\u00a0<strong>El Carmen<\/strong>, a una hora de la capital del estado de Nuevo Le\u00f3n, con capacidad para mil 400 personas.<\/p>\n<blockquote><p>\u201cAl llegar nuestros hermanos migrantes con las esperanzas rotas por las circunstancias internacionales, se encontrar\u00edan con una zona dentro de la colonia Alianza Real que est\u00e1 a menos de 4 kil\u00f3metros de las pedreras (compa\u00f1\u00edas que emiten contaminantes al extraer piedras para cemento)\u201d, se\u00f1al\u00f3 el vocero del movimiento.<\/p><\/blockquote>\n<p>Mencion\u00f3 que los migrantes estar\u00e1n expuestos a altos niveles de\u00a0<strong>contaminaci\u00f3n<\/strong>\u00a0por las explosiones del cerro para obtener las rocas.<\/p>\n<blockquote><p>\u201cRecordemos que actualmente, los problemas m\u00e1s graves de la contaminaci\u00f3n se encuentran en la zona de El Carmen, Escobedo y el norte de Nuevo Le\u00f3n\u201d, expuso.<\/p><\/blockquote>\n<div id=\"ros-inread-multiple-0euoui\" class=\"ad-container dfp-ad-unit ad-inread ad-slot\" data-ad-type=\"inreadbox\" data-slot=\"inread-multiple\" data-ad-loaded=\"1\" data-ad-setup=\"{&quot;postID&quot;:1686537,&quot;canRefresh&quot;:false,&quot;infinitescroll&quot;:false}\" data-google-query-id=\"COS7ksXVnosDFdGFpgQdGAIljw\"><\/div>\n<div data-ad-type=\"inreadbox\" data-slot=\"inread-multiple\" data-ad-loaded=\"1\" data-ad-setup=\"{&quot;postID&quot;:1686537,&quot;canRefresh&quot;:false,&quot;infinitescroll&quot;:false}\" data-google-query-id=\"COS7ksXVnosDFdGFpgQdGAIljw\">\n<p>Tambi\u00e9n afirm\u00f3 que en el sitio prevalece la inseguridad y a menos de 500 metros del pol\u00edgono de seguridad que instal\u00f3 la\u00a0<strong>Secretar\u00eda de la Defensa Nacional<\/strong>\u00a0est\u00e1 uno de los barrios destruidos por \u201cla corrupci\u00f3n\u201d del Gobierno municipal, la falta de drenaje, olores f\u00e9tidos y avenidas que parecen basureros.<\/p>\n<blockquote><p>\u201cLa inseguridad y el abandono de la actual Administraci\u00f3n para el resguardo de la integridad de los ciudadanos del municipio, cada vez es m\u00e1s escasa, todos los d\u00edas, si no se escuchan detonaciones, hay ejecutados, robos y lo m\u00e1s peligroso: extorsiones de algunos funcionarios municipales\u201d, plante\u00f3.<\/p><\/blockquote>\n<p>Ante esta situaci\u00f3n, los integrantes de organizaciones civiles pidieron al Gobierno federal que reconsidere a d\u00f3nde llegar\u00e1n los\u00a0<strong>migrantes deportados en Nuevo Le\u00f3n.\u00a0<\/strong><\/p>\n<blockquote><p>\u201cPedimos en aras de la protecci\u00f3n de nuestros hermanos migrantes sea reaconsiderada la ubicaci\u00f3n del santuario y protecci\u00f3n a un municipio que s\u00ed cuente con la infraestructura, seguridad, el humanismo social, la congruencia ideol\u00f3gica y el respaldo del gobierno municipal\u201d, sostuvo el portavoz.<\/p><\/blockquote>\n<p>La petici\u00f3n se present\u00f3 en la<strong>\u00a0Oficial\u00eda de Partes del Congreso estatal<\/strong>\u00a0y tambi\u00e9n la enviar\u00e1n al Gobierno de Nuevo Le\u00f3n y a la<strong>\u00a0Secretar\u00eda de Relaciones Exteriores.<\/strong><\/p>\n<p>El hecho ilustra los retos que afronta M\u00e9xico para reintegrar a los posibles deportados por Trump desde Estados Unidos, donde cerca de la mitad de los 11 millones de indocumentados son de origen mexicano.<\/p>\n<p>Con informaci\u00f3n de EFE.<\/p>\n<\/div>\n","protected":false},"excerpt":{"rendered":"<p>El inmueble se ubica en El Carmen, a una hora de la capital del estado de Nuevo Le\u00f3n con capacidad para mil 400 personas. Organizaciones civiles denunciaron este jueves que el sitio en donde el Gobierno federal alista el albergue para migrantes deportados desde Estados Unidos en Nuevo Le\u00f3n,\u00a0el estado m\u00e1s poblado de la frontera, prevalece la\u00a0inseguridad, falta de servicios p\u00fablicos y la contaminaci\u00f3n. Rodolfo Emmanuel Pe\u00f1a,\u00a0representante del movimiento social\u00a0\u2018Brigadas Anti Baches\u2019\u00a0de El Carmen, municipio donde estar\u00e1 el refugio, acudi\u00f3 al Congreso estatal a presentar un escrito para que las autoridades reubiquen el albergue. Este es uno de los 10 [&hellip;]<\/p>\n","protected":false},"author":3,"featured_media":113317,"comment_status":"open","ping_status":"open","sticky":false,"template":"","format":"standard","meta":{"_jetpack_newsletter_access":"","_jetpack_dont_email_post_to_subs":false,"_jetpack_newsletter_tier_id":0,"_jetpack_memberships_contains_paywalled_content":false,"_jetpack_feature_clip_id":0,"_jetpack_memberships_contains_paid_content":false,"footnotes":"","jetpack_publicize_message":"","jetpack_publicize_feature_enabled":true,"jetpack_social_post_already_shared":true,"jetpack_social_options":{"image_generator_settings":{"template":"highway","default_image_id":0,"font":"","enabled":false},"version":2},"jetpack_post_was_ever_published":false},"categories":[75,72],"tags":[],"class_list":["post-113313","post","type-post","status-publish","format-standard","has-post-thumbnail","hentry","category-nacional","category-portada","post--single"],"jetpack_publicize_connections":[],"jetpack_featured_media_url":"https:\/\/ovelanalista.com\/wp-content\/uploads\/2025\/01\/340f448de91906db21d8e9a5c3d7b7a2848a7584w.webp","jetpack_sharing_enabled":true,"_links":{"self":[{"href":"https:\/\/ovelanalista.com\/index.php?rest_route=\/wp\/v2\/posts\/113313","targetHints":{"allow":["GET"]}}],"collection":[{"href":"https:\/\/ovelanalista.com\/index.php?rest_route=\/wp\/v2\/posts"}],"about":[{"href":"https:\/\/ovelanalista.com\/index.php?rest_route=\/wp\/v2\/types\/post"}],"author":[{"embeddable":true,"href":"https:\/\/ovelanalista.com\/index.php?rest_route=\/wp\/v2\/users\/3"}],"replies":[{"embeddable":true,"href":"https:\/\/ovelanalista.com\/index.php?rest_route=%2Fwp%2Fv2%2Fcomments&post=113313"}],"version-history":[{"count":1,"href":"https:\/\/ovelanalista.com\/index.php?rest_route=\/wp\/v2\/posts\/113313\/revisions"}],"predecessor-version":[{"id":113318,"href":"https:\/\/ovelanalista.com\/index.php?rest_route=\/wp\/v2\/posts\/113313\/revisions\/113318"}],"wp:featuredmedia":[{"embeddable":true,"href":"https:\/\/ovelanalista.com\/index.php?rest_route=\/wp\/v2\/media\/113317"}],"wp:attachment":[{"href":"https:\/\/ovelanalista.com\/index.php?rest_route=%2Fwp%2Fv2%2Fmedia&parent=113313"}],"wp:term":[{"taxonomy":"category","embeddable":true,"href":"https:\/\/ovelanalista.com\/index.php?rest_route=%2Fwp%2Fv2%2Fcategories&post=113313"},{"taxonomy":"post_tag","embeddable":true,"href":"https:\/\/ovelanalista.com\/index.php?rest_route=%2Fwp%2Fv2%2Ftags&post=113313"}],"curies":[{"name":"wp","href":"https:\/\/api.w.org\/{rel}","templated":true}]}}