{"id":113314,"date":"2025-01-30T17:07:59","date_gmt":"2025-01-31T00:07:59","guid":{"rendered":"https:\/\/ovelanalista.com\/?p=113314"},"modified":"2025-01-30T17:07:59","modified_gmt":"2025-01-31T00:07:59","slug":"francia-y-mexico-refuerzan-su-cooperacion-cultural-y-academica-para-2025","status":"publish","type":"post","link":"https:\/\/ovelanalista.com\/?p=113314","title":{"rendered":"Francia y M\u00e9xico refuerzan su cooperaci\u00f3n cultural y acad\u00e9mica para 2025"},"content":{"rendered":"<p>La iniciativa abarca teatro, arqueolog\u00eda, literatura, m\u00fasica, arte digital y formaci\u00f3n cultural que busca fortalecer los v\u00ednculos bilaterales.<\/p>\n<p>La embajadora francesa en M\u00e9xico,\u00a0<strong>Delphine Borione,<\/strong>\u00a0present\u00f3 en un evento celebrado este lunes en la\u00a0<strong>Casa de Francia<\/strong>\u00a0de la capital mexicana la intensa programaci\u00f3n<strong>\u00a0cultural, acad\u00e9mica y cient\u00edfica<\/strong>\u00a0que el pa\u00eds europeo desarrollar\u00e1 en colaboraci\u00f3n con instituciones de M\u00e9xico a lo largo de 2025.<\/p>\n<p>La iniciativa abarca teatro, arqueolog\u00eda, literatura, m\u00fasica, arte digital, lengua y formaci\u00f3n que, entre otros temas, busca fortalecer los v\u00ednculos bilaterales y fomentar el<strong>\u00a0intercambio en diversas disciplinas.<\/strong><\/p>\n<p>Borione estuvo acompa\u00f1ada por la Liza Elena Aceves L\u00f3pez, coordinadora de\u00a0<strong>Programas de la Secretar\u00eda de Ciencia, Humanidades, Tecnolog\u00eda e Innovaci\u00f3n del Gobierno de M\u00e9xico<\/strong>; y el coordinador general de investigaci\u00f3n cient\u00edfica y desarrollo tecnol\u00f3gico espacial, Adan Salazar Garibay.<\/p>\n<p>Durante su intervenci\u00f3n, la embajadora subray\u00f3 la diversidad de la\u00a0<strong>agenda cultural y acad\u00e9mica<\/strong>, que incluye colaboraciones con universidades, festivales y centros de investigaci\u00f3n; y enfatiz\u00f3 el compromiso de la embajada con la igualdad de g\u00e9nero, la\u00a0<strong>inclusi\u00f3n y la defensa de la libertad de prensa.<\/strong><\/p>\n<p>Borione remarc\u00f3 el papel fundamental de las universidades y las alianzas francesas en todo el pa\u00eds, siendo estas las que \u201chacen un trabajo excepcional en la ense\u00f1anza del franc\u00e9s y en el fortalecimiento del intercambio cultural\u201d.<\/p>\n<p>Tambi\u00e9n agreg\u00f3 que, entre los proyectos destacados, habr\u00e1 la pr\u00f3xima inauguraci\u00f3n de la Alianza Francesa de Canc\u00fan, la primera en llevar un nombre maya, y la renovaci\u00f3n del<strong>\u00a0Instituto Franc\u00e9s de Am\u00e9rica Latina (IFAL),<\/strong>\u00a0que consolidar\u00e1 su papel como centro cultural.<\/p>\n<p>El evento tambi\u00e9n sirvi\u00f3 como espacio para reforzar la cooperaci\u00f3n en ciencia y tecnolog\u00eda, donde Ad\u00e1n Salazar Garibay, representante de la<strong>\u00a0Agencia Espacial Mexicana,<\/strong>\u00a0mencion\u00f3 la importancia del trabajo conjunto en problem\u00e1ticas ambientales, como el sargazo.<\/p>\n<blockquote><p>\u201cDesde 2018, hemos trabajado con investigadores franceses en el procesamiento de im\u00e1genes satelitales para el monitoreo del sargazo en el Caribe, una problem\u00e1tica que afecta a ambos pa\u00edses\u201d, explic\u00f3.<\/p><\/blockquote>\n<p>https:\/\/x.com\/ifal_mx\/status\/1885048303110193446?ref_src=twsrc%5Etfw%7Ctwcamp%5Etweetembed%7Ctwterm%5E1885048303110193446%7Ctwgr%5E535a17beec4cb4a6d72936852146ef6dab6dc9be%7Ctwcon%5Es1_c10&#038;ref_url=https%3A%2F%2Flopezdoriga.com%2Fnacional%2Ffrancia-y-mexico-refuerzan-su-cooperacion-cultural-y-academica-para-2025%2F<\/p>\n<h2><b>\u2018Emilia P\u00e9rez\u2019 una intensa dualidad<\/b><\/h2>\n<p>Como parte de esta colaboraci\u00f3n, el\u00a0<strong>cine y la fotograf\u00eda<\/strong>\u00a0tambi\u00e9n ocupar\u00e1n un espacio destacado dentro de la agenda, donde\u00a0<strong>Francia y M\u00e9xico<\/strong>\u00a0han compartido hist\u00f3ricamente un fuerte v\u00ednculo en estas disciplinas, al recordar que los\u00a0<strong>hermanos Lumi\u00e8re<\/strong>\u00a0filmaron en M\u00e9xico una de las primeras pel\u00edculas del continente americano.<\/p>\n<p>La embajadora francesa abord\u00f3 la pol\u00e9mica en torno a la pel\u00edcula<strong>\u00a0\u2018Emilia P\u00e9rez\u2019<\/strong>, dirigida por el franc\u00e9s\u00a0<strong>Jacques Audiard,<\/strong>\u00a0ganadora de varios galardones internacionales pero que ha recibido numerosas cr\u00edticas en M\u00e9xico por su representaci\u00f3n de la realidad del pa\u00eds.<\/p>\n<blockquote><p>\u00a0\u201cEl cine es un espacio de reflexi\u00f3n y debate. Sabemos que el filme ha generado diversas reacciones, y es parte del di\u00e1logo abierto que caracteriza nuestras sociedades\u201d, indic\u00f3 Borione.<\/p>\n<p>\u201cPor supuesto, pienso que Jacques ya lo ha expresado de manera muy claramente, tiene un gran respeto a M\u00e9xico, un gran amor a M\u00e9xico, pero es una pel\u00edcula dura, por supuesto. Los lazos entre Francia y M\u00e9xico son muy fruct\u00edferos, muy calurosos, y esto es lo m\u00e1s importante\u201d, zanj\u00f3 la diplom\u00e1tica.<\/p><\/blockquote>\n<p>Con informaci\u00f3n de EFE.<\/p>\n","protected":false},"excerpt":{"rendered":"<p>La iniciativa abarca teatro, arqueolog\u00eda, literatura, m\u00fasica, arte digital y formaci\u00f3n cultural que busca fortalecer los v\u00ednculos bilaterales. La embajadora francesa en M\u00e9xico,\u00a0Delphine Borione,\u00a0present\u00f3 en un evento celebrado este lunes en la\u00a0Casa de Francia\u00a0de la capital mexicana la intensa programaci\u00f3n\u00a0cultural, acad\u00e9mica y cient\u00edfica\u00a0que el pa\u00eds europeo desarrollar\u00e1 en colaboraci\u00f3n con instituciones de M\u00e9xico a lo largo de 2025. La iniciativa abarca teatro, arqueolog\u00eda, literatura, m\u00fasica, arte digital, lengua y formaci\u00f3n que, entre otros temas, busca fortalecer los v\u00ednculos bilaterales y fomentar el\u00a0intercambio en diversas disciplinas. Borione estuvo acompa\u00f1ada por la Liza Elena Aceves L\u00f3pez, coordinadora de\u00a0Programas de la Secretar\u00eda de [&hellip;]<\/p>\n","protected":false},"author":3,"featured_media":113315,"comment_status":"open","ping_status":"open","sticky":false,"template":"","format":"standard","meta":{"_jetpack_newsletter_access":"","_jetpack_dont_email_post_to_subs":false,"_jetpack_newsletter_tier_id":0,"_jetpack_memberships_contains_paywalled_content":false,"_jetpack_feature_clip_id":0,"_jetpack_memberships_contains_paid_content":false,"footnotes":"","jetpack_publicize_message":"","jetpack_publicize_feature_enabled":true,"jetpack_social_post_already_shared":true,"jetpack_social_options":{"image_generator_settings":{"template":"highway","default_image_id":0,"font":"","enabled":false},"version":2},"jetpack_post_was_ever_published":false},"categories":[75,72],"tags":[],"class_list":["post-113314","post","type-post","status-publish","format-standard","has-post-thumbnail","hentry","category-nacional","category-portada","post--single"],"jetpack_publicize_connections":[],"jetpack_featured_media_url":"https:\/\/ovelanalista.com\/wp-content\/uploads\/2025\/01\/bdd543d4ac41ff0a11a5bb97cf36d39c9bb224daw.webp","jetpack_sharing_enabled":true,"_links":{"self":[{"href":"https:\/\/ovelanalista.com\/index.php?rest_route=\/wp\/v2\/posts\/113314","targetHints":{"allow":["GET"]}}],"collection":[{"href":"https:\/\/ovelanalista.com\/index.php?rest_route=\/wp\/v2\/posts"}],"about":[{"href":"https:\/\/ovelanalista.com\/index.php?rest_route=\/wp\/v2\/types\/post"}],"author":[{"embeddable":true,"href":"https:\/\/ovelanalista.com\/index.php?rest_route=\/wp\/v2\/users\/3"}],"replies":[{"embeddable":true,"href":"https:\/\/ovelanalista.com\/index.php?rest_route=%2Fwp%2Fv2%2Fcomments&post=113314"}],"version-history":[{"count":1,"href":"https:\/\/ovelanalista.com\/index.php?rest_route=\/wp\/v2\/posts\/113314\/revisions"}],"predecessor-version":[{"id":113316,"href":"https:\/\/ovelanalista.com\/index.php?rest_route=\/wp\/v2\/posts\/113314\/revisions\/113316"}],"wp:featuredmedia":[{"embeddable":true,"href":"https:\/\/ovelanalista.com\/index.php?rest_route=\/wp\/v2\/media\/113315"}],"wp:attachment":[{"href":"https:\/\/ovelanalista.com\/index.php?rest_route=%2Fwp%2Fv2%2Fmedia&parent=113314"}],"wp:term":[{"taxonomy":"category","embeddable":true,"href":"https:\/\/ovelanalista.com\/index.php?rest_route=%2Fwp%2Fv2%2Fcategories&post=113314"},{"taxonomy":"post_tag","embeddable":true,"href":"https:\/\/ovelanalista.com\/index.php?rest_route=%2Fwp%2Fv2%2Ftags&post=113314"}],"curies":[{"name":"wp","href":"https:\/\/api.w.org\/{rel}","templated":true}]}}