{"id":113319,"date":"2025-01-30T17:55:27","date_gmt":"2025-01-31T00:55:27","guid":{"rendered":"https:\/\/ovelanalista.com\/?p=113319"},"modified":"2025-01-30T17:55:27","modified_gmt":"2025-01-31T00:55:27","slug":"senado-inicia-con-sorteo-de-los-aspirantes-a-juzgadores-por-el-poder-judicial","status":"publish","type":"post","link":"https:\/\/ovelanalista.com\/?p=113319","title":{"rendered":"Senado inicia con sorteo de los aspirantes a juzgadores por el Poder Judicial"},"content":{"rendered":"<p>En sesi\u00f3n solemne, el Pleno del Senado inici\u00f3 con el sorteo de aspirantes a juzgadores inscritos ante el Comit\u00e9 del Poder Judicial.<\/p>\n<p>El Pleno del\u00a0<a href=\"https:\/\/x.com\/senadomexicano\" target=\"_blank\" rel=\"noopener noreferrer\"><strong>Senado de la Rep\u00fablica<\/strong><\/a>\u00a0inici\u00f3 con la\u00a0<strong>insaculaci\u00f3n<\/strong>\u00a0de los\u00a0<strong>aspirantes a juzgadores inscritos<\/strong>\u00a0ante el\u00a0<strong>Comit\u00e9 de Evaluaci\u00f3n del Poder Judicial<\/strong>.<\/p>\n<p><iframe loading=\"lazy\" title=\"Insaculaci\u00f3n p\u00fablica para determinar las candidaturas a cargo del Poder Judicial de la Federaci\u00f3n\" width=\"1200\" height=\"675\" src=\"https:\/\/www.youtube.com\/embed\/XHqNZpBK4XQ?feature=oembed\" frameborder=\"0\" allow=\"accelerometer; autoplay; clipboard-write; encrypted-media; gyroscope; picture-in-picture; web-share\" referrerpolicy=\"strict-origin-when-cross-origin\" allowfullscreen><\/iframe><\/p>\n<p>La sesi\u00f3n en donde se realizar\u00e1 el sorteo se lleva a cabo luego de casi dos horas de retraso.<\/p>\n<div data-ad-type=\"inread\" data-slot=\"inread\" data-ad-loaded=\"1\" data-ad-setup=\"{&quot;postID&quot;:1686505,&quot;canRefresh&quot;:false,&quot;infinitescroll&quot;:false}\" data-google-query-id=\"CIyHyKvenosDFaSGpgQdNpsoqQ\">\n<p>Este sorteo corresponde \u00fanicamente a los aspirantes registrados ante el Comit\u00e9 de Evaluaci\u00f3n del Poder Judicial.<\/p>\n<p><strong>Gerardo Fern\u00e1ndez Noro\u00f1a<\/strong>, presidente de la Mesa Directiva de la C\u00e1mara Alta, asegur\u00f3 que se trata de \u201cuna sesi\u00f3n solemne\u201d por lo que no habr\u00e1 cuestionamientos ni debate.<\/p>\n<p>\u201cNo hay recurso legal que pueda detener la elecci\u00f3n (judicial) a estas alturas. No pudieron, no han podido, no podr\u00e1n. El 1 de junio, domingo, el pueblo de M\u00e9xico realizar\u00e1 un hito en la historia\u201d, indic\u00f3.<\/p>\n<p>Los legisladores de oposici\u00f3n no se encuentran presentes en esta sesi\u00f3n del Senado.<\/p>\n<p>Con informaci\u00f3n de L\u00f3pez-D\u00f3riga Digital<\/p>\n<\/div>\n","protected":false},"excerpt":{"rendered":"<p>En sesi\u00f3n solemne, el Pleno del Senado inici\u00f3 con el sorteo de aspirantes a juzgadores inscritos ante el Comit\u00e9 del Poder Judicial. El Pleno del\u00a0Senado de la Rep\u00fablica\u00a0inici\u00f3 con la\u00a0insaculaci\u00f3n\u00a0de los\u00a0aspirantes a juzgadores inscritos\u00a0ante el\u00a0Comit\u00e9 de Evaluaci\u00f3n del Poder Judicial. La sesi\u00f3n en donde se realizar\u00e1 el sorteo se lleva a cabo luego de casi dos horas de retraso. Este sorteo corresponde \u00fanicamente a los aspirantes registrados ante el Comit\u00e9 de Evaluaci\u00f3n del Poder Judicial. Gerardo Fern\u00e1ndez Noro\u00f1a, presidente de la Mesa Directiva de la C\u00e1mara Alta, asegur\u00f3 que se trata de \u201cuna sesi\u00f3n solemne\u201d por lo que no habr\u00e1 [&hellip;]<\/p>\n","protected":false},"author":3,"featured_media":113320,"comment_status":"open","ping_status":"open","sticky":false,"template":"","format":"standard","meta":{"_jetpack_newsletter_access":"","_jetpack_dont_email_post_to_subs":false,"_jetpack_newsletter_tier_id":0,"_jetpack_memberships_contains_paywalled_content":false,"_jetpack_feature_clip_id":0,"_jetpack_memberships_contains_paid_content":false,"footnotes":"","jetpack_publicize_message":"","jetpack_publicize_feature_enabled":true,"jetpack_social_post_already_shared":true,"jetpack_social_options":{"image_generator_settings":{"template":"highway","default_image_id":0,"font":"","enabled":false},"version":2},"jetpack_post_was_ever_published":false},"categories":[75,72],"tags":[],"class_list":["post-113319","post","type-post","status-publish","format-standard","has-post-thumbnail","hentry","category-nacional","category-portada","post--single"],"jetpack_publicize_connections":[],"jetpack_featured_media_url":"https:\/\/ovelanalista.com\/wp-content\/uploads\/2025\/01\/tombola-insaculacion-senado-comite-evaluacion-poder-judicial.webp","jetpack_sharing_enabled":true,"_links":{"self":[{"href":"https:\/\/ovelanalista.com\/index.php?rest_route=\/wp\/v2\/posts\/113319","targetHints":{"allow":["GET"]}}],"collection":[{"href":"https:\/\/ovelanalista.com\/index.php?rest_route=\/wp\/v2\/posts"}],"about":[{"href":"https:\/\/ovelanalista.com\/index.php?rest_route=\/wp\/v2\/types\/post"}],"author":[{"embeddable":true,"href":"https:\/\/ovelanalista.com\/index.php?rest_route=\/wp\/v2\/users\/3"}],"replies":[{"embeddable":true,"href":"https:\/\/ovelanalista.com\/index.php?rest_route=%2Fwp%2Fv2%2Fcomments&post=113319"}],"version-history":[{"count":1,"href":"https:\/\/ovelanalista.com\/index.php?rest_route=\/wp\/v2\/posts\/113319\/revisions"}],"predecessor-version":[{"id":113321,"href":"https:\/\/ovelanalista.com\/index.php?rest_route=\/wp\/v2\/posts\/113319\/revisions\/113321"}],"wp:featuredmedia":[{"embeddable":true,"href":"https:\/\/ovelanalista.com\/index.php?rest_route=\/wp\/v2\/media\/113320"}],"wp:attachment":[{"href":"https:\/\/ovelanalista.com\/index.php?rest_route=%2Fwp%2Fv2%2Fmedia&parent=113319"}],"wp:term":[{"taxonomy":"category","embeddable":true,"href":"https:\/\/ovelanalista.com\/index.php?rest_route=%2Fwp%2Fv2%2Fcategories&post=113319"},{"taxonomy":"post_tag","embeddable":true,"href":"https:\/\/ovelanalista.com\/index.php?rest_route=%2Fwp%2Fv2%2Ftags&post=113319"}],"curies":[{"name":"wp","href":"https:\/\/api.w.org\/{rel}","templated":true}]}}