{"id":113322,"date":"2025-01-30T18:03:17","date_gmt":"2025-01-31T01:03:17","guid":{"rendered":"https:\/\/ovelanalista.com\/?p=113322"},"modified":"2025-01-30T18:03:17","modified_gmt":"2025-01-31T01:03:17","slug":"hallan-muerto-en-tlalpan-a-taxista-de-aplicacion-reportado-como-desaparecido","status":"publish","type":"post","link":"https:\/\/ovelanalista.com\/?p=113322","title":{"rendered":"Hallan muerto en Tlalpan a taxista de aplicaci\u00f3n reportado como desaparecido"},"content":{"rendered":"<p>El taxista Rodrigo D\u00edaz fue hallado muerto una zona boscosa de Santo Tom\u00e1s Ajusco tras cinco d\u00edas de ser reportado como desaparecido.<\/p>\n<p>Un\u00a0<strong>taxista<\/strong>\u00a0de aplicaci\u00f3n fue hallado\u00a0<strong>muerto<\/strong>\u00a0en la\u00a0<strong>Ciudad de M\u00e9xico<\/strong>\u00a0tras varios d\u00edas de reportada su\u00a0<strong>desaparici\u00f3n<\/strong>.<\/p>\n<p><strong>Rub\u00e9n D\u00edaz Valencia<\/strong>, de 62 a\u00f1os de edad, fue\u00a0<strong>visto por \u00faltima vez<\/strong>\u00a0el 24 de enero en la\u00a0<strong>colonia Pedregal de San Nicol\u00e1s<\/strong>\u00a0de la\u00a0<strong>alcald\u00eda<\/strong>\u00a0<strong>Tlalpan<\/strong>.<\/p>\n<p>Su familia pidi\u00f3 ayuda en redes sociales para localizarlo, lo que ocurri\u00f3 la noche del 29 de enero.<\/p>\n<p>El taxista fue hallado\u00a0<strong>muerto<\/strong>\u00a0en una\u00a0<strong>zona boscosa<\/strong>\u00a0de\u00a0<strong>Santo Tom\u00e1s Ajusco<\/strong>.<\/p>\n<p>Primeros informes se\u00f1alan que estaba\u00a0<strong>maniatado<\/strong>\u00a0y con\u00a0<strong>huellas de violencia<\/strong>.<\/p>\n<p>En redes sociales se ha solicitado ayuda a quienes tengan c\u00e1maras de seguridad en los Pedregales de San Nicol\u00e1s y rumbo a Santo Tom\u00e1s Ajusco, a fin de establecer la ruta posiblemente seguida del auto de Rub\u00e9n D\u00edaz.<\/p>\n<p>Con informaci\u00f3n de L\u00f3pez-D\u00f3riga Digital<\/p>\n<div id=\"ros-inread-multiple-c1qk7a\" class=\"ad-container dfp-ad-unit ad-inread ad-slot\" data-ad-type=\"inreadbox\" data-slot=\"inread-multiple\" data-ad-loaded=\"1\" data-ad-setup=\"{&quot;postID&quot;:1686491,&quot;canRefresh&quot;:false,&quot;infinitescroll&quot;:false}\" data-google-query-id=\"CP2K3L_hnosDFZvu9QIdymEo-Q\"><\/div>\n","protected":false},"excerpt":{"rendered":"<p>El taxista Rodrigo D\u00edaz fue hallado muerto una zona boscosa de Santo Tom\u00e1s Ajusco tras cinco d\u00edas de ser reportado como desaparecido. Un\u00a0taxista\u00a0de aplicaci\u00f3n fue hallado\u00a0muerto\u00a0en la\u00a0Ciudad de M\u00e9xico\u00a0tras varios d\u00edas de reportada su\u00a0desaparici\u00f3n. Rub\u00e9n D\u00edaz Valencia, de 62 a\u00f1os de edad, fue\u00a0visto por \u00faltima vez\u00a0el 24 de enero en la\u00a0colonia Pedregal de San Nicol\u00e1s\u00a0de la\u00a0alcald\u00eda\u00a0Tlalpan. Su familia pidi\u00f3 ayuda en redes sociales para localizarlo, lo que ocurri\u00f3 la noche del 29 de enero. El taxista fue hallado\u00a0muerto\u00a0en una\u00a0zona boscosa\u00a0de\u00a0Santo Tom\u00e1s Ajusco. Primeros informes se\u00f1alan que estaba\u00a0maniatado\u00a0y con\u00a0huellas de violencia. En redes sociales se ha solicitado ayuda a quienes tengan [&hellip;]<\/p>\n","protected":false},"author":3,"featured_media":113323,"comment_status":"open","ping_status":"open","sticky":false,"template":"","format":"standard","meta":{"_jetpack_newsletter_access":"","_jetpack_dont_email_post_to_subs":false,"_jetpack_newsletter_tier_id":0,"_jetpack_memberships_contains_paywalled_content":false,"_jetpack_feature_clip_id":0,"_jetpack_memberships_contains_paid_content":false,"footnotes":"","jetpack_publicize_message":"","jetpack_publicize_feature_enabled":true,"jetpack_social_post_already_shared":true,"jetpack_social_options":{"image_generator_settings":{"template":"highway","default_image_id":0,"font":"","enabled":false},"version":2},"jetpack_post_was_ever_published":false},"categories":[75,72],"tags":[],"class_list":["post-113322","post","type-post","status-publish","format-standard","has-post-thumbnail","hentry","category-nacional","category-portada","post--single"],"jetpack_publicize_connections":[],"jetpack_featured_media_url":"https:\/\/ovelanalista.com\/wp-content\/uploads\/2025\/01\/ruben-diaz-valencia.webp","jetpack_sharing_enabled":true,"_links":{"self":[{"href":"https:\/\/ovelanalista.com\/index.php?rest_route=\/wp\/v2\/posts\/113322","targetHints":{"allow":["GET"]}}],"collection":[{"href":"https:\/\/ovelanalista.com\/index.php?rest_route=\/wp\/v2\/posts"}],"about":[{"href":"https:\/\/ovelanalista.com\/index.php?rest_route=\/wp\/v2\/types\/post"}],"author":[{"embeddable":true,"href":"https:\/\/ovelanalista.com\/index.php?rest_route=\/wp\/v2\/users\/3"}],"replies":[{"embeddable":true,"href":"https:\/\/ovelanalista.com\/index.php?rest_route=%2Fwp%2Fv2%2Fcomments&post=113322"}],"version-history":[{"count":1,"href":"https:\/\/ovelanalista.com\/index.php?rest_route=\/wp\/v2\/posts\/113322\/revisions"}],"predecessor-version":[{"id":113324,"href":"https:\/\/ovelanalista.com\/index.php?rest_route=\/wp\/v2\/posts\/113322\/revisions\/113324"}],"wp:featuredmedia":[{"embeddable":true,"href":"https:\/\/ovelanalista.com\/index.php?rest_route=\/wp\/v2\/media\/113323"}],"wp:attachment":[{"href":"https:\/\/ovelanalista.com\/index.php?rest_route=%2Fwp%2Fv2%2Fmedia&parent=113322"}],"wp:term":[{"taxonomy":"category","embeddable":true,"href":"https:\/\/ovelanalista.com\/index.php?rest_route=%2Fwp%2Fv2%2Fcategories&post=113322"},{"taxonomy":"post_tag","embeddable":true,"href":"https:\/\/ovelanalista.com\/index.php?rest_route=%2Fwp%2Fv2%2Ftags&post=113322"}],"curies":[{"name":"wp","href":"https:\/\/api.w.org\/{rel}","templated":true}]}}