{"id":113325,"date":"2025-01-31T08:55:35","date_gmt":"2025-01-31T15:55:35","guid":{"rendered":"https:\/\/ovelanalista.com\/?p=113325"},"modified":"2025-01-31T08:55:35","modified_gmt":"2025-01-31T15:55:35","slug":"detienen-a-presunto-lider-criminal-en-iztapalapa","status":"publish","type":"post","link":"https:\/\/ovelanalista.com\/?p=113325","title":{"rendered":"Detienen a presunto l\u00edder criminal en Iztapalapa"},"content":{"rendered":"<p>Diego \u201cN\u201d, l\u00edder de una c\u00e9lula criminal, fue detenido tras cateos realizados en las alcald\u00edas Venustiano Carranza e Iztapalapa.<\/p>\n<p>Fuerzas federales detuvieron a\u00a0<strong>Diego \u201cN\u201d<\/strong>, de 23 a\u00f1os de edad y se\u00f1alado por ser\u00a0<strong>l\u00edder<\/strong>\u00a0de una\u00a0<strong>c\u00e9lula criminal<\/strong>\u00a0que opera en la\u00a0<strong>Ciudad de M\u00e9xico.<\/strong><\/p>\n<p>En su\u00a0<a href=\"https:\/\/www.gob.mx\/sspc\/prensa\/el-gabinete-de-seguridad-del-gobierno-de-mexico-informa-acciones-relevantes-del-miercoles-29-de-enero-de-2025\" target=\"_blank\" rel=\"noopener noreferrer\">parte diario<\/a>\u00a0de acciones relevantes, se destac\u00f3 que Diego \u201cN\u201d fue detenido junto a otras tres personas luego de que fueran ejecutados cateos en inmuebles de las alcald\u00edas\u00a0<strong>Venustiano Carranza<\/strong>\u00a0e\u00a0<strong>Iztapalapa<\/strong>.<\/p>\n<p>En el operativo participaron elementos del Ej\u00e9rcito mexicano, Guardia Nacional, la Secretar\u00eda de Marina (Semar) y Fiscal\u00eda General de Justicia de la Ciudad de M\u00e9xico (FGJ CDMX).<\/p>\n<p>Trascendi\u00f3 que el presunto l\u00edder criminal fue capturado en la\u00a0<strong>colonia El Tri\u00e1ngulo<\/strong>, en la alcald\u00eda\u00a0<strong>Iztapalapa<\/strong>.<\/p>\n<p>Adem\u00e1s, las fuerzas federales aseguraron diversas dosis de coca\u00edna, mariguana, metanfetamina, dos equipos telef\u00f3nicos y un veh\u00edculo de la marca BMW.<\/p>\n<div id=\"ros-inread-multiple-g09uep\" class=\"ad-container dfp-ad-unit ad-inread ad-slot\" data-ad-type=\"inreadbox\" data-slot=\"inread-multiple\" data-ad-loaded=\"1\" data-ad-setup=\"{&quot;postID&quot;:1686487,&quot;canRefresh&quot;:false,&quot;infinitescroll&quot;:false}\" data-google-query-id=\"CNKN8q3jnosDFU7QTwIddVs7pQ\"><\/div>\n<div data-ad-type=\"inreadbox\" data-slot=\"inread-multiple\" data-ad-loaded=\"1\" data-ad-setup=\"{&quot;postID&quot;:1686487,&quot;canRefresh&quot;:false,&quot;infinitescroll&quot;:false}\" data-google-query-id=\"CNKN8q3jnosDFU7QTwIddVs7pQ\">\n<div class=\"col-12 col-lg-8\">\n<div class=\"article-content\">\n<p>Con informaci\u00f3n de L\u00f3pez-D\u00f3riga Digital<\/p>\n<\/div>\n<\/div>\n<div class=\"col-12 col-lg-4 d-none d-lg-block\">\n<div class=\"sidebar-content-area\">\n<div id=\"ros-box-a-679bed861822e\" class=\"ad-container dfp-ad-unit ad-custom ad-boxbanner ad-slot\" data-ad-type=\"custom\" data-slot=\"ros-box-a\" data-ad-setup=\"{&quot;postID&quot;:1686487,&quot;css&quot;:&quot;ad-boxbanner&quot;,&quot;canRefresh&quot;:true,&quot;mappings&quot;:{&quot;sizes&quot;:[[300,250],[300,600]],&quot;desktop&quot;:[[300,250],[300,600]],&quot;mobile&quot;:[],&quot;all&quot;:[]},&quot;infinitescroll&quot;:false}\" data-ad-loaded=\"1\" data-google-query-id=\"CLvR0qHjnosDFTPGTwIdi-Ms5A\"><\/div>\n<\/div>\n<\/div>\n<\/div>\n","protected":false},"excerpt":{"rendered":"<p>Diego \u201cN\u201d, l\u00edder de una c\u00e9lula criminal, fue detenido tras cateos realizados en las alcald\u00edas Venustiano Carranza e Iztapalapa. Fuerzas federales detuvieron a\u00a0Diego \u201cN\u201d, de 23 a\u00f1os de edad y se\u00f1alado por ser\u00a0l\u00edder\u00a0de una\u00a0c\u00e9lula criminal\u00a0que opera en la\u00a0Ciudad de M\u00e9xico. En su\u00a0parte diario\u00a0de acciones relevantes, se destac\u00f3 que Diego \u201cN\u201d fue detenido junto a otras tres personas luego de que fueran ejecutados cateos en inmuebles de las alcald\u00edas\u00a0Venustiano Carranza\u00a0e\u00a0Iztapalapa. En el operativo participaron elementos del Ej\u00e9rcito mexicano, Guardia Nacional, la Secretar\u00eda de Marina (Semar) y Fiscal\u00eda General de Justicia de la Ciudad de M\u00e9xico (FGJ CDMX). Trascendi\u00f3 que el presunto [&hellip;]<\/p>\n","protected":false},"author":3,"featured_media":113327,"comment_status":"open","ping_status":"open","sticky":false,"template":"","format":"standard","meta":{"_jetpack_newsletter_access":"","_jetpack_dont_email_post_to_subs":false,"_jetpack_newsletter_tier_id":0,"_jetpack_memberships_contains_paywalled_content":false,"_jetpack_feature_clip_id":0,"_jetpack_memberships_contains_paid_content":false,"footnotes":"","jetpack_publicize_message":"","jetpack_publicize_feature_enabled":true,"jetpack_social_post_already_shared":true,"jetpack_social_options":{"image_generator_settings":{"template":"highway","default_image_id":0,"font":"","enabled":false},"version":2},"jetpack_post_was_ever_published":false},"categories":[75,72],"tags":[],"class_list":["post-113325","post","type-post","status-publish","format-standard","has-post-thumbnail","hentry","category-nacional","category-portada","post--single"],"jetpack_publicize_connections":[],"jetpack_featured_media_url":"https:\/\/ovelanalista.com\/wp-content\/uploads\/2025\/01\/detencion-lider-criminal-iztapalapa-cdmx.webp","jetpack_sharing_enabled":true,"_links":{"self":[{"href":"https:\/\/ovelanalista.com\/index.php?rest_route=\/wp\/v2\/posts\/113325","targetHints":{"allow":["GET"]}}],"collection":[{"href":"https:\/\/ovelanalista.com\/index.php?rest_route=\/wp\/v2\/posts"}],"about":[{"href":"https:\/\/ovelanalista.com\/index.php?rest_route=\/wp\/v2\/types\/post"}],"author":[{"embeddable":true,"href":"https:\/\/ovelanalista.com\/index.php?rest_route=\/wp\/v2\/users\/3"}],"replies":[{"embeddable":true,"href":"https:\/\/ovelanalista.com\/index.php?rest_route=%2Fwp%2Fv2%2Fcomments&post=113325"}],"version-history":[{"count":1,"href":"https:\/\/ovelanalista.com\/index.php?rest_route=\/wp\/v2\/posts\/113325\/revisions"}],"predecessor-version":[{"id":113331,"href":"https:\/\/ovelanalista.com\/index.php?rest_route=\/wp\/v2\/posts\/113325\/revisions\/113331"}],"wp:featuredmedia":[{"embeddable":true,"href":"https:\/\/ovelanalista.com\/index.php?rest_route=\/wp\/v2\/media\/113327"}],"wp:attachment":[{"href":"https:\/\/ovelanalista.com\/index.php?rest_route=%2Fwp%2Fv2%2Fmedia&parent=113325"}],"wp:term":[{"taxonomy":"category","embeddable":true,"href":"https:\/\/ovelanalista.com\/index.php?rest_route=%2Fwp%2Fv2%2Fcategories&post=113325"},{"taxonomy":"post_tag","embeddable":true,"href":"https:\/\/ovelanalista.com\/index.php?rest_route=%2Fwp%2Fv2%2Ftags&post=113325"}],"curies":[{"name":"wp","href":"https:\/\/api.w.org\/{rel}","templated":true}]}}