{"id":113326,"date":"2025-01-30T18:13:12","date_gmt":"2025-01-31T01:13:12","guid":{"rendered":"https:\/\/ovelanalista.com\/?p=113326"},"modified":"2025-01-30T18:13:12","modified_gmt":"2025-01-31T01:13:12","slug":"detienen-en-culiacan-a-presunto-miembro-de-los-chapitos","status":"publish","type":"post","link":"https:\/\/ovelanalista.com\/?p=113326","title":{"rendered":"Detienen en Culiac\u00e1n a presunto miembro de \u2018los Chapitos\u2019"},"content":{"rendered":"<p>Fuerzas federales detuvieron a un presunto miembro de \u2018los Chapitos\u2019 tras una breve persecuci\u00f3n en Culiac\u00e1n.<\/p>\n<p>Autoridades federales\u00a0<strong>detuvieron<\/strong>\u00a0en\u00a0<strong>Culiac\u00e1n<\/strong>\u00a0a un\u00a0<strong>presunto miembro<\/strong>\u00a0de \u2018<strong>los Chapitos<\/strong>\u2018, grupo criminal identificado como principal generador de violencia en Sinaloa.<\/p>\n<p>Agentes realizaban un recorrido de vigilancia en inmediaciones del\u00a0<strong>Jard\u00edn Bot\u00e1nico<\/strong>\u00a0cuando el conductor de un veh\u00edculo aceler\u00f3 y emprendi\u00f3 la huida, lo que desat\u00f3 su persecuci\u00f3n<\/p>\n<p><strong>Ricardo<\/strong>\u00a0T. U., de\u00a0<strong>19 a\u00f1os de edad<\/strong>, fue detenido calles adelante tras chocar contra una banqueta.<\/p>\n<p>Se le aseguraron un\u00a0<strong>arma de fuego corta<\/strong>\u00a0a la altura de la cintura, as\u00ed como un\u00a0<strong>fusil<\/strong>, cartuchos \u00fatiles y una bolsita con\u00a0<strong>mariguana<\/strong>\u00a0que tra\u00eda en la camioneta que conduc\u00eda, misma que contaba con reporte de robo vigente.<\/p>\n<p>El joven fue puesto a disposici\u00f3n del agente del Ministerio P\u00fablico correspondiente para definir su situaci\u00f3n legal.<\/p>\n<p>La detenci\u00f3n fue realizada por elementos de la Secretar\u00eda de Seguridad y Protecci\u00f3n Ciudadana (SSPC), Secretar\u00eda de la Defensa Nacional, Secretar\u00eda de Marina (Semar), Fiscal\u00eda General de la Rep\u00fablica (FGR) y Guardia Nacional (GN).<\/p>\n<p>Con informaci\u00f3n de L\u00f3pez-D\u00f3riga Digital<\/p>\n","protected":false},"excerpt":{"rendered":"<p>Fuerzas federales detuvieron a un presunto miembro de \u2018los Chapitos\u2019 tras una breve persecuci\u00f3n en Culiac\u00e1n. Autoridades federales\u00a0detuvieron\u00a0en\u00a0Culiac\u00e1n\u00a0a un\u00a0presunto miembro\u00a0de \u2018los Chapitos\u2018, grupo criminal identificado como principal generador de violencia en Sinaloa. Agentes realizaban un recorrido de vigilancia en inmediaciones del\u00a0Jard\u00edn Bot\u00e1nico\u00a0cuando el conductor de un veh\u00edculo aceler\u00f3 y emprendi\u00f3 la huida, lo que desat\u00f3 su persecuci\u00f3n Ricardo\u00a0T. U., de\u00a019 a\u00f1os de edad, fue detenido calles adelante tras chocar contra una banqueta. Se le aseguraron un\u00a0arma de fuego corta\u00a0a la altura de la cintura, as\u00ed como un\u00a0fusil, cartuchos \u00fatiles y una bolsita con\u00a0mariguana\u00a0que tra\u00eda en la camioneta que conduc\u00eda, misma [&hellip;]<\/p>\n","protected":false},"author":3,"featured_media":113328,"comment_status":"open","ping_status":"open","sticky":false,"template":"","format":"standard","meta":{"_jetpack_newsletter_access":"","_jetpack_dont_email_post_to_subs":false,"_jetpack_newsletter_tier_id":0,"_jetpack_memberships_contains_paywalled_content":false,"_jetpack_feature_clip_id":0,"_jetpack_memberships_contains_paid_content":false,"footnotes":"","jetpack_publicize_message":"","jetpack_publicize_feature_enabled":true,"jetpack_social_post_already_shared":true,"jetpack_social_options":{"image_generator_settings":{"template":"highway","default_image_id":0,"font":"","enabled":false},"version":2},"jetpack_post_was_ever_published":false},"categories":[75,72],"tags":[],"class_list":["post-113326","post","type-post","status-publish","format-standard","has-post-thumbnail","hentry","category-nacional","category-portada","post--single"],"jetpack_publicize_connections":[],"jetpack_featured_media_url":"https:\/\/ovelanalista.com\/wp-content\/uploads\/2025\/01\/ricardo-t-u-presunto-miembro-de-los-chapitos.webp","jetpack_sharing_enabled":true,"_links":{"self":[{"href":"https:\/\/ovelanalista.com\/index.php?rest_route=\/wp\/v2\/posts\/113326","targetHints":{"allow":["GET"]}}],"collection":[{"href":"https:\/\/ovelanalista.com\/index.php?rest_route=\/wp\/v2\/posts"}],"about":[{"href":"https:\/\/ovelanalista.com\/index.php?rest_route=\/wp\/v2\/types\/post"}],"author":[{"embeddable":true,"href":"https:\/\/ovelanalista.com\/index.php?rest_route=\/wp\/v2\/users\/3"}],"replies":[{"embeddable":true,"href":"https:\/\/ovelanalista.com\/index.php?rest_route=%2Fwp%2Fv2%2Fcomments&post=113326"}],"version-history":[{"count":1,"href":"https:\/\/ovelanalista.com\/index.php?rest_route=\/wp\/v2\/posts\/113326\/revisions"}],"predecessor-version":[{"id":113329,"href":"https:\/\/ovelanalista.com\/index.php?rest_route=\/wp\/v2\/posts\/113326\/revisions\/113329"}],"wp:featuredmedia":[{"embeddable":true,"href":"https:\/\/ovelanalista.com\/index.php?rest_route=\/wp\/v2\/media\/113328"}],"wp:attachment":[{"href":"https:\/\/ovelanalista.com\/index.php?rest_route=%2Fwp%2Fv2%2Fmedia&parent=113326"}],"wp:term":[{"taxonomy":"category","embeddable":true,"href":"https:\/\/ovelanalista.com\/index.php?rest_route=%2Fwp%2Fv2%2Fcategories&post=113326"},{"taxonomy":"post_tag","embeddable":true,"href":"https:\/\/ovelanalista.com\/index.php?rest_route=%2Fwp%2Fv2%2Ftags&post=113326"}],"curies":[{"name":"wp","href":"https:\/\/api.w.org\/{rel}","templated":true}]}}