{"id":113333,"date":"2025-01-31T08:58:04","date_gmt":"2025-01-31T15:58:04","guid":{"rendered":"https:\/\/ovelanalista.com\/?p=113333"},"modified":"2025-01-31T08:58:04","modified_gmt":"2025-01-31T15:58:04","slug":"de-aranceles-y-tombolas","status":"publish","type":"post","link":"https:\/\/ovelanalista.com\/?p=113333","title":{"rendered":"De aranceles y t\u00f3mbolas"},"content":{"rendered":"<p class=\"name-person\"><strong>Francisco Garfias<\/strong><\/p>\n<p>La amenaza se concreta. Ya no se trata de la vocera de la Casa Blanca,\u00a0<strong>Karoline Leavitt<\/strong>, sino de las declaraciones del propio presidente\u00a0<strong>Donald Trump<\/strong>, en el sentido de que el s\u00e1bado entran en vigor los aranceles del 25% para M\u00e9xico y Canad\u00e1.<\/p>\n<p>Ya no us\u00f3 s\u00f3lo la migraci\u00f3n y el fentanilo para justificar la grave violaci\u00f3n al T-MEC. Habl\u00f3 tambi\u00e9n de los \u201csubsidios masivos\u201d que Estados Unidos \u201cda\u201d a los dos pa\u00edses en forma de d\u00e9ficits.<\/p>\n<p class=\"banner-content-ads\">\n<div id=\"video-dfp-remix-flow\" data-ads=\"\/35139216\/Excelsior\/Video_InRead_1\" data-target=\"video-ads-custom\">\n<div id=\"video-ads-custom\" data-google-query-id=\"CJTay7ipoIsDFfOFpgQdC14kaQ\">\n<div id=\"google_ads_iframe_\/35139216\/Excelsior\/Video_InRead_1_0__container__\"><iframe id=\"google_ads_iframe_\/35139216\/Excelsior\/Video_InRead_1_0\" tabindex=\"0\" title=\"3rd party ad content\" name=\"google_ads_iframe_\/35139216\/Excelsior\/Video_InRead_1_0\" width=\"1\" height=\"1\" frameborder=\"0\" marginwidth=\"0\" marginheight=\"0\" scrolling=\"no\" aria-label=\"Advertisement\" data-load-complete=\"true\" data-google-container-id=\"8\" data-mce-fragment=\"1\"><\/iframe><\/div>\n<\/div>\n<\/div>\n<p>&nbsp;<\/p>\n<p>En la rueda de prensa que ofreci\u00f3 ayer en el despacho oval de la Casa Blanca, el presidente estadunidense jug\u00f3 al suspenso cuando se le pregunt\u00f3 si el petr\u00f3leo est\u00e1 incluido en los aranceles.<\/p>\n<p>\u201cPuede que lo hagamos, puede que no. Probablemente lo decidiremos esta noche\u201d, respondi\u00f3.<\/p>\n<p>No s\u00e9 si la presidenta\u00a0<strong>Sheinbaum<\/strong>\u00a0a\u00fan siga creyendo que\u00a0<strong>Trump<\/strong>\u00a0blofea. Espero, por el bien del pa\u00eds, que no sea discurso que su gobierno est\u00e1 preparado para enfrentar el desaf\u00edo.<\/p>\n<p><strong>Marcelo Ebrard<\/strong>, secretario de Econom\u00eda y excanciller, conf\u00eda en que se encontrar\u00e1n puntos de acuerdo con Estados Unidos.<\/p>\n<p>Otros optimistas argumentan que\u00a0<strong>Trump<\/strong>\u00a0usa el temor a que ponga impuestos a las exportaciones como instrumento para\u00a0<em>doblar<\/em>\u00a0a otros pa\u00edses. El incidente con Colombia y otras amenazas no cumplidas refuerzan esta tesis.<\/p>\n<p>Aunque el tipo de cambio ya fue impactado por el anuncio de\u00a0<strong>Trump<\/strong>. El peso baj\u00f3 frente al d\u00f3lar. De 20.56 que cerr\u00f3 el mi\u00e9rcoles, pas\u00f3 a 20.70 la noche del jueves.<\/p>\n<p>&nbsp;<\/p>\n<p><strong>*<\/strong>\u00a0Presenci\u00e9 ayer en el Senado ese\u00a0<em>show<\/em>\u00a0de las pelotitas que llaman pomposamente \u201cinsaculaci\u00f3n\u201d. La rifa se hizo para definir a los candidatos a juzgadores del Poder Judicial.<\/p>\n<p>As\u00ed de serio es el proceso para elegir a los futuros jueces, magistrados y ministros que ser\u00e1n votados el pr\u00f3ximo 1 de junio.<\/p>\n<p>Le pedimos al ministro en retiro,\u00a0<strong>Jos\u00e9 Ram\u00f3n Coss\u00edo<\/strong>\u00a0su opini\u00f3n sobre la t\u00f3mbola en el Senado y la reforma al Poder Judicial. Nos dijo:<\/p>\n<p>\u201cM\u00e1s all\u00e1 de lo anecd\u00f3tico, desde el comienzo, mucha gente, les dijimos que no era una buena reforma. No ten\u00eda pies ni cabeza. Fue puro voluntarismo pol\u00edtico. Forzaron tanto las cosas, la hicieron tan mal, que ahora est\u00e1n pagando las consecuencias<\/p>\n<p>\u201cSe les echaron los tiempos encima, no calcularon las magnitudes de la elecci\u00f3n, los costos. Pensaron que se pod\u00eda elegir por circuitos y no se va a poder. Ya sali\u00f3 la resoluci\u00f3n del INE.<\/p>\n<p>\u201cEl (ex)presidente, por las razones que hayan sido, present\u00f3 una iniciativa p\u00e9sima. Nadie se atrevi\u00f3 a dec\u00edrselo y ahora, sobre la marcha, tienen que ir corrigiendo todo, diciendo que as\u00ed es la democracia y ocultando que es un error\u201d.<\/p>\n<p>Con la t\u00f3mbola, sintetiz\u00f3, pretenden purgar todos los errores.<\/p>\n<p>La Barra Mexicana de Abogados sac\u00f3 un comunicado en el que califica de inconstitucional que el Senado haya realizado la \u201cinsaculaci\u00f3n\u201d de los aspirantes registrados en el Poder Judicial.<\/p>\n<p>Sostiene que viola el art\u00edculo 105 de la Carta Magna, que proh\u00edbe modificar las reglas de un proceso electoral ya iniciado, dijo en un comunicado.<\/p>\n<p>Pero tambi\u00e9n el art\u00edculo 96, que establece que la selecci\u00f3n de las candidaturas del Poder Judicial es facultad exclusiva de su Comit\u00e9 de Evaluaci\u00f3n.<\/p>\n<p>&nbsp;<\/p>\n<p><strong>*<\/strong>\u00a0Lo adelantamos ayer en este espacio.\u00a0<strong>Ricardo Anaya<\/strong>\u00a0ya es el nuevo coordinador de la bancada del PAN en el Senado. Sustituye a\u00a0<strong>Guadalupe Murgu\u00eda<\/strong>.<\/p>\n<p>El otrora \u201cjoven maravilla\u201d poste\u00f3 ayer en X un mensaje de agradecimiento a sus compa\u00f1eras y compa\u00f1eros por la confianza que le dieron para ser coordinador.<\/p>\n<p>\u201cSeguiremos impulsando lo que beneficie a las familias mexicanas oponi\u00e9ndose con fuerza y determinaci\u00f3n a lo que les afecte\u201d, afirm\u00f3.<\/p>\n<p>Ya que estamos. La bancada del PAN en el Senado confirm\u00f3 ayer en Aguascalientes, donde realiza su plenaria, que la primera iniciativa que presentar\u00e1 ser\u00e1 sobre la disminuci\u00f3n del IEPS a las gasolinas, para abaratar su costo.<\/p>\n<p>&nbsp;<\/p>\n","protected":false},"excerpt":{"rendered":"<p>Francisco Garfias La amenaza se concreta. Ya no se trata de la vocera de la Casa Blanca,\u00a0Karoline Leavitt, sino de las declaraciones del propio presidente\u00a0Donald Trump, en el sentido de que el s\u00e1bado entran en vigor los aranceles del 25% para M\u00e9xico y Canad\u00e1. Ya no us\u00f3 s\u00f3lo la migraci\u00f3n y el fentanilo para justificar la grave violaci\u00f3n al T-MEC. Habl\u00f3 tambi\u00e9n de los \u201csubsidios masivos\u201d que Estados Unidos \u201cda\u201d a los dos pa\u00edses en forma de d\u00e9ficits. &nbsp; En la rueda de prensa que ofreci\u00f3 ayer en el despacho oval de la Casa Blanca, el presidente estadunidense jug\u00f3 al [&hellip;]<\/p>\n","protected":false},"author":3,"featured_media":104284,"comment_status":"open","ping_status":"open","sticky":false,"template":"","format":"standard","meta":{"_jetpack_newsletter_access":"","_jetpack_dont_email_post_to_subs":false,"_jetpack_newsletter_tier_id":0,"_jetpack_memberships_contains_paywalled_content":false,"_jetpack_feature_clip_id":0,"_jetpack_memberships_contains_paid_content":false,"footnotes":"","jetpack_publicize_message":"","jetpack_publicize_feature_enabled":true,"jetpack_social_post_already_shared":true,"jetpack_social_options":{"image_generator_settings":{"template":"highway","default_image_id":0,"font":"","enabled":false},"version":2},"jetpack_post_was_ever_published":false},"categories":[79],"tags":[],"class_list":["post-113333","post","type-post","status-publish","format-standard","has-post-thumbnail","hentry","category-columnistas-nacionales","post--single"],"jetpack_publicize_connections":[],"jetpack_featured_media_url":"https:\/\/ovelanalista.com\/wp-content\/uploads\/2024\/09\/Garfias-5-2.jpg","jetpack_sharing_enabled":true,"_links":{"self":[{"href":"https:\/\/ovelanalista.com\/index.php?rest_route=\/wp\/v2\/posts\/113333","targetHints":{"allow":["GET"]}}],"collection":[{"href":"https:\/\/ovelanalista.com\/index.php?rest_route=\/wp\/v2\/posts"}],"about":[{"href":"https:\/\/ovelanalista.com\/index.php?rest_route=\/wp\/v2\/types\/post"}],"author":[{"embeddable":true,"href":"https:\/\/ovelanalista.com\/index.php?rest_route=\/wp\/v2\/users\/3"}],"replies":[{"embeddable":true,"href":"https:\/\/ovelanalista.com\/index.php?rest_route=%2Fwp%2Fv2%2Fcomments&post=113333"}],"version-history":[{"count":1,"href":"https:\/\/ovelanalista.com\/index.php?rest_route=\/wp\/v2\/posts\/113333\/revisions"}],"predecessor-version":[{"id":113334,"href":"https:\/\/ovelanalista.com\/index.php?rest_route=\/wp\/v2\/posts\/113333\/revisions\/113334"}],"wp:featuredmedia":[{"embeddable":true,"href":"https:\/\/ovelanalista.com\/index.php?rest_route=\/wp\/v2\/media\/104284"}],"wp:attachment":[{"href":"https:\/\/ovelanalista.com\/index.php?rest_route=%2Fwp%2Fv2%2Fmedia&parent=113333"}],"wp:term":[{"taxonomy":"category","embeddable":true,"href":"https:\/\/ovelanalista.com\/index.php?rest_route=%2Fwp%2Fv2%2Fcategories&post=113333"},{"taxonomy":"post_tag","embeddable":true,"href":"https:\/\/ovelanalista.com\/index.php?rest_route=%2Fwp%2Fv2%2Ftags&post=113333"}],"curies":[{"name":"wp","href":"https:\/\/api.w.org\/{rel}","templated":true}]}}