{"id":113336,"date":"2025-01-31T09:10:37","date_gmt":"2025-01-31T16:10:37","guid":{"rendered":"https:\/\/ovelanalista.com\/?p=113336"},"modified":"2025-01-31T09:03:34","modified_gmt":"2025-01-31T16:03:34","slug":"reforma-tras-reforma-y-el-pais-sin-energeticos","status":"publish","type":"post","link":"https:\/\/ovelanalista.com\/?p=113336","title":{"rendered":"Reforma tras reforma y el pa\u00eds sin energ\u00e9ticos"},"content":{"rendered":"<p><b>\u00cdNDICE POL\u00cdTICO<\/b><\/p>\n<p><b>FRANCISCO RODR\u00cdGUEZ<\/b><\/p>\n<p>&nbsp;<\/p>\n<p>De doble cara. As\u00ed son la mayor\u00eda de los cuatroteros que hoy tienen a su cargo la Administraci\u00f3n P\u00fablica Federal. Y, entre otras cosas, por tal es que la instituci\u00f3n hoy es totalmente fallida, improductiva, pero eso s\u00ed autoritaria y exigente de los recursos de los medianos y peque\u00f1os contribuyentes.<\/p>\n<p>En p\u00fablico, estos seguidores de AMLO se han mesado las barbas por el mentado neoliberalismo. Que dizque por oponerse a \u201cgrandes reformas por las que vot\u00f3 el pueblo\u201d y bla, bla, bla.<\/p>\n<p>Pero son ellos mismos quienes han estropeado y sabotean cualquier otra iniciativa legislativa o reformista que no salga de sus propios escritorios.<\/p>\n<p>No se necesita remontar mucho en el tiempo para confirmar que tal es la t\u00f3nica prevaleciente los \u00faltimos tr\u00e1gicos a\u00f1os.<\/p>\n<p>Ah\u00ed est\u00e1, por ejemplo, la muy avanzada reforma energ\u00e9tica que el PRI propuso en los estertores del mandato de\u00a0<b>Ernesto Zedillo<\/b>, y que los panistas echaron para abajo, s\u00f3lo para proponer despu\u00e9s otra que era regresiva \u2013pon\u00eda en manos privadas y extranjeras los recursos naturales e instalaciones estrat\u00e9gicas\u2013, y que nos vendieron como \u201cel tesoro\u201d, aunque nunca dijeron que tal no era para los mexicanos.<\/p>\n<p>No se necesitaba mucha ciencia para afirmar que entonces la administraci\u00f3n del pa\u00eds estaba partidizada. O m\u00e1s que eso: revestida de los odios personales de\u00a0<b>Felipe Calder\u00f3n<\/b>. Nada que hubiese tocado el PRI. Nada que oliera al PRI. Nada que produjera el PRI.<\/p>\n<p>Todo ello, no obstante que el partido tricolor fue el que le abri\u00f3 la puerta de atr\u00e1s del Congreso el 1 de diciembre de 2006, y el que le ayud\u00f3 a encaramarse en un cargo que le dio un Tribunal, no el voto mayoritario de los mexicanos.<\/p>\n<p>Y la reforma energ\u00e9tica del blanquiazul, como antes la propuesta por el tricolor, se fue al bote de la basura.<\/p>\n<p>Mientras tanto el pa\u00eds que requer\u00eda cada vez m\u00e1s energ\u00eda el\u00e9ctrica \u2013hoy todav\u00eda insuficiente\u2013, m\u00e1s recursos producto de la extracci\u00f3n y refinaci\u00f3n de su oro negro, lo mismo que m\u00e1s combustibles se qued\u00f3 en Babia.<\/p>\n<p>&nbsp;<\/p>\n<p><b>De todos modos, en manos extranjeras<\/b><\/p>\n<p>No obstante, en materia de energ\u00eda el\u00e9ctrica, por ejemplo, desde el zedillato hasta EPN los llamados productores independientes \u2013en su mayor\u00eda extranjeros\u2014eran quienes llevaban todas las de ganar.<\/p>\n<p>La Comisi\u00f3n Federal estaba obligada a adquirir sus excedentes, por lo que dej\u00f3 de producir electricidad en las grandes presas del sureste, causa principal de las inundaciones que casi cada a\u00f1o asuelan a gran parte del territorio de Tabasco y parcialmente de Chiapas.<\/p>\n<p>En materia petrolera, durante mucho tiempo que empresas estadounidenses como Halliburton y Schlumberger, entre otras muchas otras, gozaban de los llamados \u201ccontratos incentivados\u201d con los que no s\u00f3lo se burlaba a la Constituci\u00f3n, sino a la propia empresa paraestatal, habida cuenta de que s\u00f3lo devoraban millones y millones de d\u00f3lares sin entregar resultados, cual suced\u00eda en Chicontepec.<\/p>\n<p>Otra privatizaci\u00f3n silenciosa de Pemex se dio v\u00eda los Pidiriegas, con los que se financiaban innumerables contratos de los llamados \u201cllave en mano\u201d y que estuvieron a cargo,\u00a0<b><i>but of course<\/i><\/b>, de empresas de la iniciativa privada.<\/p>\n<p>Banqueros, financieros, empresarios y un sector de la as\u00ed nombrada clase pol\u00edtica, presionaban empero para que la Constituci\u00f3n sea reformada para permitir que Pemex abriera sus puertas de par en par a los negociantes<\/p>\n<p><b>\u00a0<\/b><\/p>\n<p><b>Con EPN, privatizaci\u00f3n disfrazada<\/b><\/p>\n<p>Para desgracia de M\u00e9xico, lleg\u00f3 al poder\u00a0<b>Enrique Pe\u00f1a<\/b>. Y con \u00e9l su \u201cPacto por M\u00e9xico\u201d que entre otras inclu\u00eda oooootra reforma energ\u00e9tica.<\/p>\n<p>El discurso oficial imperante no hablaba de privatizaci\u00f3n, sino de modernizaci\u00f3n, incluso de transformaci\u00f3n, de la empresa.<\/p>\n<p>As\u00ed lo dec\u00eda el propio Presidente de la Rep\u00fablica en m\u00e1s de una ocasi\u00f3n, desde su propia campa\u00f1a proselitista, y lo ha repetido en los dos \u00faltimos d\u00edas.<\/p>\n<p>En palabras del\u00a0<b><i>atracomulca<\/i><\/b>, el objetivo era ayudar a la econom\u00eda familiar; democratizar la productividad al reducir las tarifas de la micro, peque\u00f1a y mediana empresa; elevar la competitividad de la industria nacional y permitir la creaci\u00f3n de mayor infraestructura e inversi\u00f3n para aprovechar los recursos petroleros del pa\u00eds.<\/p>\n<p>Explicaba que las entonces paraestatales despu\u00e9s convertidas en empresas productivas del Estado deber\u00edan ser m\u00e1s eficaces, transparentes, mayor rendici\u00f3n de cuentas, y \u00e9tica corporativa.<\/p>\n<p>Otro fracaso que, desde el inicio, Cuauht\u00e9moc C\u00e1rdenas calific\u00f3 de intento de privatizaci\u00f3n.<\/p>\n<p><img loading=\"lazy\" decoding=\"async\" class=\"aligncenter size-full wp-image-502433\" src=\"https:\/\/indicepolitico.com\/wp-content\/uploads\/2025\/01\/otra-reforma-energetica.jpg\" sizes=\"auto, (max-width: 510px) 100vw, 510px\" srcset=\"https:\/\/indicepolitico.com\/wp-content\/uploads\/2025\/01\/otra-reforma-energetica.jpg 510w, https:\/\/indicepolitico.com\/wp-content\/uploads\/2025\/01\/otra-reforma-energetica-300x180.jpg 300w\" alt=\"\" width=\"510\" height=\"306\" data-pin-no-hover=\"true\" \/><\/p>\n<p><b>AMLO Vs. la Constituci\u00f3n<\/b><\/p>\n<p>Luego de que la Corte declarara abiertamente inconstitucional la reforma a la Ley El\u00e9ctrica en 2021, L\u00f3pez Obrador present\u00f3 su propia \u201ctransformaci\u00f3n\u201d en materia energ\u00e9tica hace ya casi un a\u00f1o, el 5 de febrero de 2024.<\/p>\n<p>No fue tan f\u00e1cil redactar la iniciativa, pues s\u00f3lo cab\u00edan dos o tres hip\u00f3tesis: dirigir la reforma constitucional a sacar las manos de los jueces para impedirles opinar sobre alg\u00fan negocio del sector energ\u00e9tico\u2026<\/p>\n<p>\u2026enderezar las bater\u00edas para limitar la inversi\u00f3n extranjera a todos los temas energ\u00e9ticos o de recursos no renovables\u2026<\/p>\n<p>\u2026o sellar las fronteras del pa\u00eds para limitar los alcances de cualquier tratado comercial que permitiera la participaci\u00f3n de empresas privadas en la generaci\u00f3n o distribuci\u00f3n de cualquier tipo de energ\u00eda, o de recursos mineros o naturales.<\/p>\n<p>En ninguna de las tres hip\u00f3tesis cab\u00eda la raz\u00f3n jur\u00eddica o constitucional, a no ser que se quisiera producir otro bodrio jur\u00eddico que fuese nuevamente bateado por los jueces, hoy m\u00e1s engallados que nunca.<\/p>\n<p>Entre otras razones, por ello en aquella misma conmemoraci\u00f3n de la Constituci\u00f3n, AMLO tambi\u00e9n present\u00f3 su controvertida, chusca e inoperante en los hechos Reforma Judicial.<\/p>\n<p>Ambas, entre otras 16, pasaron a un Congreso controlado por Morena \u00a1que las aprob\u00f3 sin revisarlas siquiera!<\/p>\n<p>&nbsp;<\/p>\n<p><b>Sheinbaum, participaci\u00f3n mixta<\/b><\/p>\n<p>Hace un par de d\u00edas la Presidente\u00a0<b>Claudia Sheinbaum<\/b>\u00a0firm\u00f3 las iniciativas de leyes secundarias a la reforma energ\u00e9tica de su antecesor con las que ahora Pemex y CFE ya dejaron de ser paraestatales, empresas productivas, para volver a ser del Estado.<\/p>\n<p>Son \u00a1ooootras seis nuevas leyes!, entre ellas la Ley de la Empresa P\u00fablica del Estado para Pemex y CFE, la Ley de Planeaci\u00f3n y Transici\u00f3n Energ\u00e9tica, y la Ley del Sector El\u00e9ctrico e Hidrocarburos, mismas que ser\u00e1n aprobadas sin chistar por las manadas legislativas de Morena y sat\u00e9lites que la acompa\u00f1an.<\/p>\n<p>Que habr\u00e1 participaci\u00f3n de la iniciativa privada en una proporci\u00f3n de 54% para las empresas estatales y 46% para quienes se atrevan a venir a invertir en ellas que ahora mismo est\u00e1n sobre endeudadas, pr\u00e1cticamente sin viabilidad y, debido entre otras cosas a la inseguridad f\u00edsica y jur\u00eddica en la que ya vive el pa\u00eds.<\/p>\n<p>Hace diez a\u00f1os, la ameritada publicaci\u00f3n europea\u00a0<b><i>Business France<\/i><\/b>\u00a0nos hizo llegar, a trav\u00e9s de su directora\u00a0<b><i>Muriel Penicaud<\/i><\/b>\u00a0el siguiente recado: ninguna empresa francesa de mediana para arriba invertir\u00e1 en hidrocarburos mexicanos, mientras exista ese nivel de violencia. Es la voz del Parlamento europeo.<\/p>\n<p>Falta que escuchemos lo que al respecto diga\u00a0<b>Donald Trump<\/b>.<\/p>\n<p>Reformas van, reformas vienen y, mientras, tanto el pa\u00eds que requiere cada vez m\u00e1s energ\u00eda el\u00e9ctrica \u2013hoy todav\u00eda insuficiente\u2013, m\u00e1s recursos producto de la extracci\u00f3n y refinaci\u00f3n de su oro negro, lo mismo que m\u00e1s combustibles est\u00e1 en Babia.<\/p>\n<p>&nbsp;<\/p>\n<p><b>Indicios<\/b><\/p>\n<p>\u201cEs una reversi\u00f3n de la reforma de 2013\u201d, dijo Sheinbaum sobre los cambios constitucionales con los que hace m\u00e1s de una d\u00e9cada se abri\u00f3 el sector a las empresas privadas. \u201cSe recupera el sentido p\u00fablico de CFE y de Pemex como garantes de la producci\u00f3n de energ\u00eda para el pueblo de M\u00e9xico y la soberan\u00eda nacional\u201d. A ver si es cierto. * * * Por hoy es todo. Reciba usted mi reconocimiento por haber le\u00eddo este texto y, como siempre, mis deseos de que tenga \u00a1buenas gracias y muchos, muchos d\u00edas!<\/p>\n<p class=\"x_MsoNormal\" style=\"text-align: left;\" align=\"right\"><span lang=\"ES\"><a title=\"https:\/\/www.indicepolitico.com\/\" href=\"https:\/\/www.indicepolitico.com\/\" target=\"_blank\" rel=\"noopener noreferrer\" data-auth=\"NotApplicable\" data-linkindex=\"0\"><b>https:\/\/www.indicepolitico.com<\/b><\/a><br \/>\n<a title=\"https:\/\/mail.google.com\/mail\/?view=cm&amp;fs=1&amp;tf=1&amp;to=indicepolitico@gmail.com\" href=\"https:\/\/mail.google.com\/mail\/?view=cm&amp;fs=1&amp;tf=1&amp;to=indicepolitico@gmail.com\" target=\"_blank\" rel=\"noopener noreferrer\" data-auth=\"NotApplicable\" data-linkindex=\"1\"><b>indicepolitico@gmail.com<\/b><\/a><br \/>\n<a title=\"https:\/\/www.twitter.com\/IndicePolitico\" href=\"https:\/\/www.twitter.com\/IndicePolitico\" target=\"_blank\" rel=\"noopener noreferrer\" data-auth=\"NotApplicable\" data-linkindex=\"2\"><b>@IndicePolitico<\/b><\/a><br \/>\n<a title=\"https:\/\/www.twitter.com\/pacorodriguez\" href=\"https:\/\/www.twitter.com\/pacorodriguez\" target=\"_blank\" rel=\"noopener noreferrer\" data-auth=\"NotApplicable\" data-linkindex=\"3\"><b>@pacorodriguez<\/b><\/a><\/span><\/p>\n","protected":false},"excerpt":{"rendered":"<p>\u00cdNDICE POL\u00cdTICO FRANCISCO RODR\u00cdGUEZ &nbsp; De doble cara. As\u00ed son la mayor\u00eda de los cuatroteros que hoy tienen a su cargo la Administraci\u00f3n P\u00fablica Federal. Y, entre otras cosas, por tal es que la instituci\u00f3n hoy es totalmente fallida, improductiva, pero eso s\u00ed autoritaria y exigente de los recursos de los medianos y peque\u00f1os contribuyentes. En p\u00fablico, estos seguidores de AMLO se han mesado las barbas por el mentado neoliberalismo. Que dizque por oponerse a \u201cgrandes reformas por las que vot\u00f3 el pueblo\u201d y bla, bla, bla. Pero son ellos mismos quienes han estropeado y sabotean cualquier otra iniciativa legislativa [&hellip;]<\/p>\n","protected":false},"author":3,"featured_media":92642,"comment_status":"open","ping_status":"open","sticky":false,"template":"","format":"standard","meta":{"_jetpack_newsletter_access":"","_jetpack_dont_email_post_to_subs":false,"_jetpack_newsletter_tier_id":0,"_jetpack_memberships_contains_paywalled_content":false,"_jetpack_feature_clip_id":0,"_jetpack_memberships_contains_paid_content":false,"footnotes":"","jetpack_publicize_message":"","jetpack_publicize_feature_enabled":true,"jetpack_social_post_already_shared":true,"jetpack_social_options":{"image_generator_settings":{"template":"highway","default_image_id":0,"font":"","enabled":false},"version":2},"jetpack_post_was_ever_published":false},"categories":[79],"tags":[],"class_list":["post-113336","post","type-post","status-publish","format-standard","has-post-thumbnail","hentry","category-columnistas-nacionales","post--single"],"jetpack_publicize_connections":[],"jetpack_featured_media_url":"https:\/\/ovelanalista.com\/wp-content\/uploads\/2024\/04\/WhatsApp-Image-2024-04-01-at-13.45.17.jpeg","jetpack_sharing_enabled":true,"_links":{"self":[{"href":"https:\/\/ovelanalista.com\/index.php?rest_route=\/wp\/v2\/posts\/113336","targetHints":{"allow":["GET"]}}],"collection":[{"href":"https:\/\/ovelanalista.com\/index.php?rest_route=\/wp\/v2\/posts"}],"about":[{"href":"https:\/\/ovelanalista.com\/index.php?rest_route=\/wp\/v2\/types\/post"}],"author":[{"embeddable":true,"href":"https:\/\/ovelanalista.com\/index.php?rest_route=\/wp\/v2\/users\/3"}],"replies":[{"embeddable":true,"href":"https:\/\/ovelanalista.com\/index.php?rest_route=%2Fwp%2Fv2%2Fcomments&post=113336"}],"version-history":[{"count":1,"href":"https:\/\/ovelanalista.com\/index.php?rest_route=\/wp\/v2\/posts\/113336\/revisions"}],"predecessor-version":[{"id":113338,"href":"https:\/\/ovelanalista.com\/index.php?rest_route=\/wp\/v2\/posts\/113336\/revisions\/113338"}],"wp:featuredmedia":[{"embeddable":true,"href":"https:\/\/ovelanalista.com\/index.php?rest_route=\/wp\/v2\/media\/92642"}],"wp:attachment":[{"href":"https:\/\/ovelanalista.com\/index.php?rest_route=%2Fwp%2Fv2%2Fmedia&parent=113336"}],"wp:term":[{"taxonomy":"category","embeddable":true,"href":"https:\/\/ovelanalista.com\/index.php?rest_route=%2Fwp%2Fv2%2Fcategories&post=113336"},{"taxonomy":"post_tag","embeddable":true,"href":"https:\/\/ovelanalista.com\/index.php?rest_route=%2Fwp%2Fv2%2Ftags&post=113336"}],"curies":[{"name":"wp","href":"https:\/\/api.w.org\/{rel}","templated":true}]}}