{"id":113360,"date":"2025-01-31T11:10:52","date_gmt":"2025-01-31T18:10:52","guid":{"rendered":"https:\/\/ovelanalista.com\/?p=113360"},"modified":"2025-01-31T09:43:37","modified_gmt":"2025-01-31T16:43:37","slug":"persecucion-al-sur-de-culiacan-sinaloa-deja-siete-muertos","status":"publish","type":"post","link":"https:\/\/ovelanalista.com\/?p=113360","title":{"rendered":"Persecuci\u00f3n al sur de Culiac\u00e1n, Sinaloa, deja siete muertos"},"content":{"rendered":"<p>Militares persiguieron a presuntos delincuentes en la sindicatura de Costa Rica, ubicada al sur de Culiac\u00e1n, en Sinaloa.<\/p>\n<p>Una\u00a0<strong>persecuci\u00f3n<\/strong>\u00a0en la sindicatura de\u00a0<strong>Costa Rica<\/strong>, al sur de\u00a0<strong>Culiac\u00e1n, Sinaloa<\/strong>, la tarde del jueves dej\u00f3 como saldo\u00a0<strong>dos militares muertos<\/strong>,\u00a0<strong>cinco<\/strong>\u00a0presuntos delincuentes\u00a0<strong>abatidos<\/strong>\u00a0y tres integrantes de una familia heridos.<\/p>\n<p>Militares persegu\u00edan a sujetos armados sobre la\u00a0<strong>carretera La 12,<\/strong>\u00a0cuando uno de sus veh\u00edculos volc\u00f3 y se incendi\u00f3. A ra\u00edz de esta situaci\u00f3n dos elementos del Ej\u00e9rcito mexicano murieron calcinados, adem\u00e1s de que otros dos tuvieron lesiones.<\/p>\n<p>Seg\u00fan medios locales, los militares muertos fueron identificados como<strong>\u00a0Carlos Antonio \u201cN\u201d<\/strong>\u00a0y\u00a0<strong>Juan \u201cN\u201d.<\/strong><\/p>\n<p>La persecuci\u00f3n sigui\u00f3 sobre la carretera\u00a0<strong>Culiac\u00e1n-<\/strong><strong>Eldorado<\/strong>\u00a0hasta que se les dio alcance. Cinco presuntos delincuentes fueron abatidos, mientras que otros tres fueron detenidos por las autoridades.<\/p>\n<p>En el sitio fueron asegurados varios veh\u00edculos asegurados, adem\u00e1s de armas largas y cartuchos.<\/p>\n<p>Autoridades de Sinaloa confirmaron que tres integrantes de una familia de jornaleros resultados con lesiones de bala en las inmediaciones de Campo Paralelo 38.<\/p>\n<p>\u201cUn hombre con una lesi\u00f3n en la pierna, su esposa con una herida en el brazo y su hijo, de un a\u00f1o de edad, con una lesi\u00f3n en la mejilla\u201d, destac\u00f3 la Fiscal\u00eda de Sinaloa.<\/p>\n<p>Las v\u00edctimas fueron identificados como\u00a0<strong>Iv\u00e1n \u201cC\u201d<\/strong>, de tan solo un a\u00f1o y siete meses, y sus padres\u00a0<strong>Geovanna \u201cM\u201d<\/strong>\u00a0y\u00a0<strong>Jaime \u201cC\u201d<\/strong>, de 34 a\u00f1os.<\/p>\n<p>La entidad vive una ola de violencia desde inicios de septiembre del a\u00f1o pasado por pugnas entre facciones del\u00a0<strong>C\u00e1rtel de Sinaloa<\/strong>, derivado de la detenci\u00f3n en un aeropuerto de Nuevo M\u00e9xico, en EE.UU., del narcotraficante Ismael\u00a0<em>Mayo<\/em>\u00a0Zambada, ocurrida el 25 de julio.<\/p>\n<p>Con informaci\u00f3n de Los Noticieristas<\/p>\n","protected":false},"excerpt":{"rendered":"<p>Militares persiguieron a presuntos delincuentes en la sindicatura de Costa Rica, ubicada al sur de Culiac\u00e1n, en Sinaloa. Una\u00a0persecuci\u00f3n\u00a0en la sindicatura de\u00a0Costa Rica, al sur de\u00a0Culiac\u00e1n, Sinaloa, la tarde del jueves dej\u00f3 como saldo\u00a0dos militares muertos,\u00a0cinco\u00a0presuntos delincuentes\u00a0abatidos\u00a0y tres integrantes de una familia heridos. Militares persegu\u00edan a sujetos armados sobre la\u00a0carretera La 12,\u00a0cuando uno de sus veh\u00edculos volc\u00f3 y se incendi\u00f3. A ra\u00edz de esta situaci\u00f3n dos elementos del Ej\u00e9rcito mexicano murieron calcinados, adem\u00e1s de que otros dos tuvieron lesiones. Seg\u00fan medios locales, los militares muertos fueron identificados como\u00a0Carlos Antonio \u201cN\u201d\u00a0y\u00a0Juan \u201cN\u201d. La persecuci\u00f3n sigui\u00f3 sobre la carretera\u00a0Culiac\u00e1n-Eldorado\u00a0hasta que se les [&hellip;]<\/p>\n","protected":false},"author":3,"featured_media":113362,"comment_status":"open","ping_status":"open","sticky":false,"template":"","format":"standard","meta":{"_jetpack_newsletter_access":"","_jetpack_dont_email_post_to_subs":false,"_jetpack_newsletter_tier_id":0,"_jetpack_memberships_contains_paywalled_content":false,"_jetpack_feature_clip_id":0,"_jetpack_memberships_contains_paid_content":false,"footnotes":"","jetpack_publicize_message":"","jetpack_publicize_feature_enabled":true,"jetpack_social_post_already_shared":true,"jetpack_social_options":{"image_generator_settings":{"template":"highway","default_image_id":0,"font":"","enabled":false},"version":2},"jetpack_post_was_ever_published":false},"categories":[90,72],"tags":[],"class_list":["post-113360","post","type-post","status-publish","format-standard","has-post-thumbnail","hentry","category-estatal","category-portada","post--single"],"jetpack_publicize_connections":[],"jetpack_featured_media_url":"https:\/\/ovelanalista.com\/wp-content\/uploads\/2025\/01\/persecucion-militares-delincuentes-costa-rica-culiacan-sinaloa.webp","jetpack_sharing_enabled":true,"_links":{"self":[{"href":"https:\/\/ovelanalista.com\/index.php?rest_route=\/wp\/v2\/posts\/113360","targetHints":{"allow":["GET"]}}],"collection":[{"href":"https:\/\/ovelanalista.com\/index.php?rest_route=\/wp\/v2\/posts"}],"about":[{"href":"https:\/\/ovelanalista.com\/index.php?rest_route=\/wp\/v2\/types\/post"}],"author":[{"embeddable":true,"href":"https:\/\/ovelanalista.com\/index.php?rest_route=\/wp\/v2\/users\/3"}],"replies":[{"embeddable":true,"href":"https:\/\/ovelanalista.com\/index.php?rest_route=%2Fwp%2Fv2%2Fcomments&post=113360"}],"version-history":[{"count":1,"href":"https:\/\/ovelanalista.com\/index.php?rest_route=\/wp\/v2\/posts\/113360\/revisions"}],"predecessor-version":[{"id":113363,"href":"https:\/\/ovelanalista.com\/index.php?rest_route=\/wp\/v2\/posts\/113360\/revisions\/113363"}],"wp:featuredmedia":[{"embeddable":true,"href":"https:\/\/ovelanalista.com\/index.php?rest_route=\/wp\/v2\/media\/113362"}],"wp:attachment":[{"href":"https:\/\/ovelanalista.com\/index.php?rest_route=%2Fwp%2Fv2%2Fmedia&parent=113360"}],"wp:term":[{"taxonomy":"category","embeddable":true,"href":"https:\/\/ovelanalista.com\/index.php?rest_route=%2Fwp%2Fv2%2Fcategories&post=113360"},{"taxonomy":"post_tag","embeddable":true,"href":"https:\/\/ovelanalista.com\/index.php?rest_route=%2Fwp%2Fv2%2Ftags&post=113360"}],"curies":[{"name":"wp","href":"https:\/\/api.w.org\/{rel}","templated":true}]}}