{"id":113368,"date":"2025-01-31T11:20:56","date_gmt":"2025-01-31T18:20:56","guid":{"rendered":"https:\/\/ovelanalista.com\/?p=113368"},"modified":"2025-01-31T09:57:45","modified_gmt":"2025-01-31T16:57:45","slug":"aplazan-tercera-audiencia-de-marilyn-cote-victimas-exigen-justicia","status":"publish","type":"post","link":"https:\/\/ovelanalista.com\/?p=113368","title":{"rendered":"Aplazan tercera audiencia de Marilyn Cote; v\u00edctimas exigen justicia"},"content":{"rendered":"<p>V\u00edctimas exigen que la falsa psiquiatra Marilyn Cote sea vinculada a proceso por el delito de amenazas.<\/p>\n<p>Un juez\u00a0<strong>aplaz\u00f3<\/strong>\u00a0la\u00a0<strong>tercera audiencia<\/strong>\u00a0contra\u00a0<strong>Marilyn Cote<\/strong>, quien se hizo pasar por psiquiatra.<\/p>\n<p>A m\u00e1s de tres meses de que se viralizara el caso de la\u00a0<strong>falsa psiquiatra<\/strong>\u00a0de\u00a0<strong>Puebla<\/strong>\u00a0v\u00edctimas exigen justicia y celeridad en el proceso.<\/p>\n<p>Cote fue detenida a\u00a0<a href=\"https:\/\/lopezdoriga.com\/nacional\/detienen-a-marilyn-cote-mujer-que-presuntamente-se-hacia-pasar-como-psiquiatra\/\" target=\"_blank\" rel=\"noopener\">finales de noviembre<\/a>\u00a0en Tlaxcala y se\u00f1alada de\u00a0<strong>usurpaci\u00f3n de profesi\u00f3n<\/strong>\u00a0y\u00a0<strong>amenazas<\/strong>.<\/p>\n<p>Un juez le impuso la medida cautelar de\u00a0<strong>prisi\u00f3n preventiva<\/strong>\u00a0por usurpaci\u00f3n, con lo que fue ingresada en el\u00a0<strong>Centro Penitenciario Femenil de Ciudad Serd\u00e1n<\/strong>.<\/p>\n<p>Sin embargo, v\u00edctimas acusan que Marilyn Cote no ha sido vinculada a proceso por amenazas.<\/p>\n<p>Denunciaron que en la primera audiencia la mujer no se present\u00f3 y en la segunda argument\u00f3 que se sent\u00eda muy mal.<\/p>\n<p>Este jueves estaba prevista la\u00a0<strong>tercera<\/strong>\u00a0<strong>audiencia<\/strong>, pero\u00a0<strong>se aplaz\u00f3<\/strong>\u00a0al 4 de febrero a solicitud de\u00a0<strong>duplicidad de t\u00e9rmino<\/strong>.<\/p>\n<p>Con informaci\u00f3n de Radio F\u00f3rmula<\/p>\n","protected":false},"excerpt":{"rendered":"<p>V\u00edctimas exigen que la falsa psiquiatra Marilyn Cote sea vinculada a proceso por el delito de amenazas. Un juez\u00a0aplaz\u00f3\u00a0la\u00a0tercera audiencia\u00a0contra\u00a0Marilyn Cote, quien se hizo pasar por psiquiatra. A m\u00e1s de tres meses de que se viralizara el caso de la\u00a0falsa psiquiatra\u00a0de\u00a0Puebla\u00a0v\u00edctimas exigen justicia y celeridad en el proceso. Cote fue detenida a\u00a0finales de noviembre\u00a0en Tlaxcala y se\u00f1alada de\u00a0usurpaci\u00f3n de profesi\u00f3n\u00a0y\u00a0amenazas. Un juez le impuso la medida cautelar de\u00a0prisi\u00f3n preventiva\u00a0por usurpaci\u00f3n, con lo que fue ingresada en el\u00a0Centro Penitenciario Femenil de Ciudad Serd\u00e1n. Sin embargo, v\u00edctimas acusan que Marilyn Cote no ha sido vinculada a proceso por amenazas. Denunciaron que en [&hellip;]<\/p>\n","protected":false},"author":3,"featured_media":113373,"comment_status":"open","ping_status":"open","sticky":false,"template":"","format":"standard","meta":{"_jetpack_newsletter_access":"","_jetpack_dont_email_post_to_subs":false,"_jetpack_newsletter_tier_id":0,"_jetpack_memberships_contains_paywalled_content":false,"_jetpack_feature_clip_id":0,"_jetpack_memberships_contains_paid_content":false,"footnotes":"","jetpack_publicize_message":"","jetpack_publicize_feature_enabled":true,"jetpack_social_post_already_shared":true,"jetpack_social_options":{"image_generator_settings":{"template":"highway","default_image_id":0,"font":"","enabled":false},"version":2},"jetpack_post_was_ever_published":false},"categories":[75,72],"tags":[],"class_list":["post-113368","post","type-post","status-publish","format-standard","has-post-thumbnail","hentry","category-nacional","category-portada","post--single"],"jetpack_publicize_connections":[],"jetpack_featured_media_url":"https:\/\/ovelanalista.com\/wp-content\/uploads\/2025\/01\/vinculan-a-proceso-a-marilyn-cote.webp","jetpack_sharing_enabled":true,"_links":{"self":[{"href":"https:\/\/ovelanalista.com\/index.php?rest_route=\/wp\/v2\/posts\/113368","targetHints":{"allow":["GET"]}}],"collection":[{"href":"https:\/\/ovelanalista.com\/index.php?rest_route=\/wp\/v2\/posts"}],"about":[{"href":"https:\/\/ovelanalista.com\/index.php?rest_route=\/wp\/v2\/types\/post"}],"author":[{"embeddable":true,"href":"https:\/\/ovelanalista.com\/index.php?rest_route=\/wp\/v2\/users\/3"}],"replies":[{"embeddable":true,"href":"https:\/\/ovelanalista.com\/index.php?rest_route=%2Fwp%2Fv2%2Fcomments&post=113368"}],"version-history":[{"count":1,"href":"https:\/\/ovelanalista.com\/index.php?rest_route=\/wp\/v2\/posts\/113368\/revisions"}],"predecessor-version":[{"id":113374,"href":"https:\/\/ovelanalista.com\/index.php?rest_route=\/wp\/v2\/posts\/113368\/revisions\/113374"}],"wp:featuredmedia":[{"embeddable":true,"href":"https:\/\/ovelanalista.com\/index.php?rest_route=\/wp\/v2\/media\/113373"}],"wp:attachment":[{"href":"https:\/\/ovelanalista.com\/index.php?rest_route=%2Fwp%2Fv2%2Fmedia&parent=113368"}],"wp:term":[{"taxonomy":"category","embeddable":true,"href":"https:\/\/ovelanalista.com\/index.php?rest_route=%2Fwp%2Fv2%2Fcategories&post=113368"},{"taxonomy":"post_tag","embeddable":true,"href":"https:\/\/ovelanalista.com\/index.php?rest_route=%2Fwp%2Fv2%2Ftags&post=113368"}],"curies":[{"name":"wp","href":"https:\/\/api.w.org\/{rel}","templated":true}]}}