{"id":113378,"date":"2025-01-31T12:00:31","date_gmt":"2025-01-31T19:00:31","guid":{"rendered":"https:\/\/ovelanalista.com\/?p=113378"},"modified":"2025-01-31T10:02:06","modified_gmt":"2025-01-31T17:02:06","slug":"sheinbaum-reprueba-que-ee-uu-envie-a-migrantes-a-la-base-naval-de-guantanamo","status":"publish","type":"post","link":"https:\/\/ovelanalista.com\/?p=113378","title":{"rendered":"Sheinbaum reprueba que EE.UU. env\u00ede a migrantes a la base naval de Guant\u00e1namo"},"content":{"rendered":"<p>La presidenta Sheinbaum dijo que no se puede tratar a migrantes como criminales, en referencia a esta nueva medida de EE.UU.<\/p>\n<p class=\"p1\">La presidenta de M\u00e9xico,\u00a0<a href=\"https:\/\/x.com\/Claudiashein\" target=\"_blank\" rel=\"noreferrer noopener\"><span class=\"s1\"><b>Claudia<\/b><\/span><\/a><b>\u00a0Sheinbaum Pardo<\/b>, mostr\u00f3 este viernes su\u00a0<strong>desacuerdo<\/strong>\u00a0en que el Gobierno de\u00a0<strong>Estados Unidos<\/strong>\u00a0env\u00ede\u00a0<strong>migrantes<\/strong>\u00a0a la\u00a0<strong>base naval<\/strong>\u00a0de\u00a0<strong>Guant\u00e1namo<\/strong>, en\u00a0<strong>Cuba<\/strong>.<\/p>\n<p><iframe loading=\"lazy\" title=\"#Ma\u00f1aneraDelPueblo desde Palacio Nacional. Viernes 31 de enero 2025\" width=\"1200\" height=\"675\" src=\"https:\/\/www.youtube.com\/embed\/NEz8bossZs4?feature=oembed\" frameborder=\"0\" allow=\"accelerometer; autoplay; clipboard-write; encrypted-media; gyroscope; picture-in-picture; web-share\" referrerpolicy=\"strict-origin-when-cross-origin\" allowfullscreen><\/iframe><\/p>\n<p>En la conferencia matutina de Palacio Nacional, Sheinbaum Pardo detall\u00f3 que su Gobierno siempre est\u00e1 a favor de que prevalezca el derecho internacional y la protecci\u00f3n a los derechos humanos de los migrantes.<\/p>\n<blockquote><p>\u201cObviamente no estamos de acuerdo con el trato a personas migrantes como criminales\u201d, argument\u00f3.<\/p><\/blockquote>\n<p>\u201cNosotros siempre vamos a buscar que prevalezca el derecho internacional y la protecci\u00f3n a los derechos humanos\u201d, puntualiz\u00f3 esta ma\u00f1ana.<\/p>\n<p>El presidente de Estados Unidos,\u00a0<strong>Donald Trump<\/strong>, firm\u00f3 esta semana un memorando para que el Pent\u00e1gono y el Departamento de Seguridad Nacional habiliten\u00a0<strong><a href=\"https:\/\/lopezdoriga.com\/internacional\/trump-alista-30-mil-camas-guantanamo-detencion-migrantes\/\" target=\"_blank\" rel=\"noopener\">30 mil camas<\/a><\/strong>\u00a0en la base naval de Guant\u00e1namo, con el fin de detener a migrantes indocumentados.<\/p>\n<p>El texto habla de expandir el actual centro \u201chasta su plena capacidad\u201d sin indicar una cifra concreta, aunque en declaraciones durante un acto en la Casa Blanca Trump asegur\u00f3 que ser\u00e1n 30 mil camas.<\/p>\n<p>\u201cTendremos 30 mil camas en Guant\u00e1namo para detener a los peores inmigrantes ilegales criminales que son una amenaza para el pueblo estadounidense\u201d, asegur\u00f3 Trump antes de firmar el memorando.<\/p>\n<p>El Servicio de Inmigraci\u00f3n y Control de Aduanas (<strong>ICE<\/strong>, por sus siglas en ingl\u00e9s) opera desde hace d\u00e9cadas en la base militar de Guant\u00e1namo un centro de detenci\u00f3n para inmigrantes, el cual administra de manera independiente a la prisi\u00f3n destinada a sospechosos de terrorismo.<\/p>\n<p>El zar de la frontera de Trump,\u00a0<strong>Tom Homan<\/strong>, aclar\u00f3 en declaraciones a periodistas que seguir\u00e1 siendo el ICE la agencia responsable de operar el centro de detenci\u00f3n con 30 mil camas.<\/p>\n<p>Los migrantes que hasta ahora llegan a la base de Guant\u00e1namo son aquellos que las autoridades estadounidenses interceptan en el mar cuando intentan alcanzar las costas del pa\u00eds, principalmente procedentes de Cuba y Hait\u00ed.<\/p>\n<p class=\"p1\">Con informaci\u00f3n de L\u00f3pez-D\u00f3riga Digital<\/p>\n","protected":false},"excerpt":{"rendered":"<p>La presidenta Sheinbaum dijo que no se puede tratar a migrantes como criminales, en referencia a esta nueva medida de EE.UU. La presidenta de M\u00e9xico,\u00a0Claudia\u00a0Sheinbaum Pardo, mostr\u00f3 este viernes su\u00a0desacuerdo\u00a0en que el Gobierno de\u00a0Estados Unidos\u00a0env\u00ede\u00a0migrantes\u00a0a la\u00a0base naval\u00a0de\u00a0Guant\u00e1namo, en\u00a0Cuba. En la conferencia matutina de Palacio Nacional, Sheinbaum Pardo detall\u00f3 que su Gobierno siempre est\u00e1 a favor de que prevalezca el derecho internacional y la protecci\u00f3n a los derechos humanos de los migrantes. \u201cObviamente no estamos de acuerdo con el trato a personas migrantes como criminales\u201d, argument\u00f3. \u201cNosotros siempre vamos a buscar que prevalezca el derecho internacional y la protecci\u00f3n a los [&hellip;]<\/p>\n","protected":false},"author":3,"featured_media":113381,"comment_status":"open","ping_status":"open","sticky":false,"template":"","format":"standard","meta":{"_jetpack_newsletter_access":"","_jetpack_dont_email_post_to_subs":false,"_jetpack_newsletter_tier_id":0,"_jetpack_memberships_contains_paywalled_content":false,"_jetpack_feature_clip_id":0,"_jetpack_memberships_contains_paid_content":false,"footnotes":"","jetpack_publicize_message":"","jetpack_publicize_feature_enabled":true,"jetpack_social_post_already_shared":true,"jetpack_social_options":{"image_generator_settings":{"template":"highway","default_image_id":0,"font":"","enabled":false},"version":2},"jetpack_post_was_ever_published":false},"categories":[75,72],"tags":[],"class_list":["post-113378","post","type-post","status-publish","format-standard","has-post-thumbnail","hentry","category-nacional","category-portada","post--single"],"jetpack_publicize_connections":[],"jetpack_featured_media_url":"https:\/\/ovelanalista.com\/wp-content\/uploads\/2025\/01\/centro-detencion-guantanamo-cuba-eeuu.webp","jetpack_sharing_enabled":true,"_links":{"self":[{"href":"https:\/\/ovelanalista.com\/index.php?rest_route=\/wp\/v2\/posts\/113378","targetHints":{"allow":["GET"]}}],"collection":[{"href":"https:\/\/ovelanalista.com\/index.php?rest_route=\/wp\/v2\/posts"}],"about":[{"href":"https:\/\/ovelanalista.com\/index.php?rest_route=\/wp\/v2\/types\/post"}],"author":[{"embeddable":true,"href":"https:\/\/ovelanalista.com\/index.php?rest_route=\/wp\/v2\/users\/3"}],"replies":[{"embeddable":true,"href":"https:\/\/ovelanalista.com\/index.php?rest_route=%2Fwp%2Fv2%2Fcomments&post=113378"}],"version-history":[{"count":1,"href":"https:\/\/ovelanalista.com\/index.php?rest_route=\/wp\/v2\/posts\/113378\/revisions"}],"predecessor-version":[{"id":113382,"href":"https:\/\/ovelanalista.com\/index.php?rest_route=\/wp\/v2\/posts\/113378\/revisions\/113382"}],"wp:featuredmedia":[{"embeddable":true,"href":"https:\/\/ovelanalista.com\/index.php?rest_route=\/wp\/v2\/media\/113381"}],"wp:attachment":[{"href":"https:\/\/ovelanalista.com\/index.php?rest_route=%2Fwp%2Fv2%2Fmedia&parent=113378"}],"wp:term":[{"taxonomy":"category","embeddable":true,"href":"https:\/\/ovelanalista.com\/index.php?rest_route=%2Fwp%2Fv2%2Fcategories&post=113378"},{"taxonomy":"post_tag","embeddable":true,"href":"https:\/\/ovelanalista.com\/index.php?rest_route=%2Fwp%2Fv2%2Ftags&post=113378"}],"curies":[{"name":"wp","href":"https:\/\/api.w.org\/{rel}","templated":true}]}}