{"id":113383,"date":"2025-01-31T11:17:26","date_gmt":"2025-01-31T18:17:26","guid":{"rendered":"https:\/\/ovelanalista.com\/?p=113383"},"modified":"2025-01-31T11:17:26","modified_gmt":"2025-01-31T18:17:26","slug":"congreso-de-sinaloa-que-decepcion-todos-los-diputados-maiceados","status":"publish","type":"post","link":"https:\/\/ovelanalista.com\/?p=113383","title":{"rendered":"Congreso de Sinaloa: \u00a1Qu\u00e9 decepci\u00f3n!\u2026 Todos los diputados \u201cmaiceados\u201d"},"content":{"rendered":"<div><\/div>\n<div><strong>H\u00e9ctor Calder\u00f3n Hallal<\/strong><\/div>\n<div><\/div>\n<div>S\u00ed\u2026 no hay otra cosa qu\u00e9 suponer, ante el deplorable escenario que vimos la<\/div>\n<div>\u00a0tarde de ayer en el Sal\u00f3n Constituyentes del Congreso del Estado de<\/div>\n<div>Sinaloa, en Culiac\u00e1n.<\/div>\n<div>Y es que\u2026 o todos los diputados locales est\u00e1n \u201cmaiceados\u201d sin excepci\u00f3n\u2026 o<\/div>\n<div>de plano necesitan un buen asesor jur\u00eddico\u2026 cosa que dudo sinceramente,<\/div>\n<div>ante la ostentaci\u00f3n que hace la presidenta de la Junta de Coordinaci\u00f3n<\/div>\n<div>Pol\u00edtica del Poder Legislativo de aquella entidad, quien es hermana del<\/div>\n<div>eterno vividor de la pol\u00edtica, el izquierdista Juan Guerra\u2026 pues ella, la<\/div>\n<div>diputada local Teresa Guerra Ochoa, la ya no tan joven activista de<\/div>\n<div>izquierda, quien se ostenta como doctora en derecho y a quien le asienta<\/div>\n<div>muy bien el poder y sus posturas \u201cconservadoras\u201d\u2026 pudo\u00a0 darse abasto ayer<\/div>\n<div>tarde, ante el c\u00famulo de preguntas de la sociedad manifestante que<\/div>\n<div>march\u00f3 de nuevo exigiendo paz y justicia hasta el Congreso del Estado<\/div>\n<div>Local.<\/div>\n<div>Ayer jueves por la tarde, en el colof\u00f3n de la referida marcha hacia el<\/div>\n<div>Congreso del Estado, por parte de los ciudadanos inconformes que ya no<\/div>\n<div>solo piden paz, sino que sea retirado de la gubernatura el inservible Rub\u00e9n<\/div>\n<div>Rocha Moya, la otrora rabiosa e inconforme activista de izquierda,<\/div>\n<div>excomentarista radiof\u00f3nica, que hablaba quiz\u00e1 \u201ccon un hueco permanente<\/div>\n<div>en el est\u00f3mago\u201d \u2026 pues con todo y su historia, la Tere Guerra enmudeci\u00f3 y<\/div>\n<div>no fue capaz de contestarle a la gente lo que leg\u00edtimamente preguntaba:<\/div>\n<div><\/div>\n<div>\u00bfQu\u00e9 se debe hacer o c\u00f3mo procede la destituci\u00f3n del Gobernador de<\/div>\n<div>Sinaloa?\u2026 \u201c\u00bfQu\u00e9 debemos hacer?\u201d preguntaba la gente\u2026.<\/div>\n<div>\u00bfPues que no es una gran abogada esta se\u00f1ora\u2026 doctora en derecho?\u2026<\/div>\n<div>Y otro diputado, personaje de la pol\u00edtica local, el expri\u00edsta Sergio Torres, que<\/div>\n<div>\u201cse las da de muy grit\u00f3n\u2026 de muy entr\u00f3n\u201d\u2026 Y que siempre ha presumido que<\/div>\n<div>sac\u00f3 sus dos licenciaturas a sangre y fuego, con el<\/div>\n<div>\u201cmop de aceite del Ayuntamiento, limpiando oficinas y ba\u00f1os\u201d\u2026 y que una<\/div>\n<div>de sus dos carreras es la de licenciado en derecho\u2026 pero al momento de<\/div>\n<div>tomar el micr\u00f3fono, se vio m\u00e1s \u201ccantinflesco que el propio<\/div>\n<div>Cantinflas\u201d\u2026 defendiendo a capa y espada a la clase pol\u00edtica de la que \u00e9l<\/div>\n<div>forma parte y nunca poni\u00e9ndose verdaderamente en los zapatos de la<\/div>\n<div>poblaci\u00f3n, que tiene miedo y que siente la genuina preocupaci\u00f3n por el<\/div>\n<div>estado de violencia e inseguridad que vivimos\u2026 de amenaza permanente<\/div>\n<div>en la mayor parte del territorio sinaloense y mexicano\u2026 gracias a la inacci\u00f3n<\/div>\n<div>y complicidad del Gobierno en sus tres niveles, con su pol\u00edtica absurda<\/div>\n<div>de \u201cabrazos y no balazos\u201d\u2026<\/div>\n<div>Sergio se dedic\u00f3 a citar \u201clugares comunes\u201d, eufemismos pol\u00edticos frases<\/div>\n<div>hechas\u2026 para mostrar la \u201csolidaridad de los diputados a ese Congreso y<\/div>\n<div>para con los sinaloenses\u201d \u2026 eso fue todo lo que dijo en resumen\u2026 meras<\/div>\n<div>formalidades.<\/div>\n<div>Digo, no se pod\u00eda esperar mucho de \u00e9l tampoco\u2026 era su papel quiz\u00e1<\/div>\n<div>defender \u201cese estado de cosas que prevalece\u201d \u2026 tambi\u00e9n una vez se avent\u00f3<\/div>\n<div>la puntada con Adela Micha, de decir que era pariente del desaparecido<\/div>\n<div>capo Javier Torres, pistolero de \u201cEl Mayo \u201c Zambada\u2026 y que no le<\/div>\n<div>avergonzaba\u2026porque a la familia \u201cse le defiende orgullosamente\u201d, dijo<\/div>\n<div>aquella vez ante las c\u00e1maras sin rubor alguno\u2026 en una actitud m\u00e1s que de<\/div>\n<div>honestidad y sinceridad\u2026en una actitud imp\u00fadica.<\/div>\n<div>Bochornosa la participaci\u00f3n del hoy diputado y exrector de la UAS, V\u00edctor<\/div>\n<div>Corrales Burgue\u00f1o -adem\u00e1s de padre del \u00faltimo chofer y acompa\u00f1ante<\/div>\n<div>que tuvo en vida H\u00e9ctor Melesio Cu\u00e9n y que vio buena parte de los<\/div>\n<div>macabros hechos cuando asesinaron\u00a0 y la teor\u00eda del caso, a quien le<\/div>\n<div>mataron a su hermano y jefe pol\u00edtico, H\u00e9ctor Melesio Cu\u00e9n\u2026 y en su<\/div>\n<div><\/div>\n<div>alocuci\u00f3n solo se dedic\u00f3 a pedir que se calmaran los \u00e1nimos de la gente, no<\/div>\n<div>retom\u00f3 con coraje las demandas de la poblaci\u00f3n que se manifest\u00f3\u2026 para el<\/div>\n<div>olvido su participaci\u00f3n\u2026y \u00bfqu\u00e9 decir de nuestro paisano el legislador local<\/div>\n<div>mochiteco Bernardino Antelo\u2026 de quien me sent\u00eda genuinamente orgulloso<\/div>\n<div>yo que hasta le manifest\u00e9 personalmente a \u2018Alito\u2019 Moreno mi benepl\u00e1cito<\/div>\n<div>personal por la designaci\u00f3n que le hizo recientemente como Coordinador<\/div>\n<div>Parlamentario de todas las bancadas pri\u00edstas de los Congresos Estatales del<\/div>\n<div>pa\u00eds?<\/div>\n<div>Ciertamente fue correcto el racionamiento que hizo, en el sentido de que<\/div>\n<div>como no son mayor\u00eda los pri\u00edstas\u2026 pues \u201ctenemos que sujetarnos al voto<\/div>\n<div>mayoritario de Morena -aunque sea perverso y abusivo- eso no cambiar\u00e1<\/div>\n<div>sino hasta el 2027 en que la gente vote por el PRI o por la<\/div>\n<div>oposici\u00f3n\u201d dijo Antelo.<\/div>\n<div>\u00a1Demasiado \u2018cuadrado\u2019 Berna te viste\u2026 demasiado ingenieril\u2026esto es<\/div>\n<div>pol\u00edtica\u2026 esto es la guerra, muchacho!\u2026<\/div>\n<div>La guerra de las ideas \u2026de la elocuencia\u2026<\/div>\n<div>Del resto de los diputados que estuvieron en el improvisado pres\u00eddium y<\/div>\n<div>que \u201cestuvieron como convidados de piedra\u201d ni qu\u00e9 hablar\u2026 no los<\/div>\n<div>conozco \u2026son nuevos para el suscrito\u2026<\/div>\n<div>Ah\u00ed les va diputados\u2026 y a la pobre gente que anda toda rozada de sus ingles<\/div>\n<div>en las manifestaciones \u2026sin obtener ning\u00fan logro\u2026que no los enga\u00f1en:<\/div>\n<div>Para sacar a Rub\u00e9n Rocha del poder\u2026 para destituirlo, como a todo<\/div>\n<div>Gobernador hay varias causales seg\u00fan lo marca la ley\u2026 destacan:<\/div>\n<div>En el caso de Sinaloa, el art\u00edculo 63 de la Constituci\u00f3n estatal establece<\/div>\n<div>que: \u201cEl cargo de Gobernador del Estado s\u00f3lo es renunciable por causa<\/div>\n<div>grave que calificar\u00e1 el Congreso, ante el cual se presentar\u00e1 la renuncia\u201d.<\/div>\n<div>Las \u00abcausas graves\u00bb no est\u00e1n previstas en la Constituci\u00f3n de Sinaloa y<\/div>\n<div>quedan a criterio del Congreso estatal, seg\u00fan el caso.<\/div>\n<div>La presidenta de la Jucopo del Congreso de Sinaloa, Mar\u00eda Teresa<\/div>\n<div>Guerra, afirm\u00f3 esta semana que, legalmente, no existe una causa grave<\/div>\n<div>que justifique una solicitud de renuncia, e invit\u00f3 a los ciudadanos a<\/div>\n<div><\/div>\n<div>mantener la memoria hist\u00f3rica sobre administraciones pasadas, cuyos<\/div>\n<div>\u00edndices de violencia, dijo, fueron m\u00e1s alarmantes.<\/div>\n<div>Por causas de fuerza mayor entonces, por una cirug\u00eda de urgencia \u2026 una<\/div>\n<div>enfermedad, un accidente fatal que provoque la imbecilidad o la falta de<\/div>\n<div>capacidad legal en el individuo\u2026 o cualquiera que provoque la ausencia<\/div>\n<div>temporal o definitiva del individuo que encabeza el Ejecutivo\u2026 ser\u00e1 dif\u00edcil.<\/div>\n<div>En ese caso ser\u00eda el Congreso del Estado quien mediante votaci\u00f3n se<\/div>\n<div>pronunciar\u00eda, autorizando o desechando la solicitud de licencia<\/div>\n<div>\u2026temporal o definitiva para el mandatario\u2026 pues a un puesto de elecci\u00f3n<\/div>\n<div>no se renuncia \u2026son puestos irrenunciables, intransferibles e<\/div>\n<div>inalienables\u2026seg\u00fan reza el a\u00f1ejo principio de Derecho.<\/div>\n<div>Este no es el caso\u2026 pues el aun Gobernador Rocha no entra en ninguno de<\/div>\n<div>esos supuestos y no quiere renunciar\u2026y adem\u00e1s no podr\u00eda ser objeto de<\/div>\n<div>ning\u00fan mayoriteo en la c\u00e1mara local de diputados por la oposici\u00f3n, pues<\/div>\n<div>tiene la mayor\u00eda\u2026 y adem\u00e1s no hay voluntad pol\u00edtica de la presidenta de la<\/div>\n<div>Rep\u00fablica ni del amigo aquel innombrable que vive en \u201cLa Chingada\u201d \u2026por lo<\/div>\n<div>que dif\u00edcilmente le dar\u00e1n licencia desde el Congreso local.<\/div>\n<div>Para el eventual caso de la declaraci\u00f3n de desaparici\u00f3n de poderes,<\/div>\n<div>decretada por el Senado de la Rep\u00fablica, por condiciones de<\/div>\n<div>ingobernabilidad en una entidad federativa:<\/div>\n<div>La Constituci\u00f3n federal adem\u00e1s se\u00f1ala en su art\u00edculo 76 que corresponde al<\/div>\n<div>Senado nombrar, cuando hayan desaparecido todos los poderes<\/div>\n<div>constitucionales de una entidad federativa (es decir que sea de tal<\/div>\n<div>magnitud la crisis de ingobernabilidad, como hoy sucede en Sinaloa) a un<\/div>\n<div>titular del Poder Ejecutivo estatal provisional.<\/div>\n<div>En dicho supuesto, este \u00faltimo convocar\u00e1 a elecciones conforme a las leyes<\/div>\n<div>constitucionales de la entidad federativa.<\/div>\n<div>Y por otra parte, tampoco se antoja f\u00e1cil que pueda ser instaurado un juicio<\/div>\n<div>de \u201cdesafuero\u201d pol\u00edtico, para juzgarlo por delitos graves, desde el Congreso<\/div>\n<div><\/div>\n<div>Local, repito \u2026 porque tiene la abrumadora mayor\u00eda\u2026 y no hay voluntad<\/div>\n<div>pol\u00edtica de correrlo ni exhibirlo\u2026 al contrario, a Rocha lo est\u00e1n arropando<\/div>\n<div>porque sabe mucho y puede declarar en contra de AMLO y de Sheinbaum\u2026<\/div>\n<div>As\u00ed que en el Congreso Local no hay nada qu\u00e9 hacer se\u00f1ores<\/div>\n<div>manifestantes\u2026 porque lo de las firmas para el proceso de \u201crevocaci\u00f3n de<\/div>\n<div>mandato\u201d es pura \u201cfaramalla\u201d, pues no procede en este caso contra quien<\/div>\n<div>tuvo la iniciativa de la ley respectiva\u2026 en este caso el propio Rub\u00e9n Rocha<\/div>\n<div>Moya\u2026 entonces operar\u00eda hasta el 2034 esa posibilidad.<\/div>\n<div>S\u00f3lo si la presidenta Sheinbaum \u2026moviera un solo dedo: el me\u00f1ique\u2026 y<\/div>\n<div>pidiera una simple llamada por tel\u00e9fono o por zoom, con Rocha Moya y le<\/div>\n<div>dijera palabras m\u00e1s \u2026palabras menos\u2026 \u201cse acab\u00f3 tu boleto\u00a0 Maestro\u2026ya no<\/div>\n<div>le hagas da\u00f1o a mi Gobierno\u2026 ni a mi movimiento\u2026 vas a presentar tu<\/div>\n<div>renuncia por motivos personales, de salud\u2026 o porque aceptaste mi<\/div>\n<div>propuesta de ir a encabezar la Embajada de M\u00e9xico en Trinidad y Tobago,<\/div>\n<div>concurrente a Barbados y Surinam\u2026 o algo por el estilo\u2026 pero eso amables<\/div>\n<div>lectores\u2026 tampoco va a pasar por lo que se ve.<\/div>\n<div>A menos\u2026 f\u00edjese bien\u2026 a menos que Donald John Trump le haga \u201cmanita de<\/div>\n<div>puerco\u201d a la presidenta Sheinbaum y le exija poner orden en esa porci\u00f3n<\/div>\n<div>de la patria llamada Sinaloa\u2026 as\u00ed, precisamente como se lo detall\u00e9 en el<\/div>\n<div>p\u00e1rrafo anterior\u2026 con un acto de autoridad leg\u00edtima de la presidenta\u2026 que<\/div>\n<div>no de autoritarismo.<\/div>\n<div>Desafortunadamente\u2026 para bien o para mal, los sinaloenses y su grave<\/div>\n<div>crisis de violencia\u2026 en manos de Trump est\u00e1n.<\/div>\n<div><\/div>\n<div>Autor: H\u00e9ctor Calder\u00f3n Hallal<\/div>\n<div>@CaldreronHallal1;<\/div>\n<div>fixiflaux99@gmail.com;<\/div>\n<div><\/div>\n<div>\u201cLas opiniones vertidas en este art\u00edculo, son responsabilidad exclusiva de<\/div>\n<div>su autor; por lo que no necesariamente reflejan la opini\u00f3n institucional de<\/div>\n<div>este medio\u201d.<\/div>\n","protected":false},"excerpt":{"rendered":"<p>H\u00e9ctor Calder\u00f3n Hallal S\u00ed\u2026 no hay otra cosa qu\u00e9 suponer, ante el deplorable escenario que vimos la \u00a0tarde de ayer en el Sal\u00f3n Constituyentes del Congreso del Estado de Sinaloa, en Culiac\u00e1n. Y es que\u2026 o todos los diputados locales est\u00e1n \u201cmaiceados\u201d sin excepci\u00f3n\u2026 o de plano necesitan un buen asesor jur\u00eddico\u2026 cosa que dudo sinceramente, ante la ostentaci\u00f3n que hace la presidenta de la Junta de Coordinaci\u00f3n Pol\u00edtica del Poder Legislativo de aquella entidad, quien es hermana del eterno vividor de la pol\u00edtica, el izquierdista Juan Guerra\u2026 pues ella, la diputada local Teresa Guerra Ochoa, la ya no tan [&hellip;]<\/p>\n","protected":false},"author":3,"featured_media":92679,"comment_status":"open","ping_status":"open","sticky":false,"template":"","format":"standard","meta":{"_jetpack_newsletter_access":"","_jetpack_dont_email_post_to_subs":false,"_jetpack_newsletter_tier_id":0,"_jetpack_memberships_contains_paywalled_content":false,"_jetpack_feature_clip_id":0,"_jetpack_memberships_contains_paid_content":false,"footnotes":"","jetpack_publicize_message":"","jetpack_publicize_feature_enabled":true,"jetpack_social_post_already_shared":true,"jetpack_social_options":{"image_generator_settings":{"template":"highway","default_image_id":0,"font":"","enabled":false},"version":2},"jetpack_post_was_ever_published":false},"categories":[79],"tags":[],"class_list":["post-113383","post","type-post","status-publish","format-standard","has-post-thumbnail","hentry","category-columnistas-nacionales","post--single"],"jetpack_publicize_connections":[],"jetpack_featured_media_url":"https:\/\/ovelanalista.com\/wp-content\/uploads\/2024\/04\/WhatsApp-Image-2024-04-02-at-08.34.24.jpeg","jetpack_sharing_enabled":true,"_links":{"self":[{"href":"https:\/\/ovelanalista.com\/index.php?rest_route=\/wp\/v2\/posts\/113383","targetHints":{"allow":["GET"]}}],"collection":[{"href":"https:\/\/ovelanalista.com\/index.php?rest_route=\/wp\/v2\/posts"}],"about":[{"href":"https:\/\/ovelanalista.com\/index.php?rest_route=\/wp\/v2\/types\/post"}],"author":[{"embeddable":true,"href":"https:\/\/ovelanalista.com\/index.php?rest_route=\/wp\/v2\/users\/3"}],"replies":[{"embeddable":true,"href":"https:\/\/ovelanalista.com\/index.php?rest_route=%2Fwp%2Fv2%2Fcomments&post=113383"}],"version-history":[{"count":1,"href":"https:\/\/ovelanalista.com\/index.php?rest_route=\/wp\/v2\/posts\/113383\/revisions"}],"predecessor-version":[{"id":113385,"href":"https:\/\/ovelanalista.com\/index.php?rest_route=\/wp\/v2\/posts\/113383\/revisions\/113385"}],"wp:featuredmedia":[{"embeddable":true,"href":"https:\/\/ovelanalista.com\/index.php?rest_route=\/wp\/v2\/media\/92679"}],"wp:attachment":[{"href":"https:\/\/ovelanalista.com\/index.php?rest_route=%2Fwp%2Fv2%2Fmedia&parent=113383"}],"wp:term":[{"taxonomy":"category","embeddable":true,"href":"https:\/\/ovelanalista.com\/index.php?rest_route=%2Fwp%2Fv2%2Fcategories&post=113383"},{"taxonomy":"post_tag","embeddable":true,"href":"https:\/\/ovelanalista.com\/index.php?rest_route=%2Fwp%2Fv2%2Ftags&post=113383"}],"curies":[{"name":"wp","href":"https:\/\/api.w.org\/{rel}","templated":true}]}}