{"id":113393,"date":"2025-01-31T14:15:13","date_gmt":"2025-01-31T21:15:13","guid":{"rendered":"https:\/\/ovelanalista.com\/?p=113393"},"modified":"2025-01-31T14:12:48","modified_gmt":"2025-01-31T21:12:48","slug":"flujos-de-migrantes-deportados-a-tamaulipas-no-han-variado-se-mantienen-en-mismos-niveles-americo-villarreal","status":"publish","type":"post","link":"https:\/\/ovelanalista.com\/?p=113393","title":{"rendered":"Flujos de migrantes deportados a Tamaulipas no han variado, se mantienen en mismos niveles: Am\u00e9rico Villarreal"},"content":{"rendered":"<p>El gobernador de Tamaulipas, Am\u00e9rico Villarreal, dijo que del 20 de enero a la fecha su entidad ha recibido mil 600 connacionales deportados.<\/p>\n<p><strong><a href=\"https:\/\/x.com\/Dr_AVillarreal\" target=\"_blank\" rel=\"noopener noreferrer\">Am\u00e9rico<\/a>\u00a0Villarreal<\/strong>, gobernador de\u00a0<strong>Tamaulipas<\/strong>, detall\u00f3 que\u00a0<strong>no se ha registrado<\/strong>\u00a0en la entidad un\u00a0<strong>aumento<\/strong>\u00a0en los\u00a0<strong>connacionales<\/strong>\u00a0<strong>deportados<\/strong>\u00a0de EE.UU., tras el regreso de\u00a0<strong>Donald Trump<\/strong> a la Casa Blanca.<\/p>\n<p>En entrevista con\u00a0<b>Joaqu\u00edn L\u00f3pez-D\u00f3riga<\/b>\u00a0para su espacio en\u00a0<b>Radio F\u00f3rmula<\/b>, Villarreal se\u00f1al\u00f3 que del 20 de enero a la fecha se han repatriado a poco m\u00e1s de mil 600 connacionales por la frontera de Tamaulipas.<\/p>\n<p>\u201cA partir del 20 de enero en que se cambiaron las disposiciones migratorias, los flujos hasta este momento siguen estando sin ninguna alteraci\u00f3n. Seguimos recibiendo de connacionales repatriados los mismos vol\u00famenes a los que esta acostumbrada la frontera tamaulipeca\u201d, dijo.<\/p>\n<blockquote><p>Del d\u00eda 20 a la fecha, se han repatriado por territorio tamaulipeco mil 600 connacionales. Estamos pendientes de ver esas condiciones c\u00f3mo se dan en este sentido\u201d, se\u00f1al\u00f3.<\/p><\/blockquote>\n<p>El mandatario estatal explic\u00f3 que el flujo de migrantes centroamericanos y de otros pa\u00edses que ha llegado a dicha zona de la frontera sigue a la baja, y as\u00ed lo muestran los albergues que se encuentran habilitados en el estado.<\/p>\n<p>\u201cLlevamos varios meses en que el flujo de migrantes, tanto centroamericanos como de otros pa\u00edses a trav\u00e9s de nuestro territorio, han venido ostensiblemente a la baja\u201d, sostuvo.<\/p>\n<p>M\u00e9xico ha recibido a seis mil 244 migrantes deportados en las primeras dos semanas de la Administraci\u00f3n de Trump en Estados Unidos, incluyendo al menos mil 371 de otras nacionalidades.<\/p>\n<p>Lo anterior fue detallado esta semana por la presidenta\u00a0<strong>Claudia Sheinbaum<\/strong>, quien el jueves asegur\u00f3 que esta cantidad de mimigrantes \u201cson pocos, de hecho el n\u00famero no es muy grande, comparado con fechas previas\u201d.<\/p>\n<p>El Gobierno de M\u00e9xico ha instalado\u00a0<a href=\"https:\/\/lopezdoriga.com\/nacional\/gobierno-instala-10-centros-atencion-recibir-migrantes-deportados-eeuu\/\" target=\"_blank\" rel=\"noopener\">10 centros de atenci\u00f3n<\/a>\u00a0en la frontera norte para recibir a los deportados por la Administraci\u00f3n de Trump.<\/p>\n<p>En Tamaulipas hay tres centros para migrantes instalados en\u00a0<strong>Matamoros<\/strong>,\u00a0<strong>Reynosa<\/strong>\u00a0y\u00a0<strong>Nuevo Laredo<\/strong>.<\/p>\n<p>Con informaci\u00f3n de L\u00f3pez-D\u00f3riga Digital<\/p>\n","protected":false},"excerpt":{"rendered":"<p>El gobernador de Tamaulipas, Am\u00e9rico Villarreal, dijo que del 20 de enero a la fecha su entidad ha recibido mil 600 connacionales deportados. Am\u00e9rico\u00a0Villarreal, gobernador de\u00a0Tamaulipas, detall\u00f3 que\u00a0no se ha registrado\u00a0en la entidad un\u00a0aumento\u00a0en los\u00a0connacionales\u00a0deportados\u00a0de EE.UU., tras el regreso de\u00a0Donald Trump a la Casa Blanca. En entrevista con\u00a0Joaqu\u00edn L\u00f3pez-D\u00f3riga\u00a0para su espacio en\u00a0Radio F\u00f3rmula, Villarreal se\u00f1al\u00f3 que del 20 de enero a la fecha se han repatriado a poco m\u00e1s de mil 600 connacionales por la frontera de Tamaulipas. \u201cA partir del 20 de enero en que se cambiaron las disposiciones migratorias, los flujos hasta este momento siguen estando sin ninguna [&hellip;]<\/p>\n","protected":false},"author":3,"featured_media":113397,"comment_status":"open","ping_status":"open","sticky":false,"template":"","format":"standard","meta":{"_jetpack_newsletter_access":"","_jetpack_dont_email_post_to_subs":false,"_jetpack_newsletter_tier_id":0,"_jetpack_memberships_contains_paywalled_content":false,"_jetpack_feature_clip_id":0,"_jetpack_memberships_contains_paid_content":false,"footnotes":"","jetpack_publicize_message":"","jetpack_publicize_feature_enabled":true,"jetpack_social_post_already_shared":true,"jetpack_social_options":{"image_generator_settings":{"template":"highway","default_image_id":0,"font":"","enabled":false},"version":2},"jetpack_post_was_ever_published":false},"categories":[75,72],"tags":[],"class_list":["post-113393","post","type-post","status-publish","format-standard","has-post-thumbnail","hentry","category-nacional","category-portada","post--single"],"jetpack_publicize_connections":[],"jetpack_featured_media_url":"https:\/\/ovelanalista.com\/wp-content\/uploads\/2025\/01\/americo-villarreal-tamaulipas-migrantes.webp","jetpack_sharing_enabled":true,"_links":{"self":[{"href":"https:\/\/ovelanalista.com\/index.php?rest_route=\/wp\/v2\/posts\/113393","targetHints":{"allow":["GET"]}}],"collection":[{"href":"https:\/\/ovelanalista.com\/index.php?rest_route=\/wp\/v2\/posts"}],"about":[{"href":"https:\/\/ovelanalista.com\/index.php?rest_route=\/wp\/v2\/types\/post"}],"author":[{"embeddable":true,"href":"https:\/\/ovelanalista.com\/index.php?rest_route=\/wp\/v2\/users\/3"}],"replies":[{"embeddable":true,"href":"https:\/\/ovelanalista.com\/index.php?rest_route=%2Fwp%2Fv2%2Fcomments&post=113393"}],"version-history":[{"count":1,"href":"https:\/\/ovelanalista.com\/index.php?rest_route=\/wp\/v2\/posts\/113393\/revisions"}],"predecessor-version":[{"id":113399,"href":"https:\/\/ovelanalista.com\/index.php?rest_route=\/wp\/v2\/posts\/113393\/revisions\/113399"}],"wp:featuredmedia":[{"embeddable":true,"href":"https:\/\/ovelanalista.com\/index.php?rest_route=\/wp\/v2\/media\/113397"}],"wp:attachment":[{"href":"https:\/\/ovelanalista.com\/index.php?rest_route=%2Fwp%2Fv2%2Fmedia&parent=113393"}],"wp:term":[{"taxonomy":"category","embeddable":true,"href":"https:\/\/ovelanalista.com\/index.php?rest_route=%2Fwp%2Fv2%2Fcategories&post=113393"},{"taxonomy":"post_tag","embeddable":true,"href":"https:\/\/ovelanalista.com\/index.php?rest_route=%2Fwp%2Fv2%2Ftags&post=113393"}],"curies":[{"name":"wp","href":"https:\/\/api.w.org\/{rel}","templated":true}]}}