{"id":113394,"date":"2025-01-31T14:11:27","date_gmt":"2025-01-31T21:11:27","guid":{"rendered":"https:\/\/ovelanalista.com\/?p=113394"},"modified":"2025-01-31T14:11:27","modified_gmt":"2025-01-31T21:11:27","slug":"ricardo-anaya-reconoce-que-la-oposicion-esta-en-crisis-subraya-que-el-pan-es-la-opcion","status":"publish","type":"post","link":"https:\/\/ovelanalista.com\/?p=113394","title":{"rendered":"Ricardo Anaya reconoce que la oposici\u00f3n est\u00e1 en crisis; subraya que \u201cel PAN es la opci\u00f3n\u201d"},"content":{"rendered":"<p>Ricardo Anaya exhort\u00f3 a la oposici\u00f3n a \u201cponerse las pilas\u201d para evitar que Morena mantenga en 2027 la mayor\u00eda calificada.<\/p>\n<div class=\"entry-grid__content-area2 entry-main-text\">\n<div class=\"row\">\n<div class=\"col-12 col-lg-8\">\n<div class=\"article-content\">\n<p><strong>Ricardo Anaya<\/strong>\u00a0reconoci\u00f3 que la\u00a0<strong>oposici\u00f3n est\u00e1 en crisis<\/strong>, pero que ante el autoritarismo de Morena durante el gobierno actual \u201c<strong>el PAN es la opci\u00f3n<\/strong>\u201c.<\/p>\n<\/div>\n<\/div>\n<\/div>\n<\/div>\n<p>En entrevista con\u00a0<strong>Joaqu\u00edn L\u00f3pez-D\u00f3riga<\/strong>\u00a0para\u00a0<a href=\"https:\/\/www.radioformula.com.mx\/\" target=\"_blank\" rel=\"noopener noreferrer\">Radio F\u00f3rmula<\/a>\u00a0el coordinador de Acci\u00f3n Nacional en el Senado de la Rep\u00fablica exhort\u00f3 a la oposici\u00f3n a \u201cponerse las pilas\u201d para evitar que Morena mantenga en 2027 la mayor\u00eda calificada.<\/p>\n<blockquote><p>Que no puedan hacer reformas y recuperar un rumbo bueno que le sirva al pa\u00eds\u201d, dijo.<\/p><\/blockquote>\n<p><strong>Ricardo Anaya<\/strong>\u00a0sostuvo que la misi\u00f3n de la\u00a0<strong>oposici\u00f3n<\/strong>\u00a0son los hechos y que en lo que compete al PAN se priorizar\u00e1 un\u00a0<strong>trabajo correcto<\/strong>\u00a0y excepcional para elevar la votaci\u00f3n y sumarla a otras fuerzas pol\u00edticas de oposici\u00f3n para definir una posible\u00a0<strong>alianza<\/strong>\u00a0<strong>electoral<\/strong>.<\/p>\n<blockquote><p>Si nos tardamos se va a consolidar este r\u00e9gimen autoritario y el d\u00eda de ma\u00f1ana ya no lo saca nadie. Estamos posiblemente ante la \u00faltima oportunidad\u201d, advirti\u00f3.<\/p><\/blockquote>\n<p>Afirm\u00f3 que como l\u00edder del blanquiazul en el Senado seguir\u00e1 participando en el estrado y elevar\u00e1 el debate.<\/p>\n<blockquote><p>Tengo muchas ganas de hacer un buen trabajo que parte de una premisa muy simple: \u00bfesto le sirve al pa\u00eds?, esa es la f\u00f3rmula b\u00e1sica\u201d, destac\u00f3.<\/p><\/blockquote>\n<p>El ahora legislador previ\u00f3 un\u00a0<strong>periodo de sesiones \u201cmuy duro\u201d<\/strong>\u00a0que inicia con la reforma al Infonavit, que acusa, pretende usar el dinero de los trabajadores.<\/p>\n<blockquote><p>Tenemos la palabra para colocarnos del lado correcto de la historia y dar la batalla\u201d, indic\u00f3.<\/p><\/blockquote>\n<p>Refiri\u00f3 tambi\u00e9n que aunque el gobierno de la presidenta\u00a0<strong>Claudia Sheinbaum<\/strong>\u00a0cuenta con buena aceptaci\u00f3n, est\u00e1\u00a0<strong>reprobado<\/strong>\u00a0en materia de\u00a0<strong>seguridad<\/strong>\u00a0y\u00a0<strong>salud<\/strong>.<\/p>\n<blockquote><p>El reto es que nosotros presentemos una alternativa que haga sentido. No basta con ser oposici\u00f3n, tenemos que ser opci\u00f3n\u201d, insisti\u00f3.<\/p><\/blockquote>\n<h3>\u00a0AMLO orquest\u00f3 mi exilio pol\u00edtico<\/h3>\n<p><strong>Ricardo Anaya<\/strong>\u00a0acus\u00f3 al expresidente\u00a0<strong>Andr\u00e9s Manuel L\u00f3pez Obrador<\/strong>\u00a0de haber orquestado su\u00a0<strong>exilio pol\u00edtico<\/strong>, producto de una contienda electoral muy compleja en 2018.<\/p>\n<p>Confes\u00f3 que aunque fue duro para \u00e9l por el sufrimiento que caus\u00f3 en su esposa e hijos el mudarse de M\u00e9xico, supuso una oportunidad para madurar, reflexionar y apreciar al pa\u00eds y su familia.<\/p>\n<blockquote><p>Regreso sin rencor alguno. Sin querer me dieron tres regalos: la relaci\u00f3n con mi esposa, la relaci\u00f3n con mis hijos y conocer a los verdaderos amigos\u201d, afirm\u00f3.<\/p><\/blockquote>\n<p>Con informaci\u00f3n de L\u00f3pez-D\u00f3riga Digital<\/p>\n","protected":false},"excerpt":{"rendered":"<p>Ricardo Anaya exhort\u00f3 a la oposici\u00f3n a \u201cponerse las pilas\u201d para evitar que Morena mantenga en 2027 la mayor\u00eda calificada. Ricardo Anaya\u00a0reconoci\u00f3 que la\u00a0oposici\u00f3n est\u00e1 en crisis, pero que ante el autoritarismo de Morena durante el gobierno actual \u201cel PAN es la opci\u00f3n\u201c. En entrevista con\u00a0Joaqu\u00edn L\u00f3pez-D\u00f3riga\u00a0para\u00a0Radio F\u00f3rmula\u00a0el coordinador de Acci\u00f3n Nacional en el Senado de la Rep\u00fablica exhort\u00f3 a la oposici\u00f3n a \u201cponerse las pilas\u201d para evitar que Morena mantenga en 2027 la mayor\u00eda calificada. Que no puedan hacer reformas y recuperar un rumbo bueno que le sirva al pa\u00eds\u201d, dijo. Ricardo Anaya\u00a0sostuvo que la misi\u00f3n de la\u00a0oposici\u00f3n\u00a0son los [&hellip;]<\/p>\n","protected":false},"author":3,"featured_media":113395,"comment_status":"open","ping_status":"open","sticky":false,"template":"","format":"standard","meta":{"_jetpack_newsletter_access":"","_jetpack_dont_email_post_to_subs":false,"_jetpack_newsletter_tier_id":0,"_jetpack_memberships_contains_paywalled_content":false,"_jetpack_feature_clip_id":0,"_jetpack_memberships_contains_paid_content":false,"footnotes":"","jetpack_publicize_message":"","jetpack_publicize_feature_enabled":true,"jetpack_social_post_already_shared":true,"jetpack_social_options":{"image_generator_settings":{"template":"highway","default_image_id":0,"font":"","enabled":false},"version":2},"jetpack_post_was_ever_published":false},"categories":[75,72],"tags":[],"class_list":["post-113394","post","type-post","status-publish","format-standard","has-post-thumbnail","hentry","category-nacional","category-portada","post--single"],"jetpack_publicize_connections":[],"jetpack_featured_media_url":"https:\/\/ovelanalista.com\/wp-content\/uploads\/2025\/01\/ricardo-anaya.webp","jetpack_sharing_enabled":true,"_links":{"self":[{"href":"https:\/\/ovelanalista.com\/index.php?rest_route=\/wp\/v2\/posts\/113394","targetHints":{"allow":["GET"]}}],"collection":[{"href":"https:\/\/ovelanalista.com\/index.php?rest_route=\/wp\/v2\/posts"}],"about":[{"href":"https:\/\/ovelanalista.com\/index.php?rest_route=\/wp\/v2\/types\/post"}],"author":[{"embeddable":true,"href":"https:\/\/ovelanalista.com\/index.php?rest_route=\/wp\/v2\/users\/3"}],"replies":[{"embeddable":true,"href":"https:\/\/ovelanalista.com\/index.php?rest_route=%2Fwp%2Fv2%2Fcomments&post=113394"}],"version-history":[{"count":1,"href":"https:\/\/ovelanalista.com\/index.php?rest_route=\/wp\/v2\/posts\/113394\/revisions"}],"predecessor-version":[{"id":113396,"href":"https:\/\/ovelanalista.com\/index.php?rest_route=\/wp\/v2\/posts\/113394\/revisions\/113396"}],"wp:featuredmedia":[{"embeddable":true,"href":"https:\/\/ovelanalista.com\/index.php?rest_route=\/wp\/v2\/media\/113395"}],"wp:attachment":[{"href":"https:\/\/ovelanalista.com\/index.php?rest_route=%2Fwp%2Fv2%2Fmedia&parent=113394"}],"wp:term":[{"taxonomy":"category","embeddable":true,"href":"https:\/\/ovelanalista.com\/index.php?rest_route=%2Fwp%2Fv2%2Fcategories&post=113394"},{"taxonomy":"post_tag","embeddable":true,"href":"https:\/\/ovelanalista.com\/index.php?rest_route=%2Fwp%2Fv2%2Ftags&post=113394"}],"curies":[{"name":"wp","href":"https:\/\/api.w.org\/{rel}","templated":true}]}}