{"id":113398,"date":"2025-01-31T14:30:31","date_gmt":"2025-01-31T21:30:31","guid":{"rendered":"https:\/\/ovelanalista.com\/?p=113398"},"modified":"2025-01-31T14:14:13","modified_gmt":"2025-01-31T21:14:13","slug":"atacan-a-personal-de-la-fiscalia-de-sinaloa-en-culiacan-hay-un-agente-muerto","status":"publish","type":"post","link":"https:\/\/ovelanalista.com\/?p=113398","title":{"rendered":"Atacan a personal de la Fiscal\u00eda de Sinaloa en Culiac\u00e1n; hay un agente muerto"},"content":{"rendered":"<p>Sujetos atacaron a balazos a personal de la Fiscal\u00eda de Sinaloa en calles de Culiac\u00e1n; hay un agente muerto y otro m\u00e1s herido.<\/p>\n<p>Personal de la<strong>\u00a0Fiscal\u00eda de Sinaloa<\/strong>\u00a0sufri\u00f3 un<strong>\u00a0ataque armado<\/strong>\u00a0esta\u00a0ma\u00f1ana en\u00a0<strong>Culiac\u00e1n<\/strong>, hecho que dej\u00f3 un saldo de<strong>\u00a0un agente muerto<\/strong> y otro m\u00e1s herido.<\/p>\n<p>https:\/\/x.com\/sspsinaloa1\/status\/1885375257403679164?ref_src=twsrc%5Etfw%7Ctwcamp%5Etweetembed%7Ctwterm%5E1885375257403679164%7Ctwgr%5E83c0f0bc1d120015b19b115269afca56a02dddc5%7Ctwcon%5Es1_c10&#038;ref_url=https%3A%2F%2Flopezdoriga.com%2Fnacional%2Fatacan-personal-fiscalia-sinaloa-culiacan-un-agente-muerto%2F<\/p>\n<p>En redes sociales, la Fiscal\u00eda estatal apunt\u00f3 que esta agresi\u00f3n entre la avenida Jes\u00fas Kumate y boulevard Las Torres, en el sector de la Feria Ganadera.<\/p>\n<p>\u201cHay un elemento herido y otro falleci\u00f3 camino al hospital\u201d, indic\u00f3 la autoridad de Sinaloa en su mensaje.<\/p>\n<p>Se indic\u00f3 que las corporaciones implementaron un operativo para buscar a los agresores y agreg\u00f3 que el sitio de los hechos fue acordonado.<\/p>\n<p>\u201cTras la agresi\u00f3n a elementos de la FGE, las fuerzas de seguridad de los tres \u00f3rdenes de gobierno colaboran en la b\u00fasqueda de los responsables. El \u00e1rea cercana a la feria ganadera est\u00e1 controlada y se mantiene el despliegue de seguridad\u201d, enfatiz\u00f3 en un segundo mensaje.<\/p>\n<p>Medios locales detallaron que el agente asesinado fue Juan Manuel \u201cN\u201d, Comisionado a la Inspecci\u00f3n General en Detenciones en Flagrancia.<\/p>\n<p>Hasta el momento, ninguna autoridad de Sinaloa ha informado de personas detenidas por este ataque armado.<\/p>\n<p>La entidad vive una ola de violencia desde inicios de septiembre del a\u00f1o pasado por pugnas entre facciones del\u00a0<strong>C\u00e1rtel de Sinaloa<\/strong>, derivado de la detenci\u00f3n en un aeropuerto de Nuevo M\u00e9xico, en EE.UU., del narcotraficante Ismael\u00a0<em>Mayo<\/em>\u00a0Zambada, ocurrida el 25 de julio.<\/p>\n<p>Con informaci\u00f3n de L\u00f3pez-D\u00f3riga Digital<\/p>\n<p>&nbsp;<\/p>\n","protected":false},"excerpt":{"rendered":"<p>Sujetos atacaron a balazos a personal de la Fiscal\u00eda de Sinaloa en calles de Culiac\u00e1n; hay un agente muerto y otro m\u00e1s herido. Personal de la\u00a0Fiscal\u00eda de Sinaloa\u00a0sufri\u00f3 un\u00a0ataque armado\u00a0esta\u00a0ma\u00f1ana en\u00a0Culiac\u00e1n, hecho que dej\u00f3 un saldo de\u00a0un agente muerto y otro m\u00e1s herido. https:\/\/x.com\/sspsinaloa1\/status\/1885375257403679164?ref_src=twsrc%5Etfw%7Ctwcamp%5Etweetembed%7Ctwterm%5E1885375257403679164%7Ctwgr%5E83c0f0bc1d120015b19b115269afca56a02dddc5%7Ctwcon%5Es1_c10&#038;ref_url=https%3A%2F%2Flopezdoriga.com%2Fnacional%2Fatacan-personal-fiscalia-sinaloa-culiacan-un-agente-muerto%2F En redes sociales, la Fiscal\u00eda estatal apunt\u00f3 que esta agresi\u00f3n entre la avenida Jes\u00fas Kumate y boulevard Las Torres, en el sector de la Feria Ganadera. \u201cHay un elemento herido y otro falleci\u00f3 camino al hospital\u201d, indic\u00f3 la autoridad de Sinaloa en su mensaje. Se indic\u00f3 que las corporaciones implementaron un operativo para buscar a los [&hellip;]<\/p>\n","protected":false},"author":3,"featured_media":113401,"comment_status":"open","ping_status":"open","sticky":false,"template":"","format":"standard","meta":{"_jetpack_newsletter_access":"","_jetpack_dont_email_post_to_subs":false,"_jetpack_newsletter_tier_id":0,"_jetpack_memberships_contains_paywalled_content":false,"_jetpack_feature_clip_id":0,"_jetpack_memberships_contains_paid_content":false,"footnotes":"","jetpack_publicize_message":"","jetpack_publicize_feature_enabled":true,"jetpack_social_post_already_shared":true,"jetpack_social_options":{"image_generator_settings":{"template":"highway","default_image_id":0,"font":"","enabled":false},"version":2},"jetpack_post_was_ever_published":false},"categories":[90,72],"tags":[],"class_list":["post-113398","post","type-post","status-publish","format-standard","has-post-thumbnail","hentry","category-estatal","category-portada","post--single"],"jetpack_publicize_connections":[],"jetpack_featured_media_url":"https:\/\/ovelanalista.com\/wp-content\/uploads\/2025\/01\/ataque-agentes-fiscalia-sinaloa-culiacan.webp","jetpack_sharing_enabled":true,"_links":{"self":[{"href":"https:\/\/ovelanalista.com\/index.php?rest_route=\/wp\/v2\/posts\/113398","targetHints":{"allow":["GET"]}}],"collection":[{"href":"https:\/\/ovelanalista.com\/index.php?rest_route=\/wp\/v2\/posts"}],"about":[{"href":"https:\/\/ovelanalista.com\/index.php?rest_route=\/wp\/v2\/types\/post"}],"author":[{"embeddable":true,"href":"https:\/\/ovelanalista.com\/index.php?rest_route=\/wp\/v2\/users\/3"}],"replies":[{"embeddable":true,"href":"https:\/\/ovelanalista.com\/index.php?rest_route=%2Fwp%2Fv2%2Fcomments&post=113398"}],"version-history":[{"count":1,"href":"https:\/\/ovelanalista.com\/index.php?rest_route=\/wp\/v2\/posts\/113398\/revisions"}],"predecessor-version":[{"id":113402,"href":"https:\/\/ovelanalista.com\/index.php?rest_route=\/wp\/v2\/posts\/113398\/revisions\/113402"}],"wp:featuredmedia":[{"embeddable":true,"href":"https:\/\/ovelanalista.com\/index.php?rest_route=\/wp\/v2\/media\/113401"}],"wp:attachment":[{"href":"https:\/\/ovelanalista.com\/index.php?rest_route=%2Fwp%2Fv2%2Fmedia&parent=113398"}],"wp:term":[{"taxonomy":"category","embeddable":true,"href":"https:\/\/ovelanalista.com\/index.php?rest_route=%2Fwp%2Fv2%2Fcategories&post=113398"},{"taxonomy":"post_tag","embeddable":true,"href":"https:\/\/ovelanalista.com\/index.php?rest_route=%2Fwp%2Fv2%2Ftags&post=113398"}],"curies":[{"name":"wp","href":"https:\/\/api.w.org\/{rel}","templated":true}]}}