{"id":113450,"date":"2025-02-03T09:03:09","date_gmt":"2025-02-03T16:03:09","guid":{"rendered":"https:\/\/ovelanalista.com\/?p=113450"},"modified":"2025-02-03T09:03:09","modified_gmt":"2025-02-03T16:03:09","slug":"sinaloa-5to-lugar-nacional-en-crecimiento-economico","status":"publish","type":"post","link":"https:\/\/ovelanalista.com\/?p=113450","title":{"rendered":"Sinaloa, 5to Lugar Nacional en crecimiento econ\u00f3mico"},"content":{"rendered":"<div><strong>Alguien tiene que Decirlo\u00a0<\/strong><\/div>\n<div><\/div>\n<div><\/div>\n<div><\/div>\n<div><strong>Samuel Sarmiento<\/strong><\/div>\n<div><\/div>\n<div>Sinaloa se distingue por ser l\u00edder nacional en producci\u00f3n y exportaci\u00f3n de alimentos, sin embargo, en los \u00faltimos a\u00f1os, los problemas de sequ\u00eda, la falta de agua en las presas y ahora las bajas temperaturas, han impactado negativamente las actividades primarias, que representan el 11% de la econom\u00eda y de los empleos.<\/div>\n<div>Seg\u00fan el Monitor de Sequ\u00eda en M\u00e9xico, elaborado por CONAGUA, la sequ\u00eda afecta al 100% del territorio de Sinaloa, eso quiere decir, que los 20 municipios enfrentan desde sequ\u00eda moderada hasta sequ\u00eda excepcional.<\/div>\n<div>Situaci\u00f3n que se complica, ya que las presas est\u00e1n al 14% de su capacidad de conservaci\u00f3n, el nivel m\u00e1s bajo de los \u00faltimos 30 a\u00f1os, lo que ha reducido la superficie sembrada, particularmente, de los cultivos con alta demanda de agua, como el ma\u00edz.<\/div>\n<div>Afortunadamente, Sinaloa tiene m\u00faltiples bondades geogr\u00e1ficas, log\u00edsticas y sociales, que lo convierten en un estado atractivo para la inversi\u00f3n privada que genera empleos de calidad.<\/div>\n<div>Por ejemplo, estamos a menos de 800 kil\u00f3metros de la econom\u00eda m\u00e1s grande del mundo que es Estados Unidos, con un mercado potencial de m\u00e1s de 335 millones de consumidores, formamos parte del Corredor Econ\u00f3mico del Norte, tenemos la mayor infraestructura hidroagr\u00edcola del pa\u00eds y disponemos de gran una infraestructura log\u00edstica, integrada por 3 aeropuertos internacionales, 2 puertos de altura, 1,200 kil\u00f3metros de v\u00edas f\u00e9rreas y m\u00e1s de 17,000 kil\u00f3metros de carreteras.<\/div>\n<div>Lo anterior nos ha permitido captar m\u00e1s de 88,000 millones de pesos de inversi\u00f3n privada en los \u00faltimos 3 a\u00f1os, lo que sumado a los 1,604 millones de d\u00f3lares de Inversi\u00f3n Extranjera Directa (IED), los 6,114 millones de pesos de inversi\u00f3n minera y a la dispersi\u00f3n de financiamientos para las MIPYMES por m\u00e1s de 1,100 millones de pesos, se ha logrado equilibrar el desarrollo regional y potenciar el crecimiento econ\u00f3mico de Sinaloa.<\/div>\n<div>Seg\u00fan el Indicador Trimestral de la Actividad Econ\u00f3mica Estatal (ITAEE), elaborado por INEGI, Sinaloa creci\u00f3 1.8% en el 3er trimestre del 2024, comparado con el trimestre anterior, lo que nos ubica en 5to lugar nacional en crecimiento econ\u00f3mico, s\u00f3lo despu\u00e9s de Hidalgo 5.9%, Nuevo Le\u00f3n 4%, Guanajuato 2.7% y San Luis Potos\u00ed 2.6%.<\/div>\n<div>Mientras que, a tasa anual con cifras originales, es decir, comparando el 3er trimestre de 2024 con el 3er trimestre del 2023, el crecimiento de la econom\u00eda de Sinaloa fue del 0.5%.<\/div>\n<div>Cabe se\u00f1alar que la econom\u00eda estatal ha crecido 9 de los 12 trimestres que lleva la administraci\u00f3n actual.<\/div>\n<div>El crecimiento de Sinaloa se ha sustentado en las actividades terciarias que crecieron 2.8% en el 3er trimestre de 2024 a tasa anual, un sector que representa el 64.6% del PIB estatal, es decir, lo que ha sostenido el crecimiento econ\u00f3mico del estado es el comercio, el transporte, los servicios financieros, el sector inmobiliario y el turismo.<\/div>\n<div>Por eso, es tan importante seguir impulsando Pol\u00edticas P\u00fablicas que diversifiquen la econom\u00eda, generen valor al sector primario y nos permitan transitar de una econom\u00eda primaria a una econom\u00eda industrializada y de servicios.<\/div>\n<div>Como referencia, en Sinaloa, el 11% de nuestra econom\u00eda se sustenta en el campo, mientras que a nivel nacional es el 3.6%, en Estados Unidos el 1% y en Canad\u00e1 1.7%.<\/div>\n<div>Por eso, le pregunto estimado lector: \u00bfconsidera que Sinaloa est\u00e1 en la ruta de la industrializaci\u00f3n y de la terciarizaci\u00f3n de la econom\u00eda o todav\u00eda nos faltan algunos sexenios?<\/div>\n","protected":false},"excerpt":{"rendered":"<p>Alguien tiene que Decirlo\u00a0 Samuel Sarmiento Sinaloa se distingue por ser l\u00edder nacional en producci\u00f3n y exportaci\u00f3n de alimentos, sin embargo, en los \u00faltimos a\u00f1os, los problemas de sequ\u00eda, la falta de agua en las presas y ahora las bajas temperaturas, han impactado negativamente las actividades primarias, que representan el 11% de la econom\u00eda y de los empleos. Seg\u00fan el Monitor de Sequ\u00eda en M\u00e9xico, elaborado por CONAGUA, la sequ\u00eda afecta al 100% del territorio de Sinaloa, eso quiere decir, que los 20 municipios enfrentan desde sequ\u00eda moderada hasta sequ\u00eda excepcional. Situaci\u00f3n que se complica, ya que las presas est\u00e1n [&hellip;]<\/p>\n","protected":false},"author":3,"featured_media":92501,"comment_status":"open","ping_status":"open","sticky":false,"template":"","format":"standard","meta":{"_jetpack_newsletter_access":"","_jetpack_dont_email_post_to_subs":false,"_jetpack_newsletter_tier_id":0,"_jetpack_memberships_contains_paywalled_content":false,"_jetpack_feature_clip_id":0,"_jetpack_memberships_contains_paid_content":false,"footnotes":"","jetpack_publicize_message":"","jetpack_publicize_feature_enabled":true,"jetpack_social_post_already_shared":true,"jetpack_social_options":{"image_generator_settings":{"template":"highway","default_image_id":0,"font":"","enabled":false},"version":2},"jetpack_post_was_ever_published":false},"categories":[79],"tags":[],"class_list":["post-113450","post","type-post","status-publish","format-standard","has-post-thumbnail","hentry","category-columnistas-nacionales","post--single"],"jetpack_publicize_connections":[],"jetpack_featured_media_url":"https:\/\/ovelanalista.com\/wp-content\/uploads\/2024\/03\/1SAMUEL-SARMIENTO-300x150-1.png","jetpack_sharing_enabled":true,"_links":{"self":[{"href":"https:\/\/ovelanalista.com\/index.php?rest_route=\/wp\/v2\/posts\/113450","targetHints":{"allow":["GET"]}}],"collection":[{"href":"https:\/\/ovelanalista.com\/index.php?rest_route=\/wp\/v2\/posts"}],"about":[{"href":"https:\/\/ovelanalista.com\/index.php?rest_route=\/wp\/v2\/types\/post"}],"author":[{"embeddable":true,"href":"https:\/\/ovelanalista.com\/index.php?rest_route=\/wp\/v2\/users\/3"}],"replies":[{"embeddable":true,"href":"https:\/\/ovelanalista.com\/index.php?rest_route=%2Fwp%2Fv2%2Fcomments&post=113450"}],"version-history":[{"count":1,"href":"https:\/\/ovelanalista.com\/index.php?rest_route=\/wp\/v2\/posts\/113450\/revisions"}],"predecessor-version":[{"id":113454,"href":"https:\/\/ovelanalista.com\/index.php?rest_route=\/wp\/v2\/posts\/113450\/revisions\/113454"}],"wp:featuredmedia":[{"embeddable":true,"href":"https:\/\/ovelanalista.com\/index.php?rest_route=\/wp\/v2\/media\/92501"}],"wp:attachment":[{"href":"https:\/\/ovelanalista.com\/index.php?rest_route=%2Fwp%2Fv2%2Fmedia&parent=113450"}],"wp:term":[{"taxonomy":"category","embeddable":true,"href":"https:\/\/ovelanalista.com\/index.php?rest_route=%2Fwp%2Fv2%2Fcategories&post=113450"},{"taxonomy":"post_tag","embeddable":true,"href":"https:\/\/ovelanalista.com\/index.php?rest_route=%2Fwp%2Fv2%2Ftags&post=113450"}],"curies":[{"name":"wp","href":"https:\/\/api.w.org\/{rel}","templated":true}]}}