{"id":113468,"date":"2025-02-03T10:10:37","date_gmt":"2025-02-03T17:10:37","guid":{"rendered":"https:\/\/ovelanalista.com\/?p=113468"},"modified":"2025-02-03T09:45:15","modified_gmt":"2025-02-03T16:45:15","slug":"trump-destruye-78-anos-de-comercio-global","status":"publish","type":"post","link":"https:\/\/ovelanalista.com\/?p=113468","title":{"rendered":"Trump destruye 78 a\u00f1os de comercio global"},"content":{"rendered":"<p><strong>Diario Ejecutivo<\/strong><\/p>\n<ul>\n<li><b>Trump destruye 78 a\u00f1os de comercio global<\/b><\/li>\n<li><b>IP apoya (como nunca) la presidenta Sheinbaum<\/b><\/li>\n<li><b>\u201cNada por la fuerza, todo por la raz\u00f3n y el derecho\u201d<\/b><\/li>\n<\/ul>\n<p><strong>Roberto Fuentes Vivar<\/strong><\/p>\n<p>&nbsp;<\/p>\n<p>Hace 78 a\u00f1os, en 1947, Estados Unidos fue uno de los 23 pa\u00edses que firmaron en primer intento por regular a nivel planetario el comercio exterior. Concretamente crearon el Acuerdo General de Aranceles y Comercio (GATT).<\/p>\n<p>Este fin de semana, el presidente de Estados Unidos. Donald Trump, dio el primer paso para destruir todos los protocolos de este comercio exterior, incluyendo los estipulados en los acuerdos bilaterales con nuestro pa\u00eds.<\/p>\n<p>Se trata de un hecho hist\u00f3rico porque Estados Unidos rompi\u00f3 cualquier norma de la Organizaci\u00f3n Mundial de Comercio (hija del GATT), porque impone aranceles a sus tres principales socios comerciales, sin justificaci\u00f3n comercial alguna: M\u00e9xico, Canad\u00e1 y China.<\/p>\n<p>Por eso fue importante el mensaje a la naci\u00f3n, que este domingo emiti\u00f3 de manera urgente la presidenta Claudia Sheinbaum y del cual presento textualmente casi en su totalidad.<\/p>\n<p>\u201cProbablemente est\u00e9n enterados, el d\u00eda de ayer el Gobierno de Estados Unidos impuso aranceles del 25 por ciento a los productos que exportamos hacia su pa\u00eds.<\/p>\n<p>\u201cF\u00edjense, llevamos 30 a\u00f1os que esto no exist\u00eda, porque tenemos un Tratado de Libre Comercio. El \u00faltimo Tratado de Libre Comercio lo firm\u00f3 el Presidente L\u00f3pez Obrador con el propio presidente Trump.<\/p>\n<p>\u201cEsta medida del 25 por ciento de los aranceles, tiene efectos para ambos pa\u00edses, pero tiene efectos muy graves para la econom\u00eda de los Estados Unidos pues va a elevar los costos much\u00edsimo, de todos los productos que se exportan de M\u00e9xico hacia los Estados Unidos. Va a tener un 25 por ciento m\u00e1s de costo.<\/p>\n<p>\u201cDe acuerdo con estas medidas que aprob\u00f3 el Gobierno de los Estados Unidos, hay documentos que lo sustentan, y seg\u00fan esto, una de las razones para poner este arancel, es por el fentanilo que entra de M\u00e9xico a los Estados Unidos y que enferma y provoca muertes por sobredosis.<\/p>\n<p>\u201cPero a\u00fan m\u00e1s irresponsable, terriblemente irresponsable, es que La Casa Blanca emite un documento donde dice que \u201chay v\u00ednculos entre el Gobierno de M\u00e9xico y la delincuencia organizada\u201d.<\/p>\n<p>\u201cQuiero platicarles el comunicado que publiqu\u00e9 a trav\u00e9s de mis redes sociales el d\u00eda de ayer. Ah\u00ed explico qui\u00e9nes son los que verdaderamente tienen v\u00ednculos con estos grupos delictivos; la raz\u00f3n de las muertes por sobredosis en los estadounidenses; y tambi\u00e9n digo que, si ellos quieren actuar, no deber\u00edan fijar su mira en M\u00e9xico sino en su propio pa\u00eds, donde no han hecho nada para parar la venta ilegal de esta y otras drogas.<\/p>\n<p>\u201cPrimero que nada, como ayer lo dije: rechazamos categ\u00f3ricamente la calumnia que hace La Casa Blanca al Gobierno de M\u00e9xico, de tener alianzas con organizaciones criminales, as\u00ed como cualquier intenci\u00f3n injerencista en nuestro territorio.<\/p>\n<p>\u201cLa soberan\u00eda no se negocia.<\/p>\n<p>\u201cSi en alg\u00fan lugar existe tal alianza es en las armer\u00edas de los Estados Unidos que venden armas de alto poder, s\u00ed, de alto poder, que son de uso exclusivo del ej\u00e9rcito, de ellos, a estos grupos criminales. Esto lo demostr\u00f3, f\u00edjense bien: lo demostr\u00f3 el propio Departamento de Justicia de Estados Unidos el 8 de enero de este a\u00f1o.<\/p>\n<p>\u201cAqu\u00ed tengo el documento que fue publicado en esa fecha, donde la Oficina de Alcohol, Tabaco, Armas de Fuego y Explosivos, que depende del Departamento de Justicia, f\u00edjense bien: reconoci\u00f3 que el 74 por ciento de las armas que usa la delincuencia organizada en M\u00e9xico, proviene de forma ilegal de la industria militar de su pa\u00eds.<\/p>\n<p>\u201cNuestro Gobierno ha asegurado en cuatro meses m\u00e1s de 40 toneladas de droga, incluyendo 20 millones de dosis de fentanilo. Tambi\u00e9n ha detenido a m\u00e1s de 10 mil personas vinculadas con estos grupos.<\/p>\n<p>\u201cTenemos estrategia, atendemos las causas y combatimos la impunidad.<\/p>\n<p>\u201cTodos los d\u00edas trabajamos por la seguridad del pa\u00eds.<\/p>\n<p>Ahora, si el Gobierno de Estados Unidos y sus agencias quisieran atender el grave consumo de fentanilo en su pa\u00eds:<\/p>\n<p>\u201c\u00bfPor qu\u00e9 no empieza combatiendo la venta de estupefacientes en las calles de sus principales ciudades?<\/p>\n<p>\u201c\u00bfO c\u00f3mo es que las personas con adicciones compran esa droga?<\/p>\n<p>\u201c\u00bfPor qu\u00e9 nunca hemos o\u00eddo de detenciones en Estados Unidos de los grupos delictivos estadounidenses?<\/p>\n<p>\u201c\u00bfC\u00f3mo es que no se investiga el lavado de dinero de los grupos delictivos de all\u00e1?<\/p>\n<p>\u201c\u00bfPor qu\u00e9 no ponen toda su inteligencia a trabajar, para detectar a los grupos delictivos que venden fentanilo en su territorio o de otras drogas?<\/p>\n<p>\u201cEl consumo y distribuci\u00f3n de drogas est\u00e1 en su pa\u00eds y ese es un problema tambi\u00e9n de salud p\u00fablica que nunca han atendido. \u00bfPor qu\u00e9 no se preguntan cu\u00e1l es la raz\u00f3n de fondo de tanto consumo de drogas que lleva tanto tiempo en los Estados Unidos?<\/p>\n<p>\u201cAdem\u00e1s, ayer tambi\u00e9n lo mencion\u00e9, f\u00edjense: la epidemia de opioides sint\u00e9ticos en Estados Unidos tiene su origen en la prescripci\u00f3n indiscriminada de medicamentos de este tipo que fue autorizada por la administraci\u00f3n de drogas y alimentos, la llamada FDA, como lo demuestra un juicio contra una farmac\u00e9utica; hay series en la televisi\u00f3n que lo explican, es m\u00e1s, la droga que caus\u00f3 la crisis de consumo de opioides sint\u00e9ticos la siguen vendiendo en sus farmacias con autorizaci\u00f3n oficial.<\/p>\n<p>\u201cQuiero decirles y esto es muy importante, muy importante:<\/p>\n<p>\u201cM\u00e9xico no quiere confrontaci\u00f3n, partimos de la colaboraci\u00f3n entre pa\u00edses vecinos.<\/p>\n<p>\u201cM\u00e9xico no solo no quiere que el fentanilo no llegue a Estados Unidos, sino que no queremos que llegue a ninguna parte.<\/p>\n<p>\u201cPor ello, si Estados Unidos quiere combatir a los grupos delictivos y quiere que lo hagamos conjuntamente, debemos trabajar en forma integral, pero siempre bajo principios. Los principios de responsabilidad compartida, de confianza mutua, de colaboraci\u00f3n y, sobre todo, respeto a la soberan\u00eda.<\/p>\n<p>\u201cLa soberan\u00eda no es negociable.<\/p>\n<p>\u201cCoordinaci\u00f3n s\u00ed, subordinaci\u00f3n no.<\/p>\n<p>\u201cPara ello, el d\u00eda de ayer, en mi comunicado, le propuse al presidente Trump, que establezcamos una mesa de trabajo con nuestros mejores equipos: los de seguridad y tambi\u00e9n el de salud p\u00fablica.<\/p>\n<p>\u201cNo es con imposici\u00f3n de los aranceles como se resuelven los problemas, sino hablando y dialogando como lo hicimos. Pero esto se los quiero contar. Lo hicimos as\u00ed en las \u00faltimas semanas, con el Departamento de Estado para atender el fen\u00f3meno de la migraci\u00f3n.<\/p>\n<p>\u201cEn nuestro caso, siempre con el respeto a los derechos humanos.<\/p>\n<p>\u201cLa gr\u00e1fica esta, que el presidente Trump ha estado subiendo a sus redes sociales, sobre la disminuci\u00f3n de la migraci\u00f3n, fue elaborada nada menos y nada m\u00e1s, que por nuestro equipo que ha estado en constante comunicaci\u00f3n con el suyo.<\/p>\n<p>\u201cA nuestras hermanas y hermanos mexicanas, mexicanos, en los Estados Unidos, quiero decirles que aqu\u00ed est\u00e1 su Presidenta y un pueblo entero para defenderlos. Si desean regresar a M\u00e9xico, aqu\u00ed los abrazamos.<\/p>\n<p>\u201cEl pueblo de M\u00e9xico es valiente y tiene mucha dignidad. Es el pueblo m\u00e1s maravilloso que hay sobre la tierra. Les digo que aqu\u00ed est\u00e1 su Presidenta.<\/p>\n<p>\u201cTenemos valent\u00eda y firmeza, pero siempre, como lo he dicho en otras ocasiones: hay que actuar con la cabeza fr\u00eda y el amor al pueblo.<\/p>\n<p>\u201cNada de lo que hagamos nosotros afectar\u00e1 la dignidad y los intereses del pueblo de M\u00e9xico.<\/p>\n<p>\u201cLes propongo que esperemos la respuesta del presidente Trump a nuestra propuesta.<\/p>\n<p>\u201cY en \u201cLa Ma\u00f1anera\u201d del d\u00eda de ma\u00f1ana, en \u201cLa Ma\u00f1anera del pueblo\u201d, les estar\u00e9 informando las primeras medidas de lo que llamamos el Plan B.<\/p>\n<p>\u201cComo dec\u00eda Ju\u00e1rez: Nada por la fuerza, todo por la raz\u00f3n y el derecho. Y entre los individuos, como entre las naciones, el respeto al derecho ajeno es la paz\u201d.<\/p>\n<p>Hasta aqu\u00ed el mensaje de la presidenta.<\/p>\n<p>&nbsp;<\/p>\n<p><b>Cascada de\u00a0\u00a0apoyos al Gobierno Federal<\/b><\/p>\n<p>Si algo ha logrado la medida de Donald Trump es lograr una cohesi\u00f3n entre la iniciativa privada y el Gobierno que pocas veces se ha visto en la historia. La \u00faltima vez que hubo una cascada de comunicados de organismos empresariales en apoyo a la presidencia de la Rep\u00fablica, fue hace 12 a\u00f1os cuando en enero de 2013 se firm\u00f3 el Pacto por M\u00e9xico. Pero en ese momento, la andanada no fue tan contundente como este fin de semana.<\/p>\n<p><b>CCE:<\/b>\u00a0El Consejo Coordinador Empresarial emiti\u00f3 un comunicado con la cabeza \u201cEl CCE respalda las decisiones del gobierno de M\u00e9xico para reestablecer las condiciones de libre comercio en el marco del T-MEC\u201d. En el texto se indica que el sector privado mexicano comparte con sus contrapartes empresariales en Estados Unidos y Canad\u00e1 la visi\u00f3n de una Am\u00e9rica del Norte integrada y competitiva. \u201cEl sector privado mexicano manifiesta su enorme preocupaci\u00f3n por la imposici\u00f3n de aranceles anunciada el d\u00eda de hoy por el presidente Trump. Esta medida afectar\u00e1 significativamente las cadenas de suministro que se han venido construyendo los \u00faltimos 30 a\u00f1os y que han hecho de Am\u00e9rica del Norte la regi\u00f3n m\u00e1s competitiva del mundo\u201d.<\/p>\n<p><b>CAAAREM:<\/b>\u00a0La Confederaci\u00f3n de Asociaciones de Agentes Aduanales de la Rep\u00fablica Mexicana (CAAREM) manifest\u00f3 su compromiso y \u201csu apoyo total a nuestra Presidenta, la Dra. Claudia Sheinbaum Pardo, y a los sectores productivos nacionales ante las medidas implementadas por el gobierno de los Estados Unidos, pretendiendo resolver problemas que no tienen nada que ver con el intercambio comercial entre ambos pa\u00edses. Si la imposici\u00f3n de aranceles resolviera la problem\u00e1tica del mundo, el comercio internacional no representar\u00eda hoy aproximadamente 44 veces m\u00e1s el volumen registrado de cuando se cre\u00f3 el GATT (un crecimiento del 4,400% entre 1950 y 2024). A estas alturas, todos los pa\u00edses hubieran impuesto ya barreras arancelarias, dando fin a la Organizaci\u00f3n Mundial de Comercio y a la misma Organizaci\u00f3n Mundial de Aduanas que buscan la facilitaci\u00f3n comercial y la generaci\u00f3n de prosperidad para la poblaci\u00f3n mundial\u201d.<\/p>\n<p><b>AMIA:<\/b>\u00a0La Asociaci\u00f3n Mexicana de la Industria Automotriz (AMIA) lament\u00f3 la imposici\u00f3n unilateral del gobierno de Estados Unidos de imponer aranceles de 25 por ciento a las mercanc\u00edas provenientes de M\u00e9xico.\u00a0\u00a0En un comunicado\u00a0\u00a0destac\u00f3 que las tarifas tendr\u00e1n impactos significativos en los bolsillos de los consumidores estadunidenses, en las empresas y en su econom\u00eda y en la de toda Norteam\u00e9rica. Se\u00f1ala\u00a0\u00a0que los aranceles quitar\u00e1n oportunidades econ\u00f3micas y de bienestar a la sociedades de la regi\u00f3n, generando \u201cun caldo de cultivo\u201d para las actividades delictivas que buscan combatir.\u00a0\u00a0Destac\u00f3 que los 30 a\u00f1os de \u00e9xito en la integraci\u00f3n comercial entre M\u00e9xico, EU y Canad\u00e1, fortalecidos a partir de la entrada en vigor del T-MEC, son lo que ha permitido a la regi\u00f3n y a EU incrementar su competitividad.<\/p>\n<p><b>AMPACT:<\/b>\u00a0La Asociaci\u00f3n Nacional de Productores de Autobuses, Camiones y Tractocamiones (ANPACT) expres\u00f3 su preocupaci\u00f3n ante el anuncio del gobierno de Estados Unidos, encabezado por el presidente Donald Trump, sobre la imposici\u00f3n de nuevos aranceles a las exportaciones mexicanas. La medida, que impactar\u00e1 directamente al sector automotriz de veh\u00edculos pesados, pone en riesgo la estabilidad econ\u00f3mica y la competitividad de una industria profundamente integrada entre ambos pa\u00edses. El sector automotriz de veh\u00edculos pesados ha sido un pilar en la relaci\u00f3n comercial entre M\u00e9xico y Estados Unidos, con una cadena de valor compartida que depende de la colaboraci\u00f3n binacional.<\/p>\n<p><b>INA:<\/b>\u00a0El impacto de los aranceles impuestos por Estados Unidos a M\u00e9xico se reflejar\u00e1 en costos de producci\u00f3n y precios al consumidor, se\u00f1al\u00f3 la Industria Nacional de Autopartes (INA). Tras el anuncio del gobierno del presidente estadounidense, Donald Trump, de imponer tasas de 25% a todas las exportaciones mexicanas, incluidas las autopartes, a partir del 4 de febrero de este a\u00f1o, el organismo indic\u00f3 que se trata de \u201cun desaf\u00edo para la competitividad regional\u201d, por lo que los representantes del sector en los tres pa\u00edses mantenemos el di\u00e1logo y la coordinaci\u00f3n en favor del fortalecimiento de la regi\u00f3n.<\/p>\n<p><b>Canacintra:\u00a0<\/b>la C\u00e1mara Nacional de la Industria de Transformaci\u00f3n (Canacintra) tambi\u00e9n en un comunicado se\u00f1al\u00f3 que os aranceles impactan directamente en los consumidores estadunidenses y en las cadenas productivas en donde sus empresas tienen aliados comerciales en los tres pa\u00edses. Y expuso: \u201cDesde esta C\u00e1mara Industrial, ofrecemos nuestro apoyo para el dise\u00f1o y perfeccionamiento de este plan desde la perspectiva de la peque\u00f1a y mediana empresa. Urgimos a nuestro gobierno, a que coordine y tome las acciones y acuerdos necesarios al interior de nuestro pa\u00eds con los actores econ\u00f3micos y sociales, as\u00ed como con los gobiernos de Canad\u00e1 y Estados Unidos para atender los problemas sociales de primera importancia que ha manifestado el gobierno del pa\u00eds vecino y en el proceso hacer que se derogue r\u00e1pidamente el decreto que ha impuesto aranceles a los productos que importa ese pa\u00eds desde el nuestro\u201d.<\/p>\n<p><b>Concanaco:<\/b>\u00a0La Confederaci\u00f3n de C\u00e1maras Nacionales de Comercio, Servicios y Turismo (Concanaco-Servytur) rechaz\u00f3 categ\u00f3ricamente la decisi\u00f3n del gobierno de los Estados Unidos de imponer un arancel del 25 por ciento a las exportaciones mexicanas. \u201cEsta medida unilateral viola los principios del T-MEC, afecta directamente a las empresas, trabajadores y consumidores de ambos pa\u00edses, y se basa en un argumento que mezcla temas de seguridad y migraci\u00f3n con asuntos comerciales\u201d, dijo el organismo dirigido por Octavio de la Torre de St\u00e9ffano. \u201cRespaldamos la postura de la presidenta Claudia Sheinbaum, quien ha se\u00f1alado que no es con la imposici\u00f3n de aranceles como se resuelven los problemas, sino a trav\u00e9s del di\u00e1logo y la cooperaci\u00f3n\u201d, se\u00f1al\u00f3.<\/p>\n<p><b>Coparmex:\u00a0<\/b>la Confederaci\u00f3n Patronal de la Rep\u00fablica Mexicana (Coparmex) consider\u00f3 que ante la imposici\u00f3n de aranceles por parte de Estados Unidos, es necesaria una estrategia integral para fortalecer el mercado interno. \u201cLa imposici\u00f3n definitiva de aranceles del 25 por ciento por parte de gobierno de Estados Unidos a las exportaciones mexicanas, representa una\u00a0\u00a0amenaza directa para la competitividad de Am\u00e9rica del Norte y la estabilidad econ\u00f3mica de nuestro pa\u00eds\u201d, se\u00f1al\u00f3 en un comunicado \u201cEsta medida unilateral genera incertidumbre, afecta el comercio regional y compromete la integraci\u00f3n productiva que ha permitido el crecimiento compartido durante d\u00e9cadas\u201d, indic\u00f3 antes de rechazar la medida tomada por el presidente Donald Trump.<\/p>\n<p><b>Empresas globales:<\/b>\u00a0Empresas globales, un organismo que integra a 63 firmas trasnacionales que operan en el territorio nacional, manifest\u00f3 su confianza en\u00a0\u00a0el gobierno de la presidenta Claudia Sheinbaum Pardo mantenga una postura firme y estrat\u00e9gica, utilizando todas las herramientas disponibles para fomentar acuerdos que beneficien a la regi\u00f3n en su conjunto. Consider\u00f3 que la imposici\u00f3n de medidas arancelarias por parte de Estados Unidos a M\u00e9xico \u201cgenera incertidumbre en la relaci\u00f3n comercial de Am\u00e9rica del Norte\u201d, pero tambi\u00e9n afecta la competitividad y la estabilidad econ\u00f3mica de la regi\u00f3n T-MEC, se\u00f1al\u00f3 Empresas Globales y \u201cpone en riesgo la estabilidad de miles de empresas, el bienestar de millones de trabajadores y el futuro de las familias que conforman estas naciones\u201d.<\/p>\n<p><b>IMEF:<\/b>\u00a0El instituto Mexicano de Ejecutivos de Finanzas (IMEF) expres\u00f3 su preocupaci\u00f3n por el impacto que podr\u00edan tener los aranceles de 25 por ciento anunciados por Estados Unidos a M\u00e9xico y Canad\u00e1, en la estabilidad econ\u00f3mica, en la integraci\u00f3n regional y en la competitividad de Norteam\u00e9rica en un entorno global que est\u00e1 en transformaci\u00f3n y que requiere de unidad y visi\u00f3n estrat\u00e9gica de largo plazo. \u201cLa integraci\u00f3n de los tres pa\u00edses sobre bases de colaboraci\u00f3n, confianza y respeto mutuo son la clave para construir un futuro m\u00e1s promisorio para nuestros habitantes y para cimentar una alianza estrat\u00e9gica que nos permita competir exitosamente con otras regiones del mundo\u201d, apunt\u00f3 el organismo.<\/p>\n<p><b>Amafore:<\/b>\u00a0La Asociaci\u00f3n Mexicana de Administradoras de Fondos para el Retiro (Amafore) dijo respaldar la decisi\u00f3n de la presidenta, Claudia Sheinbaum, ante cualquier decisi\u00f3n que tome en contra de Estados Unidos luego de que Donald Trump anunciara aranceles de 25 por ciento para todas las exportaciones mexicanas. \u201cConfiamos en que la presidenta Sheinbaum tiene el liderazgo, la firmeza y la visi\u00f3n que M\u00e9xico necesita en estos tiempos de desaf\u00edo para defender y proteger los intereses de nuestra naci\u00f3n\u201d, dijo el organismo en un comunicado\u201d.<\/p>\n<p><b>CanCham:<\/b>\u00a0La C\u00e1mara de Comercio del Canad\u00e1 en M\u00e9xico (CanCham) consider\u00f3\u00a0\u00a0que la imposici\u00f3n de aranceles a M\u00e9xico y Canad\u00e1 \u201cdesnaturaliza el esp\u00edritu del T-MEC\u201d, adem\u00e1s de violar al tratado comercial y afecta el proceso de integraci\u00f3n regional, se\u00f1al\u00f3 la C\u00e1mara de Comercio del Canad\u00e1 en M\u00e9xico (CanCham). El organismo que est\u00e1 integrado en su mayor\u00eda por empresas mexicanas de capital canadiense, lament\u00f3 la decisi\u00f3n del presidente de Estados Unidos, Donald Trump, \u201cpara presuntamente alcanzar fines que est\u00e1n claramente fuera del comercio internacional\u201d.<\/p>\n<p>&nbsp;<\/p>\n<p><b>Tianguis<\/b><\/p>\n<p>El Poder Judicial de la Federaci\u00f3n resolvi\u00f3 a favor de Fibra Ori\u00f3n, concediendo la suspensi\u00f3n definitiva que le restituye la posesi\u00f3n jur\u00eddica y material de la Concesi\u00f3n del Viaducto La Venta-Punta Diamante, uno de los tramos m\u00e1s importantes para la conectividad de Acapulco y que hasta hoy ha estado en posesi\u00f3n de las autoridades locales desde abril de 2023.\u00a0\u00a0La decisi\u00f3n es inapelable y obliga a las autoridades responsables a devolver a Fibra Ori\u00f3n la infraestructura y todos los bienes necesarios para su operaci\u00f3n.<\/p>\n<p>Este fallo se suma a la sentencia de amparo otorgada el 26 de marzo de 2024 por la Jueza Sexta de Distrito en el Estado de Guerrero, que reconoci\u00f3 la violaci\u00f3n de derechos en el retiro de la concesi\u00f3n y cuya resoluci\u00f3n fue recurrida por el gobierno estatal. Desde abril de 2023, Fibra Ori\u00f3n ha confiado en el sistema legal mexicano y ha mantenido su disposici\u00f3n para colaborar con las autoridades en la rehabilitaci\u00f3n del Viaducto La Venta \u2013 Punta Diamante, en beneficio de las comunidades guerrerenses\u2026. La mayor\u00eda indiscutible de legisladores de la Cuarta Transformaci\u00f3n en el Congreso de la Ciudad de M\u00e9xico har\u00eda posible la autorizaci\u00f3n de cambios de uso de suelo en la capital del pa\u00eds, pero sin que nuevas construcciones afecten a la ciudadan\u00eda. De acuerdo con fuentes del poder legislativo, el objetivo es que no se frene el desarrollo, la construcci\u00f3n de edificios necesarios para la poblaci\u00f3n y la creaci\u00f3n de empleos en la Ciudad de M\u00e9xico, pero siempre preservando espacios que son ecol\u00f3gicos o de beneficio para la comunidad. Esta situaci\u00f3n es conocida por las inmobiliarias, que mantienen una cercan\u00eda con los diputados de la 4 T para que se puedan destrabar proyectos, cuya autorizaci\u00f3n est\u00e1 atorada en colonias de alta plusval\u00eda como Lomas de Chapultepec, Polanco, Anzures, Lomas Virreyes y Pedregal de San \u00c1ngel, por mencionar algunas. Veremos que sucede.<\/p>\n<p>filosofodelmetro@yahoo.com.mx<\/p>\n","protected":false},"excerpt":{"rendered":"<p>Diario Ejecutivo Trump destruye 78 a\u00f1os de comercio global IP apoya (como nunca) la presidenta Sheinbaum \u201cNada por la fuerza, todo por la raz\u00f3n y el derecho\u201d Roberto Fuentes Vivar &nbsp; Hace 78 a\u00f1os, en 1947, Estados Unidos fue uno de los 23 pa\u00edses que firmaron en primer intento por regular a nivel planetario el comercio exterior. Concretamente crearon el Acuerdo General de Aranceles y Comercio (GATT). Este fin de semana, el presidente de Estados Unidos. Donald Trump, dio el primer paso para destruir todos los protocolos de este comercio exterior, incluyendo los estipulados en los acuerdos bilaterales con nuestro [&hellip;]<\/p>\n","protected":false},"author":3,"featured_media":86153,"comment_status":"open","ping_status":"open","sticky":false,"template":"","format":"standard","meta":{"_jetpack_newsletter_access":"","_jetpack_dont_email_post_to_subs":false,"_jetpack_newsletter_tier_id":0,"_jetpack_memberships_contains_paywalled_content":false,"_jetpack_feature_clip_id":0,"_jetpack_memberships_contains_paid_content":false,"footnotes":"","jetpack_publicize_message":"","jetpack_publicize_feature_enabled":true,"jetpack_social_post_already_shared":true,"jetpack_social_options":{"image_generator_settings":{"template":"highway","default_image_id":0,"font":"","enabled":false},"version":2},"jetpack_post_was_ever_published":false},"categories":[79],"tags":[],"class_list":["post-113468","post","type-post","status-publish","format-standard","has-post-thumbnail","hentry","category-columnistas-nacionales","post--single"],"jetpack_publicize_connections":[],"jetpack_featured_media_url":"https:\/\/ovelanalista.com\/wp-content\/uploads\/2023\/11\/roberto_fuentes_vivar.jpeg","jetpack_sharing_enabled":true,"_links":{"self":[{"href":"https:\/\/ovelanalista.com\/index.php?rest_route=\/wp\/v2\/posts\/113468","targetHints":{"allow":["GET"]}}],"collection":[{"href":"https:\/\/ovelanalista.com\/index.php?rest_route=\/wp\/v2\/posts"}],"about":[{"href":"https:\/\/ovelanalista.com\/index.php?rest_route=\/wp\/v2\/types\/post"}],"author":[{"embeddable":true,"href":"https:\/\/ovelanalista.com\/index.php?rest_route=\/wp\/v2\/users\/3"}],"replies":[{"embeddable":true,"href":"https:\/\/ovelanalista.com\/index.php?rest_route=%2Fwp%2Fv2%2Fcomments&post=113468"}],"version-history":[{"count":1,"href":"https:\/\/ovelanalista.com\/index.php?rest_route=\/wp\/v2\/posts\/113468\/revisions"}],"predecessor-version":[{"id":113470,"href":"https:\/\/ovelanalista.com\/index.php?rest_route=\/wp\/v2\/posts\/113468\/revisions\/113470"}],"wp:featuredmedia":[{"embeddable":true,"href":"https:\/\/ovelanalista.com\/index.php?rest_route=\/wp\/v2\/media\/86153"}],"wp:attachment":[{"href":"https:\/\/ovelanalista.com\/index.php?rest_route=%2Fwp%2Fv2%2Fmedia&parent=113468"}],"wp:term":[{"taxonomy":"category","embeddable":true,"href":"https:\/\/ovelanalista.com\/index.php?rest_route=%2Fwp%2Fv2%2Fcategories&post=113468"},{"taxonomy":"post_tag","embeddable":true,"href":"https:\/\/ovelanalista.com\/index.php?rest_route=%2Fwp%2Fv2%2Ftags&post=113468"}],"curies":[{"name":"wp","href":"https:\/\/api.w.org\/{rel}","templated":true}]}}