{"id":113692,"date":"2025-01-30T11:26:23","date_gmt":"2025-01-30T18:26:23","guid":{"rendered":"https:\/\/ovelanalista.com\/?p=113692"},"modified":"2025-02-05T22:37:17","modified_gmt":"2025-02-06T05:37:17","slug":"ahome-es-municipio-pionero-en-inclusion-en-sinaloa-y-referente-nacional-gvl","status":"publish","type":"post","link":"https:\/\/ovelanalista.com\/?p=113692","title":{"rendered":"\u201cAhome es municipio pionero en inclusi\u00f3n en Sinaloa y referente nacional\u201d: GVL."},"content":{"rendered":"<p><strong><em>*El Alcalde, dijo sentirse orgulloso de estos logros del Gobierno y la sociedad de Ahome, como el Premio y Medalla Nacional por la Inclusi\u00f3n, Gilberto Rinc\u00f3n Gallardo, y garantiz\u00f3 que seguir\u00e1 apoyando para consolidar estas pol\u00edticas p\u00fablicas para el beneficio de todos, en especial de este sensible sector de la poblaci\u00f3n\u2026<\/em><\/strong><\/p>\n<p><strong><em>\u00a0<\/em><\/strong><\/p>\n<p><strong>Los Mochis, Ahome, Sinaloa, a 30 de Enero del 2025.-\u00a0<\/strong>El Presidente Municipal Gerardo Octavio Vargas Landeros, realiz\u00f3 la toma de protesta oficial e instal\u00f3 el nuevo Consejo Directivo del Instituto para la Inclusi\u00f3n y Desarrollo de las Personas con Discapacidad del Municipio de Ahome (IMDIS), 2024-2027, con un llamado a seguir siendo ejemplo nacional y el orgullo de Sinaloa.<\/p>\n<p>&nbsp;<\/p>\n<p>En su menaje, el Alcalde resalt\u00f3 que Ahome es el primer municipio de Sinaloa, y de los iniciales en el pa\u00eds, en concretar un Instituto de esta \u00edndole: \u201cMe siento muy orgulloso de estos logros, de todos ustedes, y los felicit\u00f3. Y a los integrantes de este nuevo grupo, les pido sentirse igual, y que trabajen en sinergia con todas nuestras dependencias municipales para lograr mayores \u00e9xitos\u201d, dijo.<\/p>\n<p>&nbsp;<\/p>\n<p>\u201cSomos el orgullo de Sinaloa en esta y otras materias, y as\u00ed debemos seguir, poniendo el ejemplo\u201d, subray\u00f3.<\/p>\n<p>&nbsp;<\/p>\n<p>Carlos Mart\u00edn Valenzuela Navarro, titular de IMDIS, dijo que gracias a la colaboraci\u00f3n de los ahomenses, y del Alcalde, a quien llama el Presidente de la Inclusi\u00f3n, este Instituto es ejemplo nacional, y ha recibido distinciones por los logros obtenidos, y que la idea es continuar cosechando triunfos.<\/p>\n<p>&nbsp;<\/p>\n<p>Quienes integran este Comit\u00e9, junto con el titular de IMDIS, Carlos Valenzuela, son el Alcalde, Gerardo Vargas, la S\u00edndica Procuradora, Cecilia Hern\u00e1ndez, las regidoras Lidia Reyes y Marysol Morales, as\u00ed como los ciudadanos Lidia de Jes\u00fas Chaidez, representante de los pintores con la boca y con el pie, Julio Villa, representante de la inclusi\u00f3n laboral, Juana Jassibe Osuna, representante de la comunidad de sordos, Cristina Osorio Armenta, de la comunidad con condiciones de neurodesarrollo y discapacidades.<\/p>\n","protected":false},"excerpt":{"rendered":"<p>*El Alcalde, dijo sentirse orgulloso de estos logros del Gobierno y la sociedad de Ahome, como el Premio y Medalla Nacional por la Inclusi\u00f3n, Gilberto Rinc\u00f3n Gallardo, y garantiz\u00f3 que seguir\u00e1 apoyando para consolidar estas pol\u00edticas p\u00fablicas para el beneficio de todos, en especial de este sensible sector de la poblaci\u00f3n\u2026 \u00a0 Los Mochis, Ahome, Sinaloa, a 30 de Enero del 2025.-\u00a0El Presidente Municipal Gerardo Octavio Vargas Landeros, realiz\u00f3 la toma de protesta oficial e instal\u00f3 el nuevo Consejo Directivo del Instituto para la Inclusi\u00f3n y Desarrollo de las Personas con Discapacidad del Municipio de Ahome (IMDIS), 2024-2027, con un [&hellip;]<\/p>\n","protected":false},"author":3,"featured_media":113695,"comment_status":"open","ping_status":"open","sticky":false,"template":"","format":"standard","meta":{"_jetpack_newsletter_access":"","_jetpack_dont_email_post_to_subs":false,"_jetpack_newsletter_tier_id":0,"_jetpack_memberships_contains_paywalled_content":false,"_jetpack_feature_clip_id":0,"_jetpack_memberships_contains_paid_content":false,"footnotes":"","jetpack_publicize_message":"\u201cAhome es municipio pionero en inclusi\u00f3n en Sinaloa y referente nacional\u201d: GVL.","jetpack_publicize_feature_enabled":true,"jetpack_social_post_already_shared":true,"jetpack_social_options":{"image_generator_settings":{"template":"highway","default_image_id":0,"font":"","enabled":false},"version":2},"jetpack_post_was_ever_published":false},"categories":[72,85],"tags":[],"class_list":["post-113692","post","type-post","status-publish","format-standard","has-post-thumbnail","hentry","category-portada","category-sinaloa-norte","post--single"],"jetpack_publicize_connections":[],"jetpack_featured_media_url":"https:\/\/ovelanalista.com\/wp-content\/uploads\/2025\/02\/gerardovargaslanderos.jpeg","jetpack_sharing_enabled":true,"_links":{"self":[{"href":"https:\/\/ovelanalista.com\/index.php?rest_route=\/wp\/v2\/posts\/113692","targetHints":{"allow":["GET"]}}],"collection":[{"href":"https:\/\/ovelanalista.com\/index.php?rest_route=\/wp\/v2\/posts"}],"about":[{"href":"https:\/\/ovelanalista.com\/index.php?rest_route=\/wp\/v2\/types\/post"}],"author":[{"embeddable":true,"href":"https:\/\/ovelanalista.com\/index.php?rest_route=\/wp\/v2\/users\/3"}],"replies":[{"embeddable":true,"href":"https:\/\/ovelanalista.com\/index.php?rest_route=%2Fwp%2Fv2%2Fcomments&post=113692"}],"version-history":[{"count":1,"href":"https:\/\/ovelanalista.com\/index.php?rest_route=\/wp\/v2\/posts\/113692\/revisions"}],"predecessor-version":[{"id":113697,"href":"https:\/\/ovelanalista.com\/index.php?rest_route=\/wp\/v2\/posts\/113692\/revisions\/113697"}],"wp:featuredmedia":[{"embeddable":true,"href":"https:\/\/ovelanalista.com\/index.php?rest_route=\/wp\/v2\/media\/113695"}],"wp:attachment":[{"href":"https:\/\/ovelanalista.com\/index.php?rest_route=%2Fwp%2Fv2%2Fmedia&parent=113692"}],"wp:term":[{"taxonomy":"category","embeddable":true,"href":"https:\/\/ovelanalista.com\/index.php?rest_route=%2Fwp%2Fv2%2Fcategories&post=113692"},{"taxonomy":"post_tag","embeddable":true,"href":"https:\/\/ovelanalista.com\/index.php?rest_route=%2Fwp%2Fv2%2Ftags&post=113692"}],"curies":[{"name":"wp","href":"https:\/\/api.w.org\/{rel}","templated":true}]}}