{"id":113948,"date":"2025-02-10T10:40:50","date_gmt":"2025-02-10T17:40:50","guid":{"rendered":"https:\/\/ovelanalista.com\/?p=113948"},"modified":"2025-02-10T09:52:46","modified_gmt":"2025-02-10T16:52:46","slug":"santiago-de-la-pena-sobriedad-y-lealtad","status":"publish","type":"post","link":"https:\/\/ovelanalista.com\/?p=113948","title":{"rendered":"SANTIAGO de la PE\u00d1A: SOBRIEDAD y LEALTAD"},"content":{"rendered":"<p><strong>C O N T R A P O D E R<\/strong><\/p>\n<p><strong>JUAN ANTONIO TORRES<\/strong><\/p>\n<p>El 1 de enero del 2023 se TRASTOCO el r\u00e9gimen de MARIA EUGENIA CAMPOS GALVAN, la primera mujer GOBERNADORA en CHIHUAHUA, luego del MOTIN en el CERESO de CIUDAD JUAREZ, que dej\u00f3 una CAUDA de MUERTE y la FUGA masiva de peligrosos REOS.<\/p>\n<p>Con ello, fueron REMOVIDOS de sus ENCARGOS varios funcionarios de PRIMER NIVEL quienes NO dieron el DO de PECHO, cuando apenas CUMPL\u00cdA, un a\u00f1o y medio, la actual nomenclatura panista, que acababa de RELEVAR a su NEMESIS, el FUNESTO, JAVIER CORRAL JURADO, el PEOR gobernador que ha tenido la vasta entidad.<\/p>\n<p>Unos se CAYERON, literalmente y les dieron comisi\u00f3n FAMILIAR..<\/p>\n<p>Otros, como luego se dice, \u201cse cayeron para ARRIBA\u201d.<\/p>\n<p>Es el caso en particular de SANTIAGO de la PE\u00d1A GRAJEDA, quien sorprendi\u00f3 a TIRIOS y TROYANOS, su ascenso a la SECRETARIA de GOBIERNO, por su origen partidista; priista de CONVICCION, por los cuatro costados, NUNCA por CONVENIENCIA pol\u00edtica, como se estila ahora en los tiempos que corren.<\/p>\n<p>Lleg\u00f3 por la PUERTA GRANDE, para sustituir a CESAR GUSTAVO JAUREGUI MORENO, quien pas\u00f3 a ocupar la CALIENTE SILLA de la FISCALIA GENERAL del ESTADO.<\/p>\n<p>Lleg\u00f3 un 16 de enero del 2023. Ya han pasado 2 a\u00f1os y casi dos meses.<\/p>\n<p>Tras su IRRUPCION, pocos muy pocos, apostaban a que llenara con OFICIO y EFICIENCIA, los zapatos de ocupar la RESPONSABILIDAD de ser el n\u00famero dos.<\/p>\n<p>Ha tapado BOCAS de los panistas DUROS que pon\u00edan en TELA de DUDA que, SANTIAGO ser\u00eda un FACTOR de SOLUCION y RESULTADOS, teniendo como antecedente que a fuerza de ser OBJETIVOS, JAUREGUI MORENO, lo hab\u00eda hecho con BUENAS CALIFICACIONES.<\/p>\n<p>Se dio un hecho INEDITO que nadie atisbaba, ya que la administraci\u00f3n estatal es PANISTA y quien llegaba era un TRICOLOR que aparentemente NO ENCAJABA en la cuadratura del gobierno albiazul, que hab\u00eda sido CIMBRADO por la MANO SINIESTRA del HAMPA ORGANIZADA, cuando apenas DESPUNTABA el 2023.<\/p>\n<p>Con su arribo, de FACTO, se apuntal\u00f3 el PRIANISMO tan fustigado por el gobierno de MORENA, hoy instalado en el PODER.<\/p>\n<p>Pero lo m\u00e1s INSOLITO, en t\u00e9rminos de ESTADISTICA, es que muchos a\u00f1os antes de que De la PE\u00d1A GRAJEDA, fuera UNGIDO como tal, sus dos abuelos; paterno y materno, ocuparon por diferentes RAZONES y CIRCUNSTANCIAS el privilegiado espacio de ser SECRETARIOS de GOBIERNO.<\/p>\n<p>El primero de ellos fue, ALBERTO de la PE\u00d1A BORJA, nativo de PARRAL, quien en los 40s fue el encargado de la pol\u00edtica interna, estando como jefe del EJECUTIVO estatal, ALFREDO CHAVEZ.<\/p>\n<p>Luego en los 70s, har\u00eda lo propio, VICENTE GRAJEDA PEDRUEZA, oriundo de JIMENEZ, en los tiempos IDOS del general, PRAXEDES GINER.<\/p>\n<p>En torno a sus ANCESTROS, bien podr\u00eda aplicarse a De la PE\u00d1A GRAJEDA, el adagio popular que reza; \u201cde CASTA le viene al GALGO\u201d, o sea que ya lo trae en la SANGRE y en los CROMOSOMAS, el gen de ser n\u00famero dos\u2026<br \/>\nANTECEDENTES, SIN ESQUELETOS de CORRUPCION<\/p>\n<p>Desde luego, la operaci\u00f3n pol\u00edtica que TEJIO en la administraci\u00f3n, del ex edil priista, JAVIER ALONSO GARFIO PACHECO, como secretario del AYUNTAMIENTO, por dos a\u00f1os-noviembre del 2014 a septiembre del 2016- no pasar\u00eda INADVERTIDA, para cuando lleg\u00f3 el cambio de gobierno en la alcald\u00eda capitalina, fue llamado para que repitiera en la misma responsabilidad, pero ya, en la administraci\u00f3n del panista, MARCO ANTONIO BONILLA, donde permaneci\u00f3 de octubre del 2021 a enero del 2023.<\/p>\n<p>Un a\u00f1o y tres meses y se CATAPULTO..<\/p>\n<p>Cuando ocurri\u00f3 el DESAGUISADO del CERESO n\u00famero 3 de CIUDAD JUAREZ, el 1 de enero del 2023 que, dej\u00f3 17 personas muertas entre CUSTODIOS y REOS y la FUGA MASIVA de 30 peligrosos RECLUSOS, fue llamado de manera EMERGENTE por la gobernadora, MARU CAMPOS, para que se ocupara de la silla de la SECRETARIA GENERAL.<\/p>\n<p>Para los que NO SABEN de los LAZOS de AMISTAD entre la JEFA pol\u00edtica de la entidad y el actual secretario de GOBIERNO, estos datan, desde que ambos eran escolapios de LA SALLE, cuando ambos frisaban los 12 o 13 a\u00f1os de edad..<\/p>\n<p>De la PE\u00d1A, se fue por la puerta de ENFRENTE, sin MACULAS de PUTREFACCION en el CUMPLIMIENTO de su funci\u00f3n, en tanto que su ex jefe pol\u00edtico, el priista y ex duartista, JAVIER GARFIO PACHECO, cay\u00f3 en la DESGRACIA POLITICA y pag\u00f3 con CARCEL y mucho dinero para RECUPERAR su LIBERTAD, en el sexenio de la PERSECUCION de JAVIER CORRAL.<\/p>\n<p>De la PE\u00d1A, NO RENIEGA de su origen partidario, en el PRI, ya que ah\u00ed se form\u00f3. \u201cDesconocer mi origen, ser\u00eda NEGAR mi propia historia, lo admite\u201d, sin vacilaci\u00f3n.<\/p>\n<p>En este contexto, explica que, desde el 2017, dej\u00f3 de participar en el PRI, empero NO ha RENUNCIADO a su militancia, \u201cestoy en un impasse, ya que ahora me inclino por un proyecto m\u00e1s CIUDADANIZADO\u201d, precisa.<\/p>\n<p>LOS ACIERTOS en 2 A\u00d1OS y CONTANDO\u2026<\/p>\n<p>Al hacer un breve CORTE de CAJA de los LOGROS que ha alcanzado en poco m\u00e1s de 2 a\u00f1os y d\u00edas, pone en primer t\u00e9rmino haber entregado en pleno funcionamiento las tres l\u00edneas del transporte p\u00fablico, BRT \u2013JUAREZ BUS, algo que se preve\u00eda IMPOSIBLE de LOGRAR, por el LASTRE que hab\u00eda dejado el gobierno de JAVIER CORRAL, en este INGENTE tema.<\/p>\n<p>\u201cLe ped\u00ed a la gobernadora que me diera su CONFIANZA y, un a\u00f1o, para REVERTIR ese estado de cosas en un tema candente como es el transporte p\u00fablico, donde se tiene una DEUDA hist\u00f3rica de a\u00f1os y a\u00f1os\u2026 y le CUMPLI, pues a mediados del 2024, pusimos en marcha las l\u00edneas 2 y 3 del BRT y el pasado 13 de diciembre del 2024, la l\u00ednea 1.<\/p>\n<p>\u201cCumplimos en TIEMPO y FORMA\u201d festina, el abogado de profesi\u00f3n, quien acaba de traspasar la barrera de la media centuria de vida\u2026<\/p>\n<p>\u201cMovemos hoy en d\u00eda, m\u00e1s de 7 millones de viajes al a\u00f1o y alrededor de 60 a 70 mil viajes, o validaciones diarias, subraya orgulloso de haber hecho la tarea, enf\u00e1tico, De la PE\u00d1A.<\/p>\n<p>Las JUGADAS con TALENTO, que ha articulado el Secretario de GOBIERNO, sin caer en ALARDES PENDENCIEROS, o en PROTAGONISMOS fatuos, se han ejecutado en la UACH, en el Congreso del Estado, en los sindicatos de maestros de la secci\u00f3n 8va y 42, desde luego, con su sello personal que se enmarca en CONCILIAR y CONTRUIR acuerdos pol\u00edticos, incluso con las HORDAS de MORENA, con el BODRIO de la REFORMA al PODER JUDICIAL, admite sin rodeos.<\/p>\n<p>La SUCESION SEXENAL y su FUTURO.<\/p>\n<p>SANTIAGO, est\u00e1 por dem\u00e1s consciente que no EXENTO de estar en la MIRA de propios y extra\u00f1os ante la SUCESION SEXENAL del 2027, al ocupar un puesto de PRIVILEGIO, donde a la LUZ de los HECHOS, se ha LEGITIMADO y ACREDITADO..<\/p>\n<p>Es un funcionario que busca ser EMPATICO y lo predica con el EJEMPLO, no busca ARROLLAR a los que NO PIENSAN o COMULGAN con \u00e9l, a tal grado que panistas de CEPA, se le han acercado y lo han FELICITADO por lo que ha LOGRADO.<\/p>\n<p>Santiago ha hecho muchos EXHORTOS a los que se sienten CANDIDATEABLES para que le bajen a su PROSELITISMO y trabajen por el proyecto en com\u00fan que es el de la gobernadora, ya que al final de cuentas, les dio la CONFIANZA, para que trabajen por ella.<\/p>\n<p>De la PE\u00d1A, es LEAL, a MARU CAMPOS. Es LEAL, al BUEN APELLIDO de sus ANCESTROS. Es LEAL, a su FAMILIA, su INSPIRACION. Es LEAL a sus PRINCIPIOS y VALORES, que le INCULCARON sus extintos PADRES.<\/p>\n<p>En relaci\u00f3n a sus APETITOS PERSONALES de ser CANDIDATO a un puesto de ELECCION POPULAR en el 2027, asevera que se ha ganado el RESPETO de sus ADVERSARIOS jugando derecho.<\/p>\n<p>\u201cNo TEMO y, no veo un problema el HECHO de ser priista en un r\u00e9gimen panista, no me echo AGUA BENDITA para hacer mi trabajo lo MEJOR que puedo, me ATENGO a los RESULTADOS y a mi trabajo que me den ese PLUS, frente al OJO CRITICO de la ciudadan\u00eda para cuando vengan los tiempos de la SUCESION..<\/p>\n<p>\u201cSoy de los que CREEN que con los PUROS MEMBRETES partidarios no nos va ALCANZAR en las CONTIENDAS electorales futuras, debemos buscar un PROYECTO m\u00e1s CIUDADANO\u201d..<\/p>\n<p>El secretario de GOBIERNO, sabe que, \u201cpor mucho MADRUGAR no AMANECE m\u00e1s temprano quien se ha aplicado no solo en el ESCRITORIO, sino en el TERRITORIO para NO GENERAR vac\u00edos que ocupen los ADVERSARIOS pol\u00edticos\u2026<\/p>\n<p>DE la PE\u00d1A, reflexivo debe AQUILATAR el viejo proverbio que reza que, \u201cLO DIFICIL no es llegar, sino MANTENERSE\u201d.<\/p>\n<p>Y lo m\u00e1s TRASCENDENTAL que han OLVIDADO, no pocos;<\/p>\n<p>NO PERDER el PISO y menos el RUMBO, ya que \u201cSORPRESAS te da la VIDA\u2026 y m\u00e1s, en las arenas SINUOSAS de la pol\u00edtica que luego los hace PRESAS del<\/p>\n<p>ESCARNIO social, de ESTIGMAS que NUNCA se BORRARAN\u2026<\/p>\n","protected":false},"excerpt":{"rendered":"<p>C O N T R A P O D E R JUAN ANTONIO TORRES El 1 de enero del 2023 se TRASTOCO el r\u00e9gimen de MARIA EUGENIA CAMPOS GALVAN, la primera mujer GOBERNADORA en CHIHUAHUA, luego del MOTIN en el CERESO de CIUDAD JUAREZ, que dej\u00f3 una CAUDA de MUERTE y la FUGA masiva de peligrosos REOS. Con ello, fueron REMOVIDOS de sus ENCARGOS varios funcionarios de PRIMER NIVEL quienes NO dieron el DO de PECHO, cuando apenas CUMPL\u00cdA, un a\u00f1o y medio, la actual nomenclatura panista, que acababa de RELEVAR a su NEMESIS, el FUNESTO, JAVIER CORRAL JURADO, el [&hellip;]<\/p>\n","protected":false},"author":3,"featured_media":98455,"comment_status":"open","ping_status":"open","sticky":false,"template":"","format":"standard","meta":{"_jetpack_newsletter_access":"","_jetpack_dont_email_post_to_subs":false,"_jetpack_newsletter_tier_id":0,"_jetpack_memberships_contains_paywalled_content":false,"_jetpack_feature_clip_id":0,"_jetpack_memberships_contains_paid_content":false,"footnotes":"","jetpack_publicize_message":"","jetpack_publicize_feature_enabled":true,"jetpack_social_post_already_shared":true,"jetpack_social_options":{"image_generator_settings":{"template":"highway","default_image_id":0,"font":"","enabled":false},"version":2},"jetpack_post_was_ever_published":false},"categories":[79],"tags":[],"class_list":["post-113948","post","type-post","status-publish","format-standard","has-post-thumbnail","hentry","category-columnistas-nacionales","post--single"],"jetpack_publicize_connections":[],"jetpack_featured_media_url":"https:\/\/ovelanalista.com\/wp-content\/uploads\/2024\/07\/juan_antonio_torres.jpg","jetpack_sharing_enabled":true,"_links":{"self":[{"href":"https:\/\/ovelanalista.com\/index.php?rest_route=\/wp\/v2\/posts\/113948","targetHints":{"allow":["GET"]}}],"collection":[{"href":"https:\/\/ovelanalista.com\/index.php?rest_route=\/wp\/v2\/posts"}],"about":[{"href":"https:\/\/ovelanalista.com\/index.php?rest_route=\/wp\/v2\/types\/post"}],"author":[{"embeddable":true,"href":"https:\/\/ovelanalista.com\/index.php?rest_route=\/wp\/v2\/users\/3"}],"replies":[{"embeddable":true,"href":"https:\/\/ovelanalista.com\/index.php?rest_route=%2Fwp%2Fv2%2Fcomments&post=113948"}],"version-history":[{"count":1,"href":"https:\/\/ovelanalista.com\/index.php?rest_route=\/wp\/v2\/posts\/113948\/revisions"}],"predecessor-version":[{"id":113951,"href":"https:\/\/ovelanalista.com\/index.php?rest_route=\/wp\/v2\/posts\/113948\/revisions\/113951"}],"wp:featuredmedia":[{"embeddable":true,"href":"https:\/\/ovelanalista.com\/index.php?rest_route=\/wp\/v2\/media\/98455"}],"wp:attachment":[{"href":"https:\/\/ovelanalista.com\/index.php?rest_route=%2Fwp%2Fv2%2Fmedia&parent=113948"}],"wp:term":[{"taxonomy":"category","embeddable":true,"href":"https:\/\/ovelanalista.com\/index.php?rest_route=%2Fwp%2Fv2%2Fcategories&post=113948"},{"taxonomy":"post_tag","embeddable":true,"href":"https:\/\/ovelanalista.com\/index.php?rest_route=%2Fwp%2Fv2%2Ftags&post=113948"}],"curies":[{"name":"wp","href":"https:\/\/api.w.org\/{rel}","templated":true}]}}