{"id":113950,"date":"2025-02-10T10:50:59","date_gmt":"2025-02-10T17:50:59","guid":{"rendered":"https:\/\/ovelanalista.com\/?p=113950"},"modified":"2025-02-10T09:53:45","modified_gmt":"2025-02-10T16:53:45","slug":"liderazgo-magisterial","status":"publish","type":"post","link":"https:\/\/ovelanalista.com\/?p=113950","title":{"rendered":"Liderazgo magisterial"},"content":{"rendered":"<p><strong>La pol\u00edtica en rosa<\/strong><\/p>\n<p><strong>Elsbeth Lenz<\/strong><\/p>\n<p>&nbsp;<\/p>\n<p>El magisterio, siempre ha sido complicado, por tanto la Secretar\u00eda de Educaci\u00f3n de Veracruz, independientemente de manejar uno de los presupuestos m\u00e1s grandes, tiene una n\u00f3mina inmensa; se relaciona con un gran n\u00famero de sindicatos, algunos de ellos los de a\u00f1os, nacieron con el prop\u00f3sito fundamental de defender y mejorar las condiciones de trabajo, prestaciones y derechos laborales de los trabajadores de la educaci\u00f3n y de pronto un d\u00eda se volvieron monstruos poderos\u00edsimos y empezaron a negociar posiciones pol\u00edticas para sus allegados, m\u00e1s que para sus agremiados, el voto corporativo que le llamaban antes, ten\u00eda un peso invaluable y para cualquiera pol\u00edtico, traer en la bolsa a un l\u00edder magisterial, equival\u00eda a tener de su lado a Naas\u00f3n Joaqu\u00edn, en sus buenos a\u00f1os de la Luz del Mundo.<\/p>\n<p>Los abusos por parte de algunos l\u00edderes magisteriales, se volvieron un descaro y las fortunas amasadas generaron la codicia y \u00a1V\u00e1monos! Muchos agremiados rijosos y con hambre, dijeron a formar sus propios sindicatos, no con el prop\u00f3sito fundamental de proteger los derechos laborales del magisterio, sino como una especie de negocio piramidal, en la que el l\u00edder recib\u00eda las prebendas de todos los agremiados y las distribu\u00eda de acuerdo a su criterio, es decir \u00a1Primero la familia! Para las plazas y recategorizaciones.<\/p>\n<p>Y as\u00ed fue como hoy surgieron un sinf\u00edn de sindicatos con l\u00edderes, que carecen de autoridad e influencia, pero que le han llegado al precio al gobierno en turno, para hacer su peque\u00f1o coto de poder y de ah\u00ed partir y repartir, haci\u00e9ndose de agremiados con incentivos, pr\u00e9stamos, bailes y dem\u00e1s estrategias, que al final dejan a sus agremiados sin beneficios de fondos magisteriales y hasta sin jubilaci\u00f3n.<\/p>\n<p>Pues bien, como en todo cambio de gobierno, los sindicatos magisteriales mas grandes, eligieron un bando, algunos fueron con Roc\u00edo Nahle, pero la gran mayor\u00eda de estos sindicatos, se fueron con la finta de que la oposici\u00f3n ganar\u00eda y all\u00e1 fueron con todas sus matracas, ofreciendo aquel voto corporativo, que ya ni existe.<\/p>\n<p>Una vez ganada la elecci\u00f3n, lleg\u00f3 la doctora Claudia Tello a la Secretar\u00eda de Educaci\u00f3n y se ha ido reuniendo con los sindicatos m\u00e1s grandes y representativos sin distinci\u00f3n de filias; algunas reuniones han salido bien, otras no, pero como en toda gesti\u00f3n gubernamental, se va mejorando la relaci\u00f3n con el paso del tiempo y pian pianito va caminando el mastodonte que representa la SEV.<\/p>\n<p>Y que como en todo cambio de gobierno y ante los ajustes que se han hecho, algunos sindicatos que por cierto, surgieron luego de la famos\u00edsima Reforma Educativa, como un acuerdo para calmar a la presunta disidencia, hoy aprovechan esos ajustes, para acarrear ag\u00fcita para su molino y ejercer presi\u00f3n amenazando con revueltas, paros incendiarios y no se que tanto m\u00e1s.<\/p>\n<p>Eso mismo ha ocurrido, desde que Luz Jim\u00e9nez, pos\u00f3 para el mural \u201cLa ense\u00f1anza\u201d que ha sido durante tantos a\u00f1os, imagen de la SEP y no es ninguna novedad, lo que ocurre es que hoy por hoy con los MORENOS, los fondos y las formas han cambiado, pero no tanto, as\u00ed que eso de la presunta revuelta, magisterial incendiaria dif\u00edcilmente ocurrir\u00e1, porque la realidad es que una revuelta importante, tendr\u00eda que reunir gente suficiente para armar el alboroto y aunque son algunos sindicatos, traen la lumbre de un zippo sin gasolina ni mechero.<\/p>\n<p>Regresamos a las aulas en educaci\u00f3n media superior, as\u00ed que caminito de la escuela.<\/p>\n<p><strong>Cosas de la vida y menudencias<\/strong><\/p>\n<p>Que dice el bff Iv\u00e1n Calder\u00f3n que en Poza Rica, la candidatura a la alcald\u00eda, podr\u00eda recaer en una mujer y que don Jos\u00e9 Luis Lima Franco se quedar\u00eda con las ganas, en una de esas manda a su esposa M\u00f3nica que aunque es de las Altas Monta\u00f1as, se ve muy guapa en las fotos.<\/p>\n<p>La situaci\u00f3n en Acci\u00f3n Nacional est\u00e1 tan precaria, que ayer los balconearon en el Universal muy feo, ya que en el Comit\u00e9 Ejecutivo Nacional, los trabajadores tienen cuatro meses que no ven la luz\u2026 y no porque exista deuda con la Comisi\u00f3n Federal de Electricidad, sino porque no les han pagado su salario.<\/p>\n<p>Lector, lectora querida, arrancamos semana, ma\u00f1ana nos leemos.<\/p>\n<p><strong>Comente politicaenrosa@outlook.com ent\u00e9rate www.lapoliticaenrosa.com y s\u00edgueme en mis redes sociales @elsbeth_lenz<\/strong><\/p>\n","protected":false},"excerpt":{"rendered":"<p>La pol\u00edtica en rosa Elsbeth Lenz &nbsp; El magisterio, siempre ha sido complicado, por tanto la Secretar\u00eda de Educaci\u00f3n de Veracruz, independientemente de manejar uno de los presupuestos m\u00e1s grandes, tiene una n\u00f3mina inmensa; se relaciona con un gran n\u00famero de sindicatos, algunos de ellos los de a\u00f1os, nacieron con el prop\u00f3sito fundamental de defender y mejorar las condiciones de trabajo, prestaciones y derechos laborales de los trabajadores de la educaci\u00f3n y de pronto un d\u00eda se volvieron monstruos poderos\u00edsimos y empezaron a negociar posiciones pol\u00edticas para sus allegados, m\u00e1s que para sus agremiados, el voto corporativo que le llamaban [&hellip;]<\/p>\n","protected":false},"author":3,"featured_media":82569,"comment_status":"open","ping_status":"open","sticky":false,"template":"","format":"standard","meta":{"_jetpack_newsletter_access":"","_jetpack_dont_email_post_to_subs":false,"_jetpack_newsletter_tier_id":0,"_jetpack_memberships_contains_paywalled_content":false,"_jetpack_feature_clip_id":0,"_jetpack_memberships_contains_paid_content":false,"footnotes":"","jetpack_publicize_message":"","jetpack_publicize_feature_enabled":true,"jetpack_social_post_already_shared":true,"jetpack_social_options":{"image_generator_settings":{"template":"highway","default_image_id":0,"font":"","enabled":false},"version":2},"jetpack_post_was_ever_published":false},"categories":[79],"tags":[],"class_list":["post-113950","post","type-post","status-publish","format-standard","has-post-thumbnail","hentry","category-columnistas-nacionales","post--single"],"jetpack_publicize_connections":[],"jetpack_featured_media_url":"https:\/\/ovelanalista.com\/wp-content\/uploads\/2023\/10\/Elsbeth-05062020.webp","jetpack_sharing_enabled":true,"_links":{"self":[{"href":"https:\/\/ovelanalista.com\/index.php?rest_route=\/wp\/v2\/posts\/113950","targetHints":{"allow":["GET"]}}],"collection":[{"href":"https:\/\/ovelanalista.com\/index.php?rest_route=\/wp\/v2\/posts"}],"about":[{"href":"https:\/\/ovelanalista.com\/index.php?rest_route=\/wp\/v2\/types\/post"}],"author":[{"embeddable":true,"href":"https:\/\/ovelanalista.com\/index.php?rest_route=\/wp\/v2\/users\/3"}],"replies":[{"embeddable":true,"href":"https:\/\/ovelanalista.com\/index.php?rest_route=%2Fwp%2Fv2%2Fcomments&post=113950"}],"version-history":[{"count":1,"href":"https:\/\/ovelanalista.com\/index.php?rest_route=\/wp\/v2\/posts\/113950\/revisions"}],"predecessor-version":[{"id":113953,"href":"https:\/\/ovelanalista.com\/index.php?rest_route=\/wp\/v2\/posts\/113950\/revisions\/113953"}],"wp:featuredmedia":[{"embeddable":true,"href":"https:\/\/ovelanalista.com\/index.php?rest_route=\/wp\/v2\/media\/82569"}],"wp:attachment":[{"href":"https:\/\/ovelanalista.com\/index.php?rest_route=%2Fwp%2Fv2%2Fmedia&parent=113950"}],"wp:term":[{"taxonomy":"category","embeddable":true,"href":"https:\/\/ovelanalista.com\/index.php?rest_route=%2Fwp%2Fv2%2Fcategories&post=113950"},{"taxonomy":"post_tag","embeddable":true,"href":"https:\/\/ovelanalista.com\/index.php?rest_route=%2Fwp%2Fv2%2Ftags&post=113950"}],"curies":[{"name":"wp","href":"https:\/\/api.w.org\/{rel}","templated":true}]}}