{"id":113954,"date":"2025-02-10T11:10:17","date_gmt":"2025-02-10T18:10:17","guid":{"rendered":"https:\/\/ovelanalista.com\/?p=113954"},"modified":"2025-02-10T09:56:09","modified_gmt":"2025-02-10T16:56:09","slug":"la-costumbre-del-poder-el-infundio-en-politica","status":"publish","type":"post","link":"https:\/\/ovelanalista.com\/?p=113954","title":{"rendered":"La Costumbre del Poder: El infundio en pol\u00edtica"},"content":{"rendered":"<p><strong>* Profesionalmente me cost\u00f3 superar la mentira, el infundio. Ambos patrones me boletinaron, aunque con m\u00e1s sa\u00f1a Manuel Alonso Mu\u00f1oz, pero aqu\u00ed estoy, frente al teclado y con la dignidad intacta, mientras que Jos\u00e9 Ram\u00f3n y Salinas Pliego -les puedo asegurar- dif\u00edcilmente concilian el sue\u00f1o. Son muchos los gatos que traen en su costal<\/strong><\/p>\n<p><strong>Gregorio Ortega Molina<\/strong><\/p>\n<p>&nbsp;<\/p>\n<p>Las relaciones humanas son esencialmente pol\u00edticas. Si as\u00ed sucede ocasionalmente en el hogar, ocurre a diario en la vida profesional, en las actividades sociales, en el ejercicio del poder.\u00a0<strong>Por norma, aunque no sea cierto, el que manda tiene la raz\u00f3n, dice la verdad<\/strong>.<\/p>\n<p>Los seres humanos dif\u00edcilmente nos detenemos a observar, vemos lo que nos conviene, escuchamos lo que necesitamos o\u00edr para sentirnos bien con nosotros mismos. Lo dem\u00e1s pasa a segundo t\u00e9rmino, por eso mentimos y tambi\u00e9n nos convertimos en v\u00edctimas del infundio. La Biblia -que muestra el comportamiento humano- lo expres\u00f3 con claridad. Tenemos o\u00eddos y no escuchamos, ojos y no vemos\u2026 permanecemos mudos ante lo que nos afecta.<\/p>\n<p>Victimizarse resulta est\u00fapido, pero es peor no preservar lo que consideramos dignidad, cuidar de la honra profesional. Lo he padecido dos veces, sin pruebas ni se\u00f1ales.<\/p>\n<p>Manuel Alonso Mu\u00f1oz, despu\u00e9s de jurarme amistad por su relaci\u00f3n con mi padre, y sin derecho de audiencia, me acus\u00f3 de vender la portada de\u00a0<em>P\u00e1gina<\/em><strong>uno\u00a0<\/strong>y un reportaje a \u00c1ngel Isidoro Rodr\u00edguez Saiz \u201cEl Divino\u201d. Parte del argumento es que me quedaba con todo un ingreso indebido, y no entregaba a\u00a0<strong>uno<\/strong><em>m\u00e1s<\/em><strong>uno\u00a0<\/strong>su debido porcentaje. Despu\u00e9s de un diferendo en tribunales, puesto que lo demand\u00e9 por difamaci\u00f3n, decidi\u00f3 solicitarme el perd\u00f3n. Lo conced\u00ed, no soy de rencores. Tengo el expediente a buen recaudo, porque mis hijos y nietos merecen la verdad.<\/p>\n<p>Un episodio similar propici\u00f3 mi salida de TV Azteca. Mucha responsabilidad y poco salario. Me desempe\u00f1aba como jefe de informaci\u00f3n de los noticieros. No de uno, de todos. Cuando Jos\u00e9 Ram\u00f3n Fern\u00e1ndez lleg\u00f3 a sustituir a Trist\u00e1n Canales, tambi\u00e9n me jur\u00f3 respeto, pero en cuanto se le present\u00f3 la oportunidad corri\u00f3 a intrigarme a la oficina del due\u00f1o. El tama\u00f1o del oponente era distinto, y el cansancio tambi\u00e9n. Nunca me escucharon, y nunca lo solicit\u00e9.<\/p>\n<p>A\u00f1os despu\u00e9s Ricardo Benjam\u00edn Salinas Pliego decidi\u00f3 poner de patitas en la calle a Jos\u00e9 Ram\u00f3n Fern\u00e1ndez y su equipo, pues result\u00f3 que, a decir de radio pasillo, ellos s\u00ed pasaban la charola. El due\u00f1o de la televisora debi\u00f3 hacer p\u00fablico el suceso, pero eligi\u00f3 guardar silencio, porque le molest\u00f3 dejarse tomar el pelo.<\/p>\n<p>Profesionalmente me cost\u00f3 superar la mentira, el infundio. Ambos patrones me boletinaron, aunque con m\u00e1s sa\u00f1a Manuel Alonso Mu\u00f1oz, pero aqu\u00ed estoy, frente al teclado y con la dignidad intacta, mientras que Jos\u00e9 Ram\u00f3n y Salinas Pliego -les puedo asegurar- dif\u00edcilmente concilian el sue\u00f1o. Son muchos los gatos que traen en su costal.<\/p>\n<p><a href=\"http:\/\/www.gregorioortega.blog\/\">www.gregorioortega.blog<\/a><br \/>\n@OrtegaGregorio<\/p>\n","protected":false},"excerpt":{"rendered":"<p>* Profesionalmente me cost\u00f3 superar la mentira, el infundio. Ambos patrones me boletinaron, aunque con m\u00e1s sa\u00f1a Manuel Alonso Mu\u00f1oz, pero aqu\u00ed estoy, frente al teclado y con la dignidad intacta, mientras que Jos\u00e9 Ram\u00f3n y Salinas Pliego -les puedo asegurar- dif\u00edcilmente concilian el sue\u00f1o. Son muchos los gatos que traen en su costal Gregorio Ortega Molina &nbsp; Las relaciones humanas son esencialmente pol\u00edticas. Si as\u00ed sucede ocasionalmente en el hogar, ocurre a diario en la vida profesional, en las actividades sociales, en el ejercicio del poder.\u00a0Por norma, aunque no sea cierto, el que manda tiene la raz\u00f3n, dice la [&hellip;]<\/p>\n","protected":false},"author":3,"featured_media":91773,"comment_status":"open","ping_status":"open","sticky":false,"template":"","format":"standard","meta":{"_jetpack_newsletter_access":"","_jetpack_dont_email_post_to_subs":false,"_jetpack_newsletter_tier_id":0,"_jetpack_memberships_contains_paywalled_content":false,"_jetpack_feature_clip_id":0,"_jetpack_memberships_contains_paid_content":false,"footnotes":"","jetpack_publicize_message":"","jetpack_publicize_feature_enabled":true,"jetpack_social_post_already_shared":true,"jetpack_social_options":{"image_generator_settings":{"template":"highway","default_image_id":0,"font":"","enabled":false},"version":2},"jetpack_post_was_ever_published":false},"categories":[79],"tags":[],"class_list":["post-113954","post","type-post","status-publish","format-standard","has-post-thumbnail","hentry","category-columnistas-nacionales","post--single"],"jetpack_publicize_connections":[],"jetpack_featured_media_url":"https:\/\/ovelanalista.com\/wp-content\/uploads\/2024\/03\/Gregorio-Ortega-Molina.jpeg","jetpack_sharing_enabled":true,"_links":{"self":[{"href":"https:\/\/ovelanalista.com\/index.php?rest_route=\/wp\/v2\/posts\/113954","targetHints":{"allow":["GET"]}}],"collection":[{"href":"https:\/\/ovelanalista.com\/index.php?rest_route=\/wp\/v2\/posts"}],"about":[{"href":"https:\/\/ovelanalista.com\/index.php?rest_route=\/wp\/v2\/types\/post"}],"author":[{"embeddable":true,"href":"https:\/\/ovelanalista.com\/index.php?rest_route=\/wp\/v2\/users\/3"}],"replies":[{"embeddable":true,"href":"https:\/\/ovelanalista.com\/index.php?rest_route=%2Fwp%2Fv2%2Fcomments&post=113954"}],"version-history":[{"count":1,"href":"https:\/\/ovelanalista.com\/index.php?rest_route=\/wp\/v2\/posts\/113954\/revisions"}],"predecessor-version":[{"id":113957,"href":"https:\/\/ovelanalista.com\/index.php?rest_route=\/wp\/v2\/posts\/113954\/revisions\/113957"}],"wp:featuredmedia":[{"embeddable":true,"href":"https:\/\/ovelanalista.com\/index.php?rest_route=\/wp\/v2\/media\/91773"}],"wp:attachment":[{"href":"https:\/\/ovelanalista.com\/index.php?rest_route=%2Fwp%2Fv2%2Fmedia&parent=113954"}],"wp:term":[{"taxonomy":"category","embeddable":true,"href":"https:\/\/ovelanalista.com\/index.php?rest_route=%2Fwp%2Fv2%2Fcategories&post=113954"},{"taxonomy":"post_tag","embeddable":true,"href":"https:\/\/ovelanalista.com\/index.php?rest_route=%2Fwp%2Fv2%2Ftags&post=113954"}],"curies":[{"name":"wp","href":"https:\/\/api.w.org\/{rel}","templated":true}]}}