{"id":113964,"date":"2025-02-10T12:10:35","date_gmt":"2025-02-10T19:10:35","guid":{"rendered":"https:\/\/ovelanalista.com\/?p=113964"},"modified":"2025-02-10T10:03:14","modified_gmt":"2025-02-10T17:03:14","slug":"el-general-cienfuegos-es-nota-el-que-nada-debe-nada-teme","status":"publish","type":"post","link":"https:\/\/ovelanalista.com\/?p=113964","title":{"rendered":"El General Cienfuegos es nota! El que nada debe nada teme"},"content":{"rendered":"<div class=\"atbs-responsive-video\"><iframe loading=\"lazy\" title=\"El General Cienfuegos es nota! El que nada debe nada teme\" width=\"1200\" height=\"675\" src=\"https:\/\/www.youtube.com\/embed\/zdnb6Vjubh0?feature=oembed\" frameborder=\"0\" allow=\"accelerometer; autoplay; clipboard-write; encrypted-media; gyroscope; picture-in-picture; web-share\" referrerpolicy=\"strict-origin-when-cross-origin\" allowfullscreen><\/iframe><\/div>\n<p>El Gral. Salvador Cienfuegos, ex Secretario de la Defensa Nacional fue invitado este domingo al 112 Aniversario de la Marcha de la Lealtad que se realiz\u00f3 en el Castillo de Chapultepec, y es nota,. Fue invitado por haber sido director del Heroico Colegio Militar. (a\u00f1os 1997-2000) Arrib\u00f3 al lugar de manera discreta, subi\u00f3 al templete detr\u00e1s del general Enrique Cervantes y tom\u00f3 su lugar al final de la segunda fila del lado izquierdo del templete. Concluy\u00f3 el acto civico y tras el retiro de la Presidenta Sheounbaum, Cienfuegos baj\u00f3 del templete y alrededor de 20 generales hicieron fila para saludarlo. Algunos aprovecharon para tomarse la foto con \u00e9l, dice Natalia Vitela en REFORMA.. Y es nota.. En efecto, el divisionario no pasa desapercibido: \u00a1el que nada debe nada teme!, dice la sabidur\u00eda popular Es un militar respetado por su compa\u00f1eros de armas, y hoy es asesor del Gral. Secretario Ricardo Trevilla Trejo. No es ninguna sorpresa su asistencia a la reuni\u00f3n de hoy, de hecho ha asistido varios actos p\u00fablicos, el primero fue en marzo de 2022 cuando fue invitado a la inauguraci\u00f3n del Aeropuerto Felipe \u00c1ngeles; AIFA. Un mes despu\u00e9s, en la ma\u00f1anera del 10 de abril AMLO indic\u00f3 que las acusaciones contra Cienfuegos fueron producto de una venganza de la DEA contra el Ej\u00e9rcito.. Meses despues, en octubre el presidente lo defendi\u00f3 en ma\u00f1anera, un d\u00eda antes se le hab\u00eda entregado una condecoraci\u00f3n por su labor como director del Colegio Militar, en los a\u00f1os 1997-2000. Cienfuegos fue detenido el 15 de octubre de 2020,en Los \u00c1ngeles, California, acusado de cargos de narcotr\u00e1fico\u2026 Y 33 d\u00edas despu\u00e9s, EU retir\u00f3 los cargos por &#8220;importantes consideraciones de pol\u00edtica exterior&#8221; y regres\u00f3 a M\u00e9xico el 18 de noviembre procedente del Aeropuerto de Nueva Jersey; Lleg\u00f3 en calidad de ciudadano libre repatriado sin cargos criminales, y supuestamente en cuanto pis\u00f3 suelo mexicano fue advertido por la FGR que ten\u00eda carpeta penal abierta en su contra para ser juzgado, y en enero 2021 fue exonerado de todo cargo; la fiscal\u00eda lleg\u00f3 a la conclusi\u00f3n de que el General (&#8230;) nunca tuvo encuentro alguno con los integrantes de la organizaci\u00f3n delictiva investigada por las autoridades norteamericanas; y tampoco sostuvo comunicaci\u00f3n alguna con ellos, ni realiz\u00f3 actos tendientes a proteger o ayudar a dichos individuos.\u201d Cienfuegos fue acusado sin ninguna prueba, lo detuvieron por motivos pol\u00edtico electorales, poco antes de las elecciones de 2020. Fracas\u00f3 la justicia y por eso regresaron al general, eso es claro. El 18 de octubre de 2020 hice entonces mi primer comentario, y siempre dud\u00e9 de los cargos que le acusaron en la llamada operaci\u00f3n &#8220;Padrino&#8221;, ya que la detenci\u00f3n ocurri\u00f3 a pocos d\u00edas de la jornada electoral donde Donald Trump iba a la baja, y creyeron que con eso ganar\u00edan la elecci\u00f3n\u2026<\/p>\n","protected":false},"excerpt":{"rendered":"<p>El Gral. Salvador Cienfuegos, ex Secretario de la Defensa Nacional fue invitado este domingo al 112 Aniversario de la Marcha de la Lealtad que se realiz\u00f3 en el Castillo de Chapultepec, y es nota,. Fue invitado por haber sido director del Heroico Colegio Militar. (a\u00f1os 1997-2000) Arrib\u00f3 al lugar de manera discreta, subi\u00f3 al templete detr\u00e1s del general Enrique Cervantes y tom\u00f3 su lugar al final de la segunda fila del lado izquierdo del templete. Concluy\u00f3 el acto civico y tras el retiro de la Presidenta Sheounbaum, Cienfuegos baj\u00f3 del templete y alrededor de 20 generales hicieron fila para saludarlo. [&hellip;]<\/p>\n","protected":false},"author":3,"featured_media":95521,"comment_status":"open","ping_status":"open","sticky":false,"template":"","format":"standard","meta":{"_jetpack_newsletter_access":"","_jetpack_dont_email_post_to_subs":false,"_jetpack_newsletter_tier_id":0,"_jetpack_memberships_contains_paywalled_content":false,"_jetpack_feature_clip_id":0,"_jetpack_memberships_contains_paid_content":false,"footnotes":"","jetpack_publicize_message":"","jetpack_publicize_feature_enabled":true,"jetpack_social_post_already_shared":true,"jetpack_social_options":{"image_generator_settings":{"template":"highway","default_image_id":0,"font":"","enabled":false},"version":2},"jetpack_post_was_ever_published":false},"categories":[97],"tags":[],"class_list":["post-113964","post","type-post","status-publish","format-standard","has-post-thumbnail","hentry","category-video-columnas","post--single"],"jetpack_publicize_connections":[],"jetpack_featured_media_url":"https:\/\/ovelanalista.com\/wp-content\/uploads\/2024\/05\/fred-alvarez-4.png","jetpack_sharing_enabled":true,"_links":{"self":[{"href":"https:\/\/ovelanalista.com\/index.php?rest_route=\/wp\/v2\/posts\/113964","targetHints":{"allow":["GET"]}}],"collection":[{"href":"https:\/\/ovelanalista.com\/index.php?rest_route=\/wp\/v2\/posts"}],"about":[{"href":"https:\/\/ovelanalista.com\/index.php?rest_route=\/wp\/v2\/types\/post"}],"author":[{"embeddable":true,"href":"https:\/\/ovelanalista.com\/index.php?rest_route=\/wp\/v2\/users\/3"}],"replies":[{"embeddable":true,"href":"https:\/\/ovelanalista.com\/index.php?rest_route=%2Fwp%2Fv2%2Fcomments&post=113964"}],"version-history":[{"count":1,"href":"https:\/\/ovelanalista.com\/index.php?rest_route=\/wp\/v2\/posts\/113964\/revisions"}],"predecessor-version":[{"id":113967,"href":"https:\/\/ovelanalista.com\/index.php?rest_route=\/wp\/v2\/posts\/113964\/revisions\/113967"}],"wp:featuredmedia":[{"embeddable":true,"href":"https:\/\/ovelanalista.com\/index.php?rest_route=\/wp\/v2\/media\/95521"}],"wp:attachment":[{"href":"https:\/\/ovelanalista.com\/index.php?rest_route=%2Fwp%2Fv2%2Fmedia&parent=113964"}],"wp:term":[{"taxonomy":"category","embeddable":true,"href":"https:\/\/ovelanalista.com\/index.php?rest_route=%2Fwp%2Fv2%2Fcategories&post=113964"},{"taxonomy":"post_tag","embeddable":true,"href":"https:\/\/ovelanalista.com\/index.php?rest_route=%2Fwp%2Fv2%2Ftags&post=113964"}],"curies":[{"name":"wp","href":"https:\/\/api.w.org\/{rel}","templated":true}]}}