{"id":113980,"date":"2025-02-11T09:03:51","date_gmt":"2025-02-11T16:03:51","guid":{"rendered":"https:\/\/ovelanalista.com\/?p=113980"},"modified":"2025-02-11T09:03:51","modified_gmt":"2025-02-11T16:03:51","slug":"colosio-si-a-75-anos-de-su-natalicio","status":"publish","type":"post","link":"https:\/\/ovelanalista.com\/?p=113980","title":{"rendered":"\u00a1Colosio s\u00ed!&#8230; a 75 a\u00f1os de su natalicio"},"content":{"rendered":"<div><\/div>\n<div><\/div>\n<div><strong>H\u00e9ctor Calder\u00f3n Hallal<\/strong><\/div>\n<div><\/div>\n<div>Este 10 de febrero fue una fecha en apariencia inadvertida para muchos\u2026<\/div>\n<div>pero de gran significaci\u00f3n para los que aun mantienen la fe en que esta crisis<\/div>\n<div>de gobernabilidad en M\u00e9xico\u2026 y de valores en general en todo el mundo,<\/div>\n<div>bien puede y debe ser resuelta por el \u00fanico responsable de su aparici\u00f3n: el<\/div>\n<div>hombre mismo y su ambici\u00f3n desmedida\u2026 el hombre y su vocaci\u00f3n de<\/div>\n<div>dominio sobre los dem\u00e1s.<\/div>\n<div>Porque un 10 de febrero de 1950 naci\u00f3 en una modesta poblaci\u00f3n del norte<\/div>\n<div>de Sonora -sin restarle importancia hist\u00f3rica y cultural-; en Magdalena de<\/div>\n<div>Kino, para ser preciso, un joven profesional de la econom\u00eda, que hab\u00eda<\/div>\n<div>remado contra las adversidades en su proceso de formaci\u00f3n hasta llegar a<\/div>\n<div>obtener los grados m\u00e1s altos y honor\u00edficos de universidades e institutos<\/div>\n<div>prestigiados de Estados Unidos y Europa\u2026 pero sobre todo, porque fue capaz<\/div>\n<div>durante su ef\u00edmero per\u00edodo de influencia en M\u00e9xico, de conformar un<\/div>\n<div>pensamiento de vanguardia, con funcionalidad plena para los d\u00edas que vive<\/div>\n<div>hoy la democracia en M\u00e9xico y el sistema de partidos y, por supuesto, que<\/div>\n<div>fue capaz tambi\u00e9n de imaginar y sentar las bases de la estructura de un<\/div>\n<div>partido moderno, con plena vigencia en nuestros d\u00edas y con esa capacidad de<\/div>\n<div>severa autocr\u00edtica que se convirti\u00f3 en su esencia misma\u2026 el \u00edcono de su<\/div>\n<div>personalidad que m\u00e1s recordamos quienes le conocimos.<\/div>\n<div>En su fugaz liderazgo del PRI y en su candidatura arrebatada por las balas del<\/div>\n<div>odio, Luis Donaldo Colosio Murrieta, fue suficiente h\u00e1bil primero, para<\/div>\n<div>triunfar en la lucha pol\u00edtica al interior del sistema pol\u00edtico de su tiempo -con<\/div>\n<div>todo y sus reglas disfuncionales y absurdas- en la carrera hacia la nominaci\u00f3n<\/div>\n<div>pri\u00edsta al puesto m\u00e1s importante y honroso al que puede aspirar un<\/div>\n<div>mexicano, la Presidencia de la Rep\u00fablica\u2026 y lo hizo dejando en el camino, ni<\/div>\n<div>m\u00e1s ni menos que a los \u201cconsentidos del r\u00e9gimen\u201d, los cachorros de la alta<\/div>\n<div>burocracia pri\u00edsta -v\u00e9ase grupo de Ort\u00edz Mena y seguidores- que hab\u00edan<\/div>\n<div>acompa\u00f1ado al presidente Carlos Salinas de Gortari desde su \u00e9poca<\/div>\n<div><\/div>\n<div>estudiantil en la Facultad de Econom\u00eda de la UNAM\u2026 los \u201cToficos\u201d se hac\u00edan<\/div>\n<div>llamar, por aquello del comercial de aquellos chiclosos que transmit\u00edan en la<\/div>\n<div>radio y en los noticieros de las salas de cine, al que le segu\u00eda el estribillo de:<\/div>\n<div>\u201c\u00a1Uy qu\u00e9 ricos!\u201d.<\/div>\n<div>Salinas de Gortari por cierto miembro prominente de este grupo; sobrino de<\/div>\n<div>Ortiz Mena e hijo del exsecretario de Comercio de L\u00f3pez Mateos.<\/div>\n<div>Entre los \u201cToficos\u201d figuraban Manuel Camacho Sol\u00eds, Emilio Lozoya<\/div>\n<div>Thalmman, Guillermo Ortiz Mart\u00ednez\u2026 y varios j\u00f3venes t\u00e9cnicos de formaci\u00f3n<\/div>\n<div>bancaria en universidades de prestigio de los Estados Unidos, concretamente<\/div>\n<div>en la \u201cteor\u00eda monetarista\u201d de Milton Friedman, en Harvard University, Yale<\/div>\n<div>University y el Massachussets Institute of Technology: Pedro Aspe Armella,<\/div>\n<div>Jaime Serra Puche, Herminio Gonz\u00e1lez Blanco, el propio Ernesto Zedillo<\/div>\n<div>Ponce (aunque este tambi\u00e9n proveniente de la cultura del esfuerzo), Jos\u00e9<\/div>\n<div>\u00c1ngel Gurr\u00eda, Jacques Rogozinski, entre otros\u2026 y sin considerar a algunos<\/div>\n<div>otros j\u00f3venes de la alta burocracia, formados en instituciones como la<\/div>\n<div>Universidad Iberoamericana, como los compadres Emilio Gamboa Patr\u00f3n y<\/div>\n<div>Genaro Borrego Estrada\u2026 y sin incluir tampoco la mirada de aquella \u201cfiera<\/div>\n<div>viviente\u201d, amenazante, como en el cuento m\u00e1s corto del mundo de<\/div>\n<div>Monterroso\u2026 el inolvidable y algo m\u00e1s que simple \u201cTofico\u201d juvenil: el<\/div>\n<div>mism\u00edsimo Carlos Hank Gonz\u00e1lez, secretario de Agricultura de Carlos Salinas.<\/div>\n<div>Y s\u00famele usted a Patrocinio Gonz\u00e1lez Garrido, secretario de Gobernaci\u00f3n y a<\/div>\n<div>Joseph C\u00f3rdoba Montoya, jefe de la oficina de la Presidencia y el poder \u201ctras<\/div>\n<div>el trono\u201d\u2026 definitivamente muchos \u201ccaballos\u201d con apellidos fulgurantes,<\/div>\n<div>experiencia y preparaci\u00f3n, por los que pudo haber optado el presidente<\/div>\n<div>Salinas de Gortari, cuando como siempre y fatalmente ha ocurrido, el<\/div>\n<div>problema en este pa\u00eds era econ\u00f3mico \u2026. Y la urgencia -ante los riesgos- era la<\/div>\n<div>de encontrar un cuadro altamente calificado en el manejo de la alta<\/div>\n<div>administraci\u00f3n p\u00fablica, capaz de aglutinar voluntades e intereses a su<\/div>\n<div>alrededor y de convertirse en ese gran interlocutor con la sociedad mexicana<\/div>\n<div>en su conjunto.<\/div>\n<div>Por supuesto que no pod\u00eda quedar el pa\u00eds en las manos de ning\u00fan activista<\/div>\n<div>callejero, acomplejado, sin la m\u00ednima preparaci\u00f3n para administrarse a s\u00ed<\/div>\n<div>mismo, menos a un pa\u00eds del tama\u00f1o de M\u00e9xico\u2026 en este entonces, como<\/div>\n<div>siempre, no se pod\u00eda dejar el pa\u00eds en las manos de ning\u00fan resentido,<\/div>\n<div>aventurero\u2026 o \u201crollero\u201d, porque para el poder -aqu\u00ed y en China- hay que<\/div>\n<div>prepararse\u2026 hay que estudiar mucho\u2026 y madurar.<\/div>\n<div><\/div>\n<div>Ese fue sin duda el primero y el m\u00e1s grande de los logros de Colosio<\/div>\n<div>Murrieta\u2026 haberle \u201csacado\u201d la candidatura a la oligarqu\u00eda dominante del PRI<\/div>\n<div>en esa \u00e9poca, pues con Colosio hab\u00eda reca\u00eddo la nominaci\u00f3n en un muchacho<\/div>\n<div>de extracci\u00f3n humilde, de los estratos populares de aquel norte monta\u00f1oso y<\/div>\n<div>polvoriento en el Sonora profundo\u2026 todo un aut\u00e9ntico exponente de la<\/div>\n<div>\u201ccultura del esfuerzo\u201d, que se gan\u00f3 a pulso la confianza de su jefe inmediato<\/div>\n<div>el presidente Salinas \u2026 y del resto de la \u2018nomenklatura\u2019 pri\u00edsta.<\/div>\n<div>Aquel muchacho originalmente t\u00edmido, bien pudo haberse quedado en la<\/div>\n<div>sierra de Sonora orde\u00f1ando vacas o haciendo faenas agr\u00edcolas\u2026 o en el peor<\/div>\n<div>de los casos ingresado al narcotr\u00e1fico, como sucede con muchos talentos<\/div>\n<div>j\u00f3venes de todas las regiones del pa\u00eds; sin embargo, Colosio Murrieta opt\u00f3<\/div>\n<div>por el camino m\u00e1s arduo, quiz\u00e1 m\u00e1s lento\u2026 pero m\u00e1s seguro y honroso: el<\/div>\n<div>camino \u201cdel esfuerzo personal\u201d.<\/div>\n<div>Un gran ejemplo para el M\u00e9xico de nuestros d\u00edas. Su nombre y su historia<\/div>\n<div>pueden y deben ser invocados, a prop\u00f3sito de ese lapso comprendido entre<\/div>\n<div>el 1990 y el 2018 en que, mal que bien, g\u00fastele o no al \u201coficialismo\u201d<\/div>\n<div>aplastante\u2026 tuvimos una \u00e9poca de florecimiento institucional, de<\/div>\n<div>crecimiento y hasta de ahorro\u2026 donde se desarroll\u00f3 todo, hasta ese<\/div>\n<div>concepto tan socorrido y prostituido en los \u00faltimos tiempos y gracias al cual,<\/div>\n<div>se han asestado los golpes m\u00e1s arteros a las libertades personales y<\/div>\n<div>econ\u00f3micas de los ciudadanos de este pa\u00eds: la llevada y tra\u00edda \u201cdemocracia\u201d.<\/div>\n<div>Porque gracias a la estabilidad de ese lapso de la historia, hubo transici\u00f3n<\/div>\n<div>entre partidos al poder con orden y paz social. La moral inspirada por los<\/div>\n<div>afanes de buenos presidentes y de buenos actores pol\u00edticos desde las<\/div>\n<div>c\u00e1maras legislativas, sentaron las bases para ese tan esperado<\/div>\n<div>\u201ccomportamiento democr\u00e1tico\u201d de los mexicanos. A saber: un Luis Donaldo<\/div>\n<div>Colosio, un Carlos Castillo Peraza, un Porfirio Mu\u00f1oz Ledo incluso, en sus<\/div>\n<div>mejores y m\u00e1s congruentes a\u00f1os como tribuno\u2026 un Jos\u00e9 Francisco Ruiz<\/div>\n<div>Massieu, un Diego Fern\u00e1ndez de Cevallos, un Gilberto Rinc\u00f3n Gallardo, un<\/div>\n<div>Bernardo B\u00e1tiz V\u00e1zquez, entre otros.<\/div>\n<div>El PRI que concibi\u00f3 -aun cuando no lo haya visto del todo consolidado- Luis<\/div>\n<div>Donaldo Colosio, es el de un partido que deje de hacer un uso indiscriminado<\/div>\n<div>-prostituyente quiz\u00e1- de la palabra \u2018democracia y sus derivados\u2019\u2026 ha<\/div>\n<div>quedado demostrado que este t\u00e9rmino solo ha servido a los pol\u00edticos<\/div>\n<div><\/div>\n<div>profesionales, a los altos bur\u00f3cratas que \u201cbuscan perpetuamente el hueso\u201d\u2026<\/div>\n<div>y no a los ciudadanos de a pie que se debaten d\u00eda a d\u00eda en la supervivencia<\/div>\n<div>misma y no tienen tiempo de meditar conceptos \u201ctan elaborados\u201d como el<\/div>\n<div>\u201ccomportamiento democr\u00e1tico\u201d al interior de tal o cual partido\u2026 \u201cquesque<\/div>\n<div>porque le negaron el voto o el ascenso a Cuauht\u00e9moc C\u00e1rdenas \u2026 o a L\u00f3pez<\/div>\n<div>Obrador\u201d\u2026 o los \u201cmayoritearon en el Consejo\u201d o \u201cporque les cerraron el paso<\/div>\n<div>desde la Presidencia\u201d\u2026 esos son puros pretextos, formulismos, frases hechas<\/div>\n<div>por los eternos politiqueros que \u201cnom\u00e1s no est\u00e1n pegados a la chiche \u2026y<\/div>\n<div>empiezan a chillar\u201d\u2026 no es un tema para ciudadanos ese\u2026 por lo menos que<\/div>\n<div>les importe sobremanera.<\/div>\n<div>El PRI, como todos los partidos modernos en lo sucesivo, tendr\u00e1 que voltear a<\/div>\n<div>otros conceptos, como el de las libertades y los derechos humanos en<\/div>\n<div>general\u2026.<\/div>\n<div>Los partidos, incluido el PRI, tendr\u00e1n que hacer un balance sobre en qu\u00e9<\/div>\n<div>medida, reg\u00edmenes que se dijeron en campa\u00f1a precisamente<\/div>\n<div>\u201cdemocr\u00e1ticos\u201d, \u201clibertadores\u201d\u2026 que \u201camaban al pueblo\u201d\u2026 nos han limitado<\/div>\n<div>inmisericordemente a los ciudadanos la libertad de escoger a nuestros<\/div>\n<div>congresistas e incluso con esta propuesta de Reforma al Poder Judicial<\/div>\n<div>maltrecha, \u2026 nos han coartado la libertad genuina de escoger directamente a<\/div>\n<div>nuestros juzgadores, pues hoy queda demostrado que esto, como la<\/div>\n<div>conformaci\u00f3n de las \u201cfalsas mayor\u00edas\u201d en el Senado y la C\u00e1mara de<\/div>\n<div>Diputados, donde se dio el deliberado agandalle de Morena y sus partidos<\/div>\n<div>r\u00e9mora, son una aut\u00e9ntica farsa, una cortina que impide ver c\u00f3mo las<\/div>\n<div>dirigencias de los partidos afines al r\u00e9gimen que hoy gobierna, son los que<\/div>\n<div>planean y terminan conformando los bloques mayoritarios en las c\u00e1maras\u2026.<\/div>\n<div>y terminaran eligiendo a los juzgadores en los \u00f3rganos jurisdiccionales del<\/div>\n<div>pa\u00eds\u2026.<\/div>\n<div>El partido moderno y funcional que ide\u00f3 y so\u00f1\u00f3 Colosio Murrieta desde 1989<\/div>\n<div>se opone a todo esto\u2026.<\/div>\n<div>El PRI como todos los partidos modernos, deben de reasumir, replantear\u2026 de<\/div>\n<div>reinterpretar su atributo de partido \u201cliberal\u201d.<\/div>\n<div>Lo liberal -como parte de una confusi\u00f3n general y permanente- no solo<\/div>\n<div>incluye al atributo democr\u00e1tico de un sistema pol\u00edtico o de los ciudadanos en<\/div>\n<div>general\u2026 tampoco incluye solo el aspecto de la \u201cmodernidad\u201d como<\/div>\n<div><\/div>\n<div>condici\u00f3n \u2018sine qua non\u2019 de un partido liberal\u2026. Ni siquiera a estos dos<\/div>\n<div>atributos juntos\u2026 un ente liberal va m\u00e1s all\u00e1 de estas dos condiciones.<\/div>\n<div>Un partido liberal o que propugna por la filosof\u00eda liberal, es el que es capaz<\/div>\n<div>de ver m\u00e1s all\u00e1 de la simple condici\u00f3n de lo plasmado o postulado en una<\/div>\n<div>Constituci\u00f3n y en sus c\u00f3digos\u2026 se propone ver cu\u00e1l es la realidad de los<\/div>\n<div>ciudadanos en lo particular y en los estudios sectorizados de la poblaci\u00f3n: la<\/div>\n<div>libertad pol\u00edtica, por ejemplo\u2026 o la libertad de culto, la libertad de oficio o<\/div>\n<div>profesi\u00f3n, la libertad para manifestarse libremente, la libertad de prensa, la<\/div>\n<div>libertad para elegir en urnas \u201ctransparentes\u201d\u2026. No precisamente resuelven<\/div>\n<div>los temas para las que fueron proclamadas\u2026 vamos:<\/div>\n<div>En este pa\u00eds, en los \u00faltimos tiempos, desde el mensaje presidencial<\/div>\n<div>ma\u00f1anero, algunos sectores poblacionales que profesan un culto espec\u00edfico,<\/div>\n<div>as\u00ed sea mayoritario -como el catolicismo-ha recibido burlas y hasta vejaciones<\/div>\n<div>y se corre el riesgo de que esta andanada siga creciendo por la polarizaci\u00f3n<\/div>\n<div>creciente del Gobierno Federal con la Iglesia Cat\u00f3lica\u2026 aun con la \u201clibertad de<\/div>\n<div>culto\u201d.<\/div>\n<div>\u201cLa libertad de manifestaci\u00f3n de las ideas\u201d ha sido tambi\u00e9n amenazada<\/div>\n<div>desde el 2018 y particularmente la \u201clibertad de prensa\u201d ha sido<\/div>\n<div>abrumadoramente mancillada, con centenares de periodistas asesinados sin<\/div>\n<div>que la mano de la justicia haya puesto un \u201chasta aqu\u00ed\u201d a los supuestos<\/div>\n<div>responsables, todos -seg\u00fan se establece- de naturaleza civil\u2026 ning\u00fan<\/div>\n<div>gobierno fue responsables de que se acallaran a periodistas en activo y sobre<\/div>\n<div>todo cr\u00edticos del r\u00e9gimen.<\/div>\n<div>De la \u201clibertad para elegir libremente\u201d representantes y autoridades, pues ya<\/div>\n<div>se toc\u00f3 l\u00edneas atr\u00e1s, con la supremac\u00eda que tiene en este r\u00e9gimen, la<\/div>\n<div>\u201cconstrucci\u00f3n de mayor\u00edas artificiales\u201d que tienen la funci\u00f3n de acallar -por<\/div>\n<div>cierto- cualquier participaci\u00f3n o intento de di\u00e1logo con las minor\u00edas\u2026 aun<\/div>\n<div>sobre pasen el 45% del total general del padr\u00f3n, esas minor\u00edas.<\/div>\n<div>Aquel partido ideado por Colosio Murrieta, debi\u00f3 derivar a estas alturas en<\/div>\n<div>un partido adaptado (adelantado incluso) a la realidad mexicana\u2026 imbu\u00eddo<\/div>\n<div>de Rousseau\u2026 pero plet\u00f3rico de Ricardo Flores Mag\u00f3n, quien ya a finales del<\/div>\n<div>siglo XIX, advert\u00eda que en M\u00e9xico \u201ctanto la democracia, como la<\/div>\n<div>modernidad\u2026 y hasta la propia libertad, hab\u00edan sido conceptos prostitu\u00eddos<\/div>\n<div>por los pol\u00edticos de la \u00e9poca, solo como promesas\u2026 pues en realidad al llegar<\/div>\n<div><\/div>\n<div>al poder, siempre estos conceptos son aplazados por otros de inter\u00e9s menor<\/div>\n<div>\u2026 personal o grupal de los gobernantes\u201d.<\/div>\n<div>\u00a1Qu\u00e9 falta hace un Luis Donaldo Colosio en nuestros d\u00edas, que supo leer e<\/div>\n<div>interpretar adecuadamente a Flores Mag\u00f3n y el manejo del liberalismo!<\/div>\n<div>Solo falta volver la mirada de nuevo a los sectores empobrecidos del pa\u00eds y<\/div>\n<div>del mundo, para ver que ninguna de esas libertades de las que habla la<\/div>\n<div>Constituci\u00f3n le dan acceso a la gente a la aut\u00e9ntica libertad que emancipa\u2026<\/div>\n<div>la libertad econ\u00f3mica\u2026 el progreso material y humano\u2026. el bienestar<\/div>\n<div>individual y colectivo.<\/div>\n<div>Tampoco la democracia en sus m\u00faltiples presentaciones, hecha tan c\u00e9lebre<\/div>\n<div>por los pol\u00edticos de oficio\u2026. y mucho menos el uso indiscriminado del<\/div>\n<div>concepto \u201cmodernidad\u201d nos acerca siquiera, al invocarlo o recordarlo, a la<\/div>\n<div>libertad econ\u00f3mica.<\/div>\n<div>Una libertad esta \u00faltima, que es la que realmente necesitamos los mexicanos.<\/div>\n<div>Pues es el destino inevitable de todos los pueblos del mundo, que ya<\/div>\n<div>migraron de las sociedades industriales y post-industriales\u2026 a ser las<\/div>\n<div>\u201csociedades del conocimiento\u201d, en un mundo donde el capitalismo ya no<\/div>\n<div>implica que haya ni peones acasillados en haciendas, ni obreros restringidos<\/div>\n<div>de la libertad por extenuantes horarios, ni obreros del campo subyugados\u2026.<\/div>\n<div>Por lo menos tienden a desaparecer.<\/div>\n<div>Hoy, en el capitalismo de vanguardia, es la poblaci\u00f3n libre en general, la que<\/div>\n<div>funda sus condiciones de existencia y convivencia. El acceso al conocimiento<\/div>\n<div>es m\u00e1s o menos garantizado para todos a trav\u00e9s de las redes y la<\/div>\n<div>cibern\u00e1utica, por lo que la gente tiene m\u00e1s posibilidades de escoger lo que le<\/div>\n<div>conviene\u2026. Y sobre todo, hay una premisa fundamental: a mayor<\/div>\n<div>conocimiento, mayor libertad econ\u00f3mica y mayor libertad pol\u00edtica\u2026. Mejores<\/div>\n<div>condiciones de vida finalmente.<\/div>\n<div>El partido liberal moderno en general, no solo el de Colosio, tiene que ser un<\/div>\n<div>partido con la severa autocr\u00edtica, capaz de refundarse que sea preciso &#8230; de<\/div>\n<div>reinventarse y adecuarse a las necesidades del sentido com\u00fan de la gente\u2026<\/div>\n<div>Afortunadamente as\u00ed lo record\u00f3 hace unos d\u00edas el dirigente nacional del PRI,<\/div>\n<div>el senador Alejandro Moreno C\u00e1rdenas\u2026. Ese es ya un buen principio.<\/div>\n<div>Y as\u00ed lo rese\u00f1a el presidente de la Fundaci\u00f3n Colosio del PRI a nivel nacional,<\/div>\n<div>el hoy diputado Samuel Palma C\u00e9sar, colaborador cercan\u00edsimo al<\/div>\n<div><\/div>\n<div>desaparecido l\u00edder, que comenta en un v\u00eddeo que ha sido multicitado en las<\/div>\n<div>redes, que Luis Donaldo hizo un llamado a reformar al poder; se propuso<\/div>\n<div>acotar el presidencialismo y hacer preservar los equilibrios del poder\u2026 nada<\/div>\n<div>podr\u00eda ser por cierto un tema tan actual.<\/div>\n<div>Y s\u00ed, como bien dice Palma C\u00e9sar, sus pronunciamientos tienen hoy plena<\/div>\n<div>vigencia\u2026 a 75 a\u00f1os de su natalicio, el recuerdo del sonorense retumba en<\/div>\n<div>nuestras conciencias, como un gran compromiso con nosotros mismos, para<\/div>\n<div>retomar la ruta del orden, la paz p\u00fablica, la seguridad, el crecimiento y la vida<\/div>\n<div>republicana que nos permita convivir en la armon\u00eda que merecemos los<\/div>\n<div>mexicanos.<\/div>\n<div>\u00a1Cu\u00e1nta falta hace Colosio Murrieta!<\/div>\n<div><\/div>\n<div>Autor: H\u00e9ctor Calder\u00f3n Hallal<\/div>\n<div><\/div>\n<div>@CalderonHallal1;<\/div>\n<div>fixiflaux99@gmail.com;<\/div>\n<div><\/div>\n<div>\u201cLas opiniones vertidas en este art\u00edculo, son responsabilidad exclusiva de su<\/div>\n<div>autor; por lo que no necesariamente reflejan la opini\u00f3n institucional de este<\/div>\n<div>medio\u201d.<\/div>\n","protected":false},"excerpt":{"rendered":"<p>H\u00e9ctor Calder\u00f3n Hallal Este 10 de febrero fue una fecha en apariencia inadvertida para muchos\u2026 pero de gran significaci\u00f3n para los que aun mantienen la fe en que esta crisis de gobernabilidad en M\u00e9xico\u2026 y de valores en general en todo el mundo, bien puede y debe ser resuelta por el \u00fanico responsable de su aparici\u00f3n: el hombre mismo y su ambici\u00f3n desmedida\u2026 el hombre y su vocaci\u00f3n de dominio sobre los dem\u00e1s. Porque un 10 de febrero de 1950 naci\u00f3 en una modesta poblaci\u00f3n del norte de Sonora -sin restarle importancia hist\u00f3rica y cultural-; en Magdalena de Kino, para [&hellip;]<\/p>\n","protected":false},"author":3,"featured_media":92679,"comment_status":"open","ping_status":"open","sticky":false,"template":"","format":"standard","meta":{"_jetpack_newsletter_access":"","_jetpack_dont_email_post_to_subs":false,"_jetpack_newsletter_tier_id":0,"_jetpack_memberships_contains_paywalled_content":false,"_jetpack_feature_clip_id":0,"_jetpack_memberships_contains_paid_content":false,"footnotes":"","jetpack_publicize_message":"","jetpack_publicize_feature_enabled":true,"jetpack_social_post_already_shared":true,"jetpack_social_options":{"image_generator_settings":{"template":"highway","default_image_id":0,"font":"","enabled":false},"version":2},"jetpack_post_was_ever_published":false},"categories":[79],"tags":[],"class_list":["post-113980","post","type-post","status-publish","format-standard","has-post-thumbnail","hentry","category-columnistas-nacionales","post--single"],"jetpack_publicize_connections":[],"jetpack_featured_media_url":"https:\/\/ovelanalista.com\/wp-content\/uploads\/2024\/04\/WhatsApp-Image-2024-04-02-at-08.34.24.jpeg","jetpack_sharing_enabled":true,"_links":{"self":[{"href":"https:\/\/ovelanalista.com\/index.php?rest_route=\/wp\/v2\/posts\/113980","targetHints":{"allow":["GET"]}}],"collection":[{"href":"https:\/\/ovelanalista.com\/index.php?rest_route=\/wp\/v2\/posts"}],"about":[{"href":"https:\/\/ovelanalista.com\/index.php?rest_route=\/wp\/v2\/types\/post"}],"author":[{"embeddable":true,"href":"https:\/\/ovelanalista.com\/index.php?rest_route=\/wp\/v2\/users\/3"}],"replies":[{"embeddable":true,"href":"https:\/\/ovelanalista.com\/index.php?rest_route=%2Fwp%2Fv2%2Fcomments&post=113980"}],"version-history":[{"count":1,"href":"https:\/\/ovelanalista.com\/index.php?rest_route=\/wp\/v2\/posts\/113980\/revisions"}],"predecessor-version":[{"id":113983,"href":"https:\/\/ovelanalista.com\/index.php?rest_route=\/wp\/v2\/posts\/113980\/revisions\/113983"}],"wp:featuredmedia":[{"embeddable":true,"href":"https:\/\/ovelanalista.com\/index.php?rest_route=\/wp\/v2\/media\/92679"}],"wp:attachment":[{"href":"https:\/\/ovelanalista.com\/index.php?rest_route=%2Fwp%2Fv2%2Fmedia&parent=113980"}],"wp:term":[{"taxonomy":"category","embeddable":true,"href":"https:\/\/ovelanalista.com\/index.php?rest_route=%2Fwp%2Fv2%2Fcategories&post=113980"},{"taxonomy":"post_tag","embeddable":true,"href":"https:\/\/ovelanalista.com\/index.php?rest_route=%2Fwp%2Fv2%2Ftags&post=113980"}],"curies":[{"name":"wp","href":"https:\/\/api.w.org\/{rel}","templated":true}]}}