{"id":113982,"date":"2025-02-11T09:41:35","date_gmt":"2025-02-11T16:41:35","guid":{"rendered":"https:\/\/ovelanalista.com\/?p=113982"},"modified":"2025-02-11T09:41:35","modified_gmt":"2025-02-11T16:41:35","slug":"la-presidenta-sheinbaum-defiende-al-general-cienfuegos","status":"publish","type":"post","link":"https:\/\/ovelanalista.com\/?p=113982","title":{"rendered":"La presidenta Sheinbaum defiende al general Cienfuegos"},"content":{"rendered":"<div class=\"atbs-responsive-video\"><iframe loading=\"lazy\" title=\"La presidenta Sheinbaum defiende al general Cienfuegos\" width=\"1200\" height=\"675\" src=\"https:\/\/www.youtube.com\/embed\/O_naHp_-oP4?feature=oembed\" frameborder=\"0\" allow=\"accelerometer; autoplay; clipboard-write; encrypted-media; gyroscope; picture-in-picture; web-share\" referrerpolicy=\"strict-origin-when-cross-origin\" allowfullscreen><\/iframe><\/div>\n<p>Claudia Sheinbaum, inform\u00f3 en ma\u00f1anera de este lunes que la asistencia del Gral. Cienfuegos a la ceremonia por el 112 aniversario de la Marcha de la Lealtad, argumentando que su presencia obedeci\u00f3 a un protocolo militar\u2026. &#8220;Ayer estuvo el General Cienfuegos porque hay protocolos en el Ej\u00e9rcito. Ayer se celebr\u00f3 la Marcha de la Lealtad y se acostumbra invitar a todos los Generales que fueron directores del Colegio Militar. Entonces asisti\u00f3 porque es protocolo que asistan todos los directores del Colegio Militar, no vimos raz\u00f3n porque no se cumpliera ese protocolo&#8221;, explic\u00f3 Sheinbaum. Asi fue la respuesta a la reportera Dalila Escobar de la revista &#8220;Proceso&#8221; quien le pregunto si consideraba apropiado que el general siguiera apareciendo en eventos oficiales, dado que su liberaci\u00f3n se debi\u00f3 a una intervenci\u00f3n del Gobierno mexicano y no a un juicio que comprobara su inocencia, Sheinbaum conmin\u00f3 a la periodista a realizar una investigaci\u00f3n a fondo\u2026, \u201cSi el Gobierno de los Estados Unidos hubiera tenido realmente algo en contra del general Cienfuegos, \u00bflo hubiera liberado?\u201d, cuestion\u00f3 la presidenta. Aseguro a la reportera que la Fiscal\u00eda General de la Rep\u00fablica dar\u00e1 detalles del caso este martes, 11 de febrero\u2026 \u00bfEl informe que tiene que3 dar la FGR es el comunicado 013\/21., de 14 de enero de 2021., recomiendo su lectura; pero solo comparto el siguiente p\u00e1rrafo\u2026 &#8220;Se lleg\u00f3 a la conclusi\u00f3n de que el General Salvador Cienfuegos Zepeda nunca tuvo encuentro alguno con los integrantes de la organizaci\u00f3n delictiva investigada por las autoridades norteamericanas; y tampoco sostuvo comunicaci\u00f3n alguna con ellos, ni realiz\u00f3 actos tendientes a proteger o ayudar a dichos individuos. Tampoco se encontr\u00f3 prueba alguna de que hubiera utilizado ning\u00fan equipo o medio electr\u00f3nico, ni que hubiera emitido orden alguna para favorecer al grupo delictivo se\u00f1alado en este caso\u2026 Dalila en parte tiene raz\u00f3n, la culpa de todo0 esto fue la desafortunada declaraci\u00f3n de L\u00f3pez Obrador la ma\u00f1ana del 16 de octubre quien sin tener conocimiento a fondo dijo cosas\u2026dando a entender que &#8220;todos los que resulten involucrados en este otro asunto del general Cienfuegos que est\u00e9n actuando en el gobierno, \u00bfvan a ser suspendidos, retirados y, si es el caso, puestos a disposici\u00f3n de las autoridades competentes. No vamos nosotros a encubrir a nadie, ya pas\u00f3 ese tiempo.&#8221; Y despu\u00e9s cuando tuvo informaci\u00f3n recul\u00f3 y acuso a la DEA de acy\u00bftuar perversamente contra la instituci\u00f3n castrense\u2026 Cienfuegos es un general respetable, ayer lo pudimos ver\u2026, y el es un soldado..; recibi\u00f3 la invitaci\u00f3 del Gral .Tevilla Trejo y para \u00e9l es una orden superior\u2026 Y el que nada debe nada tema..<\/p>\n","protected":false},"excerpt":{"rendered":"<p>Claudia Sheinbaum, inform\u00f3 en ma\u00f1anera de este lunes que la asistencia del Gral. Cienfuegos a la ceremonia por el 112 aniversario de la Marcha de la Lealtad, argumentando que su presencia obedeci\u00f3 a un protocolo militar\u2026. &#8220;Ayer estuvo el General Cienfuegos porque hay protocolos en el Ej\u00e9rcito. Ayer se celebr\u00f3 la Marcha de la Lealtad y se acostumbra invitar a todos los Generales que fueron directores del Colegio Militar. Entonces asisti\u00f3 porque es protocolo que asistan todos los directores del Colegio Militar, no vimos raz\u00f3n porque no se cumpliera ese protocolo&#8221;, explic\u00f3 Sheinbaum. Asi fue la respuesta a la reportera [&hellip;]<\/p>\n","protected":false},"author":3,"featured_media":95521,"comment_status":"open","ping_status":"open","sticky":false,"template":"","format":"standard","meta":{"_jetpack_newsletter_access":"","_jetpack_dont_email_post_to_subs":false,"_jetpack_newsletter_tier_id":0,"_jetpack_memberships_contains_paywalled_content":false,"_jetpack_feature_clip_id":0,"_jetpack_memberships_contains_paid_content":false,"footnotes":"","jetpack_publicize_message":"","jetpack_publicize_feature_enabled":true,"jetpack_social_post_already_shared":true,"jetpack_social_options":{"image_generator_settings":{"template":"highway","default_image_id":0,"font":"","enabled":false},"version":2},"jetpack_post_was_ever_published":false},"categories":[97],"tags":[],"class_list":["post-113982","post","type-post","status-publish","format-standard","has-post-thumbnail","hentry","category-video-columnas","post--single"],"jetpack_publicize_connections":[],"jetpack_featured_media_url":"https:\/\/ovelanalista.com\/wp-content\/uploads\/2024\/05\/fred-alvarez-4.png","jetpack_sharing_enabled":true,"_links":{"self":[{"href":"https:\/\/ovelanalista.com\/index.php?rest_route=\/wp\/v2\/posts\/113982","targetHints":{"allow":["GET"]}}],"collection":[{"href":"https:\/\/ovelanalista.com\/index.php?rest_route=\/wp\/v2\/posts"}],"about":[{"href":"https:\/\/ovelanalista.com\/index.php?rest_route=\/wp\/v2\/types\/post"}],"author":[{"embeddable":true,"href":"https:\/\/ovelanalista.com\/index.php?rest_route=\/wp\/v2\/users\/3"}],"replies":[{"embeddable":true,"href":"https:\/\/ovelanalista.com\/index.php?rest_route=%2Fwp%2Fv2%2Fcomments&post=113982"}],"version-history":[{"count":1,"href":"https:\/\/ovelanalista.com\/index.php?rest_route=\/wp\/v2\/posts\/113982\/revisions"}],"predecessor-version":[{"id":113988,"href":"https:\/\/ovelanalista.com\/index.php?rest_route=\/wp\/v2\/posts\/113982\/revisions\/113988"}],"wp:featuredmedia":[{"embeddable":true,"href":"https:\/\/ovelanalista.com\/index.php?rest_route=\/wp\/v2\/media\/95521"}],"wp:attachment":[{"href":"https:\/\/ovelanalista.com\/index.php?rest_route=%2Fwp%2Fv2%2Fmedia&parent=113982"}],"wp:term":[{"taxonomy":"category","embeddable":true,"href":"https:\/\/ovelanalista.com\/index.php?rest_route=%2Fwp%2Fv2%2Fcategories&post=113982"},{"taxonomy":"post_tag","embeddable":true,"href":"https:\/\/ovelanalista.com\/index.php?rest_route=%2Fwp%2Fv2%2Ftags&post=113982"}],"curies":[{"name":"wp","href":"https:\/\/api.w.org\/{rel}","templated":true}]}}