{"id":114000,"date":"2025-02-11T10:50:25","date_gmt":"2025-02-11T17:50:25","guid":{"rendered":"https:\/\/ovelanalista.com\/?p=114000"},"modified":"2025-02-11T09:55:22","modified_gmt":"2025-02-11T16:55:22","slug":"primeros-pasos-en-100-dias-de-gobierno","status":"publish","type":"post","link":"https:\/\/ovelanalista.com\/?p=114000","title":{"rendered":"Primeros pasos en 100 d\u00edas de Gobierno"},"content":{"rendered":"<p><strong>CAF\u00c9 DE MA\u00d1ANA<\/strong><\/p>\n<p><strong>Por Jos\u00e9 Luis Enr\u00edquez Ambell<\/strong><\/p>\n<p>En Veracruz se est\u00e1 por cruzar el 75% del periodo de los primeros 100 d\u00edas de gobierno de la Ingeniera Roc\u00edo Nahle como Gobernadora del Estado.<\/p>\n<p>Toda administraci\u00f3n p\u00fablica \u2013 estatal, federal, municipal u otras \u2013 enfrentan retos y buscan contundencia en los resultados en el corto plazo ante una poblaci\u00f3n m\u00e1s exigente, y esto es en todos los episodios.<\/p>\n<p>As\u00ed pues, los primeros 100 d\u00edas de una administraci\u00f3n, ayuda a demostrar que la comunidad electora no se equivoc\u00f3 al elegirla, en este caso a la primera Gobernadora de Veracruz.<\/p>\n<p>Y en alrededor de 10 semanas que lleva el r\u00e9gimen veracruzano, no hay duda que Roc\u00edo Nahle ha demostrado que lo ofrecido en campa\u00f1a lo est\u00e1 llevando a la pr\u00e1ctica, pues habremos de coincidir en que trae un ritmo de actividades entre lo r\u00e1pido y veloz, y no deja nada para la quietud, lo cual es reconocido por la poblaci\u00f3n. Y es as\u00ed es como queda demostrado que su gobierno es m\u00e1s de territorio y de menos escritorio.<\/p>\n<p>Y en este sentido la comunidad que integra la burocracia se ha puesto las pilas con mayor energ\u00eda en t\u00e9rminos de eficiencia y productividad, lo que se traduce en una buena armon\u00eda laboral con sus superiores.<\/p>\n<p>La dosis de adrenalina que impera en los trabajadores y empleados para ir atendiendo y resolviendo problemas que se les presentan actualmente, les mantiene alejados de posibles malas pr\u00e1cticas de algunos en el pasado en la administraci\u00f3n p\u00fablica, seg\u00fan se ha venido diciendo.<\/p>\n<p>La percepci\u00f3n colectiva aprecia una buena din\u00e1mica en estos primeros 100 d\u00edas y en unas semanas m\u00e1s \u2013 en los primeros d\u00edas de marzo \u2013 quienes no est\u00e9n en similar sinton\u00eda, podrian llevarse una sorpresa.<\/p>\n<p><strong>DE SOBREMESA<\/strong><\/p>\n<p>La fila de los formados en busca de la sucesi\u00f3n municipal de ayuntamientos veracruzanos crecer\u00e1, pues la lista de los listos y listas a\u00fan sigue en hojas de borrador de quien les palomera.<\/p>\n<p>As\u00ed que no se hagan bolas, algunas y algunos, est\u00e1n m\u00e1s que palomeados y otros no pasar\u00e1n de suspirantes, pues ni aspirantes ser\u00e1n.<\/p>\n<p><strong>UN CAF\u00c9 LECHERO LIGHT<\/strong><\/p>\n<p>Las actividades de ampliaci\u00f3n en su afiliaci\u00f3n en MORENA, que se sumen a la transformaci\u00f3n y fortalecimiento, hace algunas semanas es lo que se pudo observar en el WTC de Boca del R\u00edo al venir la dirigente nacional Luisa Ma. Alcalde Luj\u00e1n y comit\u00e9 ejecutivo.<\/p>\n<p>Hace unos d\u00edas, la reuni\u00f3n con los militantes y operadores con Andr\u00e9s L\u00f3pez, secretario de organizaci\u00f3n, y acompa\u00f1ado de la dirigencia estatal,- me parece,- fue un segundo mensaje a todos los simpatizantes y aliados en torno a que el robustecimiento guinda va en serio para alcanzar un mill\u00f3n de empadronados nuevos en Veracruz.<\/p>\n<p>La reuni\u00f3n entre la Gobernadora Roc\u00edo Nahle con Andr\u00e9s Manuel L\u00f3pez Beltr\u00e1n, y del presidente estatal de Morena Esteban Ram\u00edrez Zepeta, ha sido el banderazo de las carreras por los ayuntamientos en el proyecto de la cuarta transformaci\u00f3n, y los avances<br \/>\ndel segundo piso con la Presidenta Claudia Sheinbaum.<\/p>\n<p><strong>UN CAF\u00c9 CON DOBLE CARGA<\/strong><\/p>\n<p>En t\u00e9rminos del Nepotismo y la No Reelecci\u00f3n, como figuras que est\u00e1n para reformas y abatimiento, me hace recordar una frase; \u201csiempre pasa igual cuando sucede lo mismo, al principio por qu\u00e9 vamos llegando y al final por qu\u00e9 ya nos vamos, pero siempre pasa igual cuando sucede lo mismo\u201d.<\/p>\n<p>\u201cAs\u00ed que pa\u2019 que adivinar lo que se va a saber\u201d.<\/p>\n<p>\u00a1ES CUANTO!<\/p>\n<p>enriquezambell@gmail.com;<br \/>\nenamjl62@gmail.com<\/p>\n","protected":false},"excerpt":{"rendered":"<p>CAF\u00c9 DE MA\u00d1ANA Por Jos\u00e9 Luis Enr\u00edquez Ambell En Veracruz se est\u00e1 por cruzar el 75% del periodo de los primeros 100 d\u00edas de gobierno de la Ingeniera Roc\u00edo Nahle como Gobernadora del Estado. Toda administraci\u00f3n p\u00fablica \u2013 estatal, federal, municipal u otras \u2013 enfrentan retos y buscan contundencia en los resultados en el corto plazo ante una poblaci\u00f3n m\u00e1s exigente, y esto es en todos los episodios. As\u00ed pues, los primeros 100 d\u00edas de una administraci\u00f3n, ayuda a demostrar que la comunidad electora no se equivoc\u00f3 al elegirla, en este caso a la primera Gobernadora de Veracruz. Y en [&hellip;]<\/p>\n","protected":false},"author":3,"featured_media":91558,"comment_status":"open","ping_status":"open","sticky":false,"template":"","format":"standard","meta":{"_jetpack_newsletter_access":"","_jetpack_dont_email_post_to_subs":false,"_jetpack_newsletter_tier_id":0,"_jetpack_memberships_contains_paywalled_content":false,"_jetpack_feature_clip_id":0,"_jetpack_memberships_contains_paid_content":false,"footnotes":"","jetpack_publicize_message":"","jetpack_publicize_feature_enabled":true,"jetpack_social_post_already_shared":true,"jetpack_social_options":{"image_generator_settings":{"template":"highway","default_image_id":0,"font":"","enabled":false},"version":2},"jetpack_post_was_ever_published":false},"categories":[79],"tags":[],"class_list":["post-114000","post","type-post","status-publish","format-standard","has-post-thumbnail","hentry","category-columnistas-nacionales","post--single"],"jetpack_publicize_connections":[],"jetpack_featured_media_url":"https:\/\/ovelanalista.com\/wp-content\/uploads\/2024\/03\/jose_luis_enriquez_ambell.jpeg","jetpack_sharing_enabled":true,"_links":{"self":[{"href":"https:\/\/ovelanalista.com\/index.php?rest_route=\/wp\/v2\/posts\/114000","targetHints":{"allow":["GET"]}}],"collection":[{"href":"https:\/\/ovelanalista.com\/index.php?rest_route=\/wp\/v2\/posts"}],"about":[{"href":"https:\/\/ovelanalista.com\/index.php?rest_route=\/wp\/v2\/types\/post"}],"author":[{"embeddable":true,"href":"https:\/\/ovelanalista.com\/index.php?rest_route=\/wp\/v2\/users\/3"}],"replies":[{"embeddable":true,"href":"https:\/\/ovelanalista.com\/index.php?rest_route=%2Fwp%2Fv2%2Fcomments&post=114000"}],"version-history":[{"count":1,"href":"https:\/\/ovelanalista.com\/index.php?rest_route=\/wp\/v2\/posts\/114000\/revisions"}],"predecessor-version":[{"id":114004,"href":"https:\/\/ovelanalista.com\/index.php?rest_route=\/wp\/v2\/posts\/114000\/revisions\/114004"}],"wp:featuredmedia":[{"embeddable":true,"href":"https:\/\/ovelanalista.com\/index.php?rest_route=\/wp\/v2\/media\/91558"}],"wp:attachment":[{"href":"https:\/\/ovelanalista.com\/index.php?rest_route=%2Fwp%2Fv2%2Fmedia&parent=114000"}],"wp:term":[{"taxonomy":"category","embeddable":true,"href":"https:\/\/ovelanalista.com\/index.php?rest_route=%2Fwp%2Fv2%2Fcategories&post=114000"},{"taxonomy":"post_tag","embeddable":true,"href":"https:\/\/ovelanalista.com\/index.php?rest_route=%2Fwp%2Fv2%2Ftags&post=114000"}],"curies":[{"name":"wp","href":"https:\/\/api.w.org\/{rel}","templated":true}]}}