{"id":114001,"date":"2025-02-11T11:10:05","date_gmt":"2025-02-11T18:10:05","guid":{"rendered":"https:\/\/ovelanalista.com\/?p=114001"},"modified":"2025-02-11T10:08:04","modified_gmt":"2025-02-11T17:08:04","slug":"harfuch-se-investiga-participacion-de-el-jando-piloto-detenido-en-sinaloa-en-secuestro-de-el-mayo","status":"publish","type":"post","link":"https:\/\/ovelanalista.com\/?p=114001","title":{"rendered":"Harfuch: Se investiga participaci\u00f3n de &#8216;El Jando&#8217;, piloto detenido en Sinaloa, en secuestro de &#8216;El Mayo&#8217;"},"content":{"rendered":"<p>Garc\u00eda Harfuch, precis\u00f3 en sus redes sociales que el piloto era considerado un hombre de confianza del l\u00edder de Los Chapitos, Iv\u00e1n Archivaldo, hijo del &#8216;Chapo\u2019 Guzm\u00e1n.<\/p>\n<address>La\u00a0<strong>Secretar\u00eda de Seguridad y Protecci\u00f3n Ciudadana<\/strong>\u00a0(SSPC) confirm\u00f3 este martes que un\u00a0<strong>piloto detenido el 8 de febrero<\/strong>\u00a0en un operativo en Culiac\u00e1n, es de confianza de \u2018Los Chapitos\u2019, y estar\u00eda implicado en el\u00a0<strong>secuestro y entrega<\/strong>\u00a0a Estados Unidos de\u00a0<strong>Ismael \u2018el Mayo\u2019 Zambada<\/strong>, cofundador del C\u00e1rtel de Sinaloa.<\/address>\n<address>\u201cS\u00ed, podemos adelantar que esta persona, en efecto, es un piloto de confianza del l\u00edder de la c\u00e9lula delictiva que tiene que ver con la privaci\u00f3n ilegal de la persona que fue entregada en Estados Unidos\u201d, se\u00f1al\u00f3 el secretario de la SSPC,\u00a0<strong>Omar Garc\u00eda Harfuch<\/strong>, en la conferencia de matutina de la presidenta Claudia Sheinbaum.<\/address>\n<address>\n<div>\n<p>Garc\u00eda Harfuch acot\u00f3 que, sin embargo, es\u00a0<strong>una investigaci\u00f3n que est\u00e1 en curso<\/strong>\u00a0en la Fiscal\u00eda General de la Rep\u00fablica (<strong>FGR<\/strong>), por lo que no dio m\u00e1s detalles sobre el caso.<\/p>\n<\/div>\n<div>\n<p><a href=\"https:\/\/editorial.aristeguinoticias.com\/wp-content\/uploads\/2025\/02\/WhatsApp-Image-2025-02-08-at-10.11.21.jpeg\"><img loading=\"lazy\" decoding=\"async\" class=\"aligncenter size-large wp-image-1450896\" src=\"https:\/\/editorial.aristeguinoticias.com\/wp-content\/uploads\/2025\/02\/WhatsApp-Image-2025-02-08-at-10.11.21-700x325.jpeg\" sizes=\"auto, (max-width: 700px) 100vw, 700px\" srcset=\"https:\/\/editorial.aristeguinoticias.com\/wp-content\/uploads\/2025\/02\/WhatsApp-Image-2025-02-08-at-10.11.21-700x325.jpeg 700w, https:\/\/editorial.aristeguinoticias.com\/wp-content\/uploads\/2025\/02\/WhatsApp-Image-2025-02-08-at-10.11.21-250x116.jpeg 250w, https:\/\/editorial.aristeguinoticias.com\/wp-content\/uploads\/2025\/02\/WhatsApp-Image-2025-02-08-at-10.11.21-768x356.jpeg 768w, https:\/\/editorial.aristeguinoticias.com\/wp-content\/uploads\/2025\/02\/WhatsApp-Image-2025-02-08-at-10.11.21-628x291.jpeg 628w, https:\/\/editorial.aristeguinoticias.com\/wp-content\/uploads\/2025\/02\/WhatsApp-Image-2025-02-08-at-10.11.21-298x138.jpeg 298w, https:\/\/editorial.aristeguinoticias.com\/wp-content\/uploads\/2025\/02\/WhatsApp-Image-2025-02-08-at-10.11.21-295x137.jpeg 295w, https:\/\/editorial.aristeguinoticias.com\/wp-content\/uploads\/2025\/02\/WhatsApp-Image-2025-02-08-at-10.11.21-205x95.jpeg 205w, https:\/\/editorial.aristeguinoticias.com\/wp-content\/uploads\/2025\/02\/WhatsApp-Image-2025-02-08-at-10.11.21-120x56.jpeg 120w, https:\/\/editorial.aristeguinoticias.com\/wp-content\/uploads\/2025\/02\/WhatsApp-Image-2025-02-08-at-10.11.21.jpeg 1085w\" alt=\"\" width=\"700\" height=\"325\" \/><\/a><\/p>\n<\/div>\n<div>\n<p>El pasado 8 de febrero, autoridades mexicanas anunciaron la detenci\u00f3n de\u00a0<strong>Mauro \u2018N\u2019<\/strong>, alias \u2018Jando\u2019, identificado como un\u00a0<strong>piloto aviador y operador clave<\/strong>\u00a0en la estructura de la c\u00e9lula delictiva Los Chapitos, ligada a los hijos de\u00a0<strong>Joaqu\u00edn \u2018el Chapo\u2019 Guzm\u00e1n<\/strong>\u00a0y que opera en Sinaloa.<\/p>\n<\/div>\n<div>\n<p>Ese mismo d\u00eda, Garc\u00eda Harfuch, precis\u00f3 en sus redes sociales que el piloto era considerado un hombre de confianza del l\u00edder de Los Chapitos,\u00a0<strong>Iv\u00e1n Archivaldo<\/strong>, hijo del \u2018Chapo\u2019 Guzm\u00e1n.<\/p>\n<\/div>\n<div><\/div>\n<div>\n<p>Adem\u00e1s, se le vincula con diversos\u00a0<strong>enfrentamientos con fuerzas de seguridad<\/strong>\u00a0y con\u00a0<strong>actividades de tr\u00e1fico de drogas<\/strong>\u00a0hacia Estados Unidos, y habr\u00eda sido el piloto que encargado de llevar al \u2018Mayo\u2019 a territorio estadounidense, donde lo detuvieron autoridades de aquel pa\u00eds el 25 de julio del a\u00f1o pasado.<\/p>\n<\/div>\n<div>\n<p>La violencia en el norte\u00f1o estado de Culiac\u00e1n, y en especial en Culiac\u00e1n, ha incrementado desde septiembre de 2024 ante un\u00a0<strong>enfrentamiento entre las c\u00e9lulas delictivas<\/strong>\u00a0de \u2018Los Chapitos\u2019 y\u00a0<strong>\u2018Los Mayos\u2019<\/strong>, tras la entrega en Estados Unidos del cofundador del Cartel Sinaloa, Ismael \u2018El Mayo\u2019 Zambada.<\/p>\n<p><iframe loading=\"lazy\" title=\"M\u00e9xico afirma que piloto detenido en Sinaloa particip\u00f3 en entrega de \u2018Mayo\u2019 Zambada a EU\" width=\"1200\" height=\"675\" src=\"https:\/\/www.youtube.com\/embed\/l7IG502Z8KY?feature=oembed\" frameborder=\"0\" allow=\"accelerometer; autoplay; clipboard-write; encrypted-media; gyroscope; picture-in-picture; web-share\" referrerpolicy=\"strict-origin-when-cross-origin\" allowfullscreen><\/iframe><\/p>\n<\/div>\n<div>\n<div id=\"standard_3\" class=\"st-placement standard_3 inPlayer\">\n<div class=\"st-adunit st-adunit-tagged st-reset st-show\">\n<div class=\"st-adunit-ad st-reset\">\n<div class=\"st-display-render st-reset open 300x116\">\n<div class=\"st-canvas st-reset vertical-static\">Con informaci\u00f3n de Aristegui Noticias<\/div>\n<\/div>\n<\/div>\n<\/div>\n<\/div>\n<div id=\"standard_4\" class=\"st-placement standard_4 inVideo\">\n<div class=\"st-adunit st-show st-reset\"><\/div>\n<\/div>\n<\/div>\n<\/address>\n","protected":false},"excerpt":{"rendered":"<p>Garc\u00eda Harfuch, precis\u00f3 en sus redes sociales que el piloto era considerado un hombre de confianza del l\u00edder de Los Chapitos, Iv\u00e1n Archivaldo, hijo del &#8216;Chapo\u2019 Guzm\u00e1n. La\u00a0Secretar\u00eda de Seguridad y Protecci\u00f3n Ciudadana\u00a0(SSPC) confirm\u00f3 este martes que un\u00a0piloto detenido el 8 de febrero\u00a0en un operativo en Culiac\u00e1n, es de confianza de \u2018Los Chapitos\u2019, y estar\u00eda implicado en el\u00a0secuestro y entrega\u00a0a Estados Unidos de\u00a0Ismael \u2018el Mayo\u2019 Zambada, cofundador del C\u00e1rtel de Sinaloa. \u201cS\u00ed, podemos adelantar que esta persona, en efecto, es un piloto de confianza del l\u00edder de la c\u00e9lula delictiva que tiene que ver con la privaci\u00f3n ilegal de la [&hellip;]<\/p>\n","protected":false},"author":3,"featured_media":114008,"comment_status":"open","ping_status":"open","sticky":false,"template":"","format":"standard","meta":{"_jetpack_newsletter_access":"","_jetpack_dont_email_post_to_subs":false,"_jetpack_newsletter_tier_id":0,"_jetpack_memberships_contains_paywalled_content":false,"_jetpack_feature_clip_id":0,"_jetpack_memberships_contains_paid_content":false,"footnotes":"","jetpack_publicize_message":"","jetpack_publicize_feature_enabled":true,"jetpack_social_post_already_shared":true,"jetpack_social_options":{"image_generator_settings":{"template":"highway","default_image_id":0,"font":"","enabled":false},"version":2},"jetpack_post_was_ever_published":false},"categories":[90,72],"tags":[],"class_list":["post-114001","post","type-post","status-publish","format-standard","has-post-thumbnail","hentry","category-estatal","category-portada","post--single"],"jetpack_publicize_connections":[],"jetpack_featured_media_url":"https:\/\/ovelanalista.com\/wp-content\/uploads\/2025\/02\/jando-chapitos-cartel-sinaloa-08022025.jpeg","jetpack_sharing_enabled":true,"_links":{"self":[{"href":"https:\/\/ovelanalista.com\/index.php?rest_route=\/wp\/v2\/posts\/114001","targetHints":{"allow":["GET"]}}],"collection":[{"href":"https:\/\/ovelanalista.com\/index.php?rest_route=\/wp\/v2\/posts"}],"about":[{"href":"https:\/\/ovelanalista.com\/index.php?rest_route=\/wp\/v2\/types\/post"}],"author":[{"embeddable":true,"href":"https:\/\/ovelanalista.com\/index.php?rest_route=\/wp\/v2\/users\/3"}],"replies":[{"embeddable":true,"href":"https:\/\/ovelanalista.com\/index.php?rest_route=%2Fwp%2Fv2%2Fcomments&post=114001"}],"version-history":[{"count":1,"href":"https:\/\/ovelanalista.com\/index.php?rest_route=\/wp\/v2\/posts\/114001\/revisions"}],"predecessor-version":[{"id":114009,"href":"https:\/\/ovelanalista.com\/index.php?rest_route=\/wp\/v2\/posts\/114001\/revisions\/114009"}],"wp:featuredmedia":[{"embeddable":true,"href":"https:\/\/ovelanalista.com\/index.php?rest_route=\/wp\/v2\/media\/114008"}],"wp:attachment":[{"href":"https:\/\/ovelanalista.com\/index.php?rest_route=%2Fwp%2Fv2%2Fmedia&parent=114001"}],"wp:term":[{"taxonomy":"category","embeddable":true,"href":"https:\/\/ovelanalista.com\/index.php?rest_route=%2Fwp%2Fv2%2Fcategories&post=114001"},{"taxonomy":"post_tag","embeddable":true,"href":"https:\/\/ovelanalista.com\/index.php?rest_route=%2Fwp%2Fv2%2Ftags&post=114001"}],"curies":[{"name":"wp","href":"https:\/\/api.w.org\/{rel}","templated":true}]}}