{"id":114077,"date":"2025-02-12T11:20:43","date_gmt":"2025-02-12T18:20:43","guid":{"rendered":"https:\/\/ovelanalista.com\/?p=114077"},"modified":"2025-02-12T09:29:18","modified_gmt":"2025-02-12T16:29:18","slug":"civiles-armados-emboscan-a-militares-en-el-limon-de-los-ramos-al-norte-de-culiacan","status":"publish","type":"post","link":"https:\/\/ovelanalista.com\/?p=114077","title":{"rendered":"Civiles armados emboscan a militares en el Lim\u00f3n de los Ramos, al norte de Culiac\u00e1n"},"content":{"rendered":"<div class=\"Summary_summary__gpJTn\">\n<p class=\"Typography_text-xl__yFuoP Typography_weight-normal__pqUbH\">Las autoridades ven\u00edan de regreso de un operativo en la localidad de Jes\u00fas Mar\u00eda.<\/p>\n<p class=\"Typography_text-default__P3otY Typography_weight-normal__pqUbH Typography_text-default__P3otY Typography_weight-normal__pqUbH\">Culiac\u00e1n, Sin.- La tarde de este martes 11 de febrero se llev\u00f3 a cabo un<b class=\"bold\">\u00a0enfrentamiento a balazos<\/b>\u00a0entre elementos federales\u00a0y civiles armados sobre la\u00a0<b class=\"bold\">carretera internacional M\u00e9xico 15<\/b>, libre al norte entre el Lim\u00f3n de los Ramos y la caseta de cobro<\/p>\n<p class=\"Typography_text-default__P3otY Typography_weight-normal__pqUbH Typography_text-default__P3otY Typography_weight-normal__pqUbH\">De acuerdo con el reporte de la SSP, se dijo que los elementos del Ejercito, Polic\u00eda Estatal y Guardia Nacional volv\u00edan de un operativo en la sierra de\u00a0<b class=\"bold\">Jes\u00fas Mar\u00eda.<\/b><\/p>\n<p class=\"Typography_text-default__P3otY Typography_weight-normal__pqUbH Typography_text-default__P3otY Typography_weight-normal__pqUbH\">Hasta el momento\u00a0<b class=\"bold\">se habla de varias personas lesionadas.<\/b><\/p>\n<p class=\"Typography_text-default__P3otY Typography_weight-normal__pqUbH Typography_text-default__P3otY Typography_weight-normal__pqUbH\">Las autoridades regresaban con\u00a0<b class=\"bold\">varios veh\u00edculos decomisados y armamento asegurados,<\/b>\u00a0cuando fueron emboscados por un grupo armado por la carretera antes mencionada.<\/p>\n<p>Con informaci\u00f3n de El Sol de Sinaloa<\/p>\n<\/div>\n","protected":false},"excerpt":{"rendered":"<p>Las autoridades ven\u00edan de regreso de un operativo en la localidad de Jes\u00fas Mar\u00eda. Culiac\u00e1n, Sin.- La tarde de este martes 11 de febrero se llev\u00f3 a cabo un\u00a0enfrentamiento a balazos\u00a0entre elementos federales\u00a0y civiles armados sobre la\u00a0carretera internacional M\u00e9xico 15, libre al norte entre el Lim\u00f3n de los Ramos y la caseta de cobro De acuerdo con el reporte de la SSP, se dijo que los elementos del Ejercito, Polic\u00eda Estatal y Guardia Nacional volv\u00edan de un operativo en la sierra de\u00a0Jes\u00fas Mar\u00eda. Hasta el momento\u00a0se habla de varias personas lesionadas. Las autoridades regresaban con\u00a0varios veh\u00edculos decomisados y armamento asegurados,\u00a0cuando [&hellip;]<\/p>\n","protected":false},"author":3,"featured_media":114084,"comment_status":"open","ping_status":"open","sticky":false,"template":"","format":"standard","meta":{"_jetpack_newsletter_access":"","_jetpack_dont_email_post_to_subs":false,"_jetpack_newsletter_tier_id":0,"_jetpack_memberships_contains_paywalled_content":false,"_jetpack_feature_clip_id":0,"_jetpack_memberships_contains_paid_content":false,"footnotes":"","jetpack_publicize_message":"","jetpack_publicize_feature_enabled":true,"jetpack_social_post_already_shared":true,"jetpack_social_options":{"image_generator_settings":{"template":"highway","default_image_id":0,"font":"","enabled":false},"version":2},"jetpack_post_was_ever_published":false},"categories":[90,72],"tags":[],"class_list":["post-114077","post","type-post","status-publish","format-standard","has-post-thumbnail","hentry","category-estatal","category-portada","post--single"],"jetpack_publicize_connections":[],"jetpack_featured_media_url":"https:\/\/ovelanalista.com\/wp-content\/uploads\/2025\/02\/policiaca-tematica1.webp","jetpack_sharing_enabled":true,"_links":{"self":[{"href":"https:\/\/ovelanalista.com\/index.php?rest_route=\/wp\/v2\/posts\/114077","targetHints":{"allow":["GET"]}}],"collection":[{"href":"https:\/\/ovelanalista.com\/index.php?rest_route=\/wp\/v2\/posts"}],"about":[{"href":"https:\/\/ovelanalista.com\/index.php?rest_route=\/wp\/v2\/types\/post"}],"author":[{"embeddable":true,"href":"https:\/\/ovelanalista.com\/index.php?rest_route=\/wp\/v2\/users\/3"}],"replies":[{"embeddable":true,"href":"https:\/\/ovelanalista.com\/index.php?rest_route=%2Fwp%2Fv2%2Fcomments&post=114077"}],"version-history":[{"count":1,"href":"https:\/\/ovelanalista.com\/index.php?rest_route=\/wp\/v2\/posts\/114077\/revisions"}],"predecessor-version":[{"id":114085,"href":"https:\/\/ovelanalista.com\/index.php?rest_route=\/wp\/v2\/posts\/114077\/revisions\/114085"}],"wp:featuredmedia":[{"embeddable":true,"href":"https:\/\/ovelanalista.com\/index.php?rest_route=\/wp\/v2\/media\/114084"}],"wp:attachment":[{"href":"https:\/\/ovelanalista.com\/index.php?rest_route=%2Fwp%2Fv2%2Fmedia&parent=114077"}],"wp:term":[{"taxonomy":"category","embeddable":true,"href":"https:\/\/ovelanalista.com\/index.php?rest_route=%2Fwp%2Fv2%2Fcategories&post=114077"},{"taxonomy":"post_tag","embeddable":true,"href":"https:\/\/ovelanalista.com\/index.php?rest_route=%2Fwp%2Fv2%2Ftags&post=114077"}],"curies":[{"name":"wp","href":"https:\/\/api.w.org\/{rel}","templated":true}]}}