{"id":114080,"date":"2025-02-12T11:10:35","date_gmt":"2025-02-12T18:10:35","guid":{"rendered":"https:\/\/ovelanalista.com\/?p=114080"},"modified":"2025-02-12T09:27:28","modified_gmt":"2025-02-12T16:27:28","slug":"aseguran-vehiculos-robados-durante-operativo-y-detienen-a-mujer-en-culiacan","status":"publish","type":"post","link":"https:\/\/ovelanalista.com\/?p=114080","title":{"rendered":"Aseguran veh\u00edculos robados durante operativo y detienen a mujer en Culiac\u00e1n"},"content":{"rendered":"<div class=\"Summary_summary__gpJTn\">\n<p class=\"Typography_text-xl__yFuoP Typography_weight-normal__pqUbH\">El grupo interinstitucional realiz\u00f3 varias acciones en el sur de la capital sinaloense.<\/p>\n<p class=\"Typography_text-default__P3otY Typography_weight-normal__pqUbH Typography_text-default__P3otY Typography_weight-normal__pqUbH\">Culiac\u00e1n, Sin.- Dos\u00a0<b class=\"bold\">operativos<\/b>\u00a0realizados por el\u00a0<b class=\"bold\">Grupo Interinstitucional<\/b>\u00a0en\u00a0<b class=\"bold\">Culiac\u00e1n<\/b>\u00a0permitieron el aseguramiento de\u00a0<b class=\"bold\">cinco veh\u00edculos<\/b>, tres de ellos abandonados en la localidad de\u00a0<b class=\"bold\">El Quemadito<\/b>\u00a0y dos m\u00e1s con\u00a0<b class=\"bold\">reporte de robo<\/b>\u00a0en el poblado\u00a0<b class=\"bold\">La Palmita<\/b>\u00a0y anexos.<\/p>\n<p class=\"Typography_text-default__P3otY Typography_weight-normal__pqUbH Typography_text-default__P3otY Typography_weight-normal__pqUbH\">El primer\u00a0<b class=\"bold\">operativo<\/b>\u00a0se llev\u00f3 a cabo en\u00a0<b class=\"bold\">El Quemadito<\/b>, donde elementos de la\u00a0<b class=\"bold\">Secretar\u00eda de la Defensa Nacional<\/b>, la\u00a0<b class=\"bold\">Marina<\/b>, la\u00a0<b class=\"bold\">Guardia Nacional<\/b>, la\u00a0<b class=\"bold\">Fiscal\u00eda General de la Rep\u00fablica<\/b>, la\u00a0<b class=\"bold\">Fiscal\u00eda General del Estado<\/b>\u00a0y la\u00a0<b class=\"bold\">Secretar\u00eda de Seguridad P\u00fablica<\/b>\u00a0respondieron a una\u00a0<b class=\"bold\">denuncia ciudadana<\/b>.<\/p>\n<\/div>\n<div class=\"ad mexico-nota-1x1\" data-testid=\"\/2000002\/elsoldesinaloa\/mexico_nota_1x1\" data-google-query-id=\"CNe9mabGvosDFQbt9QIdA5QsFQ\">\n<p class=\"Typography_text-default__P3otY Typography_weight-normal__pqUbH Typography_text-default__P3otY Typography_weight-normal__pqUbH\">Al llegar, observaron tres\u00a0<b class=\"bold\">veh\u00edculos<\/b>\u00a0con personas armadas, quienes al notar la presencia de las\u00a0<b class=\"bold\">autoridades<\/b>, huyeron dejando las unidades abandonadas. Tras una\u00a0<b class=\"bold\">inspecci\u00f3n<\/b>, se encontraron:\u00a0<b class=\"bold\">3 fusiles AK-47<\/b>\u00a0calibre\u00a0<b class=\"bold\">7.62&#215;39 mm<\/b>,\u00a0<b class=\"bold\">6 cargadores abastecidos<\/b>,\u00a0<b class=\"bold\">410 cartuchos \u00fatiles<\/b>,\u00a0<b class=\"bold\">1 chaleco bal\u00edstico con placas<\/b>\u00a0y\u00a0<b class=\"bold\">2 fornituras portacargadores<\/b>.<\/p>\n<p class=\"Typography_text-default__P3otY Typography_weight-normal__pqUbH Typography_text-default__P3otY Typography_weight-normal__pqUbH\">En el segundo\u00a0<b class=\"bold\">operativo<\/b>,\u00a0<b class=\"bold\">polic\u00edas estatales<\/b>\u00a0realizaban labores preventivas en la zona norte de\u00a0<b class=\"bold\">Culiac\u00e1n<\/b>, en el poblado\u00a0<b class=\"bold\">La Palmita<\/b>, cuando localizaron dos\u00a0<b class=\"bold\">veh\u00edculos<\/b>\u00a0con las puertas abiertas. Al revisar su interior, encontraron:\u00a0<b class=\"bold\">2 armas largas<\/b>\u00a0y un\u00a0<b class=\"bold\">arma corta<\/b>\u00a0de uso exclusivo,\u00a0<b class=\"bold\">2 cargadores abastecidos<\/b>,\u00a0<b class=\"bold\">municiones<\/b>\u00a0de diferentes calibres,\u00a0<b class=\"bold\">prendas de vestir tipo militar<\/b>\u00a0y\u00a0<b class=\"bold\">2 cuchillos t\u00e1cticos<\/b>.<\/p>\n<p class=\"Typography_text-default__P3otY Typography_weight-normal__pqUbH Typography_text-default__P3otY Typography_weight-normal__pqUbH\">Tras verificar en el sistema, se confirm\u00f3 que ambos\u00a0<b class=\"bold\">veh\u00edculos<\/b>\u00a0ten\u00edan\u00a0<b class=\"bold\">reporte de robo vigente<\/b>, por lo que, junto con el\u00a0<b class=\"bold\">armamento asegurado<\/b>, fueron puestos a disposici\u00f3n del\u00a0<b class=\"bold\">Ministerio P\u00fablico Federal<\/b>\u00a0para las\u00a0<b class=\"bold\">investigaciones<\/b>\u00a0correspondientes.<\/p>\n<h2 class=\"Typography_text-xl__yFuoP Typography_weight-normal__pqUbH SubHead_sub-head__PVEMA\">Otros operativos<\/h2>\n<figure class=\"Picture_picture__jeuFM\">\n<div id=\"standard_2\" class=\"st-placement standard_2 inImage\">\n<div class=\"st-adunit st-adunit-tagged st-reset st-show\">\n<div class=\"st-adunit-ad st-reset\"><\/div>\n<\/div>\n<\/div>\n<p><img loading=\"lazy\" decoding=\"async\" class=\"Image_image__tzQM0 seedtag\" src=\"https:\/\/oem.com.mx\/elsoldesinaloa\/img\/21632452\/1739284442\/BASE_LANDSCAPE\/1200\/WhatsApp%20Image%202025-02-11%20at%2012.13.41%20PM.webp\" alt=\"detencion-mujer-operativo\" width=\"1200\" height=\"2133\" data-nimg=\"1\" \/><figcaption><span class=\"Typography_text-default__P3otY Typography_weight-normal__pqUbH Typography_text-xs__Hgkfb Typography_weight-normal__pqUbH\">Detienen a mujer durante operativo.<\/span>\u00a0\/\u00a0<span class=\"Typography_text-default__P3otY Typography_weight-normal__pqUbH Typography_text-xs__Hgkfb Typography_weight-normal__pqUbH\">Foto: SSP<\/span><\/figcaption><\/figure>\n<p class=\"Typography_text-default__P3otY Typography_weight-normal__pqUbH Typography_text-default__P3otY Typography_weight-normal__pqUbH\">Durante un operativo en el sector\u00a0<b class=\"bold\">Santa Fe<\/b>, al norte de\u00a0<b class=\"bold\">Culiac\u00e1n<\/b>, espec\u00edficamente en el\u00a0<b class=\"bold\">Fraccionamiento Monserrat<\/b>, las autoridades llevaron a cabo el cateo de un inmueble.<\/p>\n<p class=\"Typography_text-default__P3otY Typography_weight-normal__pqUbH Typography_text-default__P3otY Typography_weight-normal__pqUbH\">En el lugar, detuvieron a una\u00a0<b class=\"bold\">mujer\u00a0<\/b>y aseguraron un\u00a0<b class=\"bold\">rifle autom\u00e1tico<\/b>\u00a0de color beige, as\u00ed como varios paquetes que conten\u00edan\u00a0<b class=\"bold\">objetos il\u00edcitos<\/b>, los cuales fueron emplayados.<\/p>\n<p class=\"Typography_text-default__P3otY Typography_weight-normal__pqUbH Typography_text-default__P3otY Typography_weight-normal__pqUbH\">Adem\u00e1s, se inform\u00f3 que un\u00a0<b class=\"bold\">veh\u00edculo compacto blanco<\/b>\u00a0fue\u00a0<b class=\"bold\">asegurado<\/b>\u00a0y trasladado a las instalaciones de las dependencias federales. En el operativo participaron elementos de la\u00a0<b class=\"bold\">Guardia Nacional<\/b>, la\u00a0<b class=\"bold\">Secretar\u00eda de la Defensa Nacional (SEDENA)<\/b>, la\u00a0<b class=\"bold\">Secretar\u00eda de Seguridad y Protecci\u00f3n Ciudadana de M\u00e9xico<\/b>\u00a0y la\u00a0<b class=\"bold\">Fiscal\u00eda General de la Rep\u00fablica (FGR)<\/b>.<\/p>\n<p class=\"Typography_text-default__P3otY Typography_weight-normal__pqUbH Typography_text-default__P3otY Typography_weight-normal__pqUbH\">Este operativo fue simult\u00e1neo al realizado en las\u00a0<b class=\"bold\">riveras del Humaya<\/b>, y se llev\u00f3 a cabo por la\u00a0<b class=\"bold\">avenida principal<\/b>\u00a0del fraccionamiento\u00a0<b class=\"bold\">Monserrat<\/b>. El inmueble donde se realiz\u00f3 el cateo qued\u00f3 asegurado con los sellos respectivos, lo que indica que se continuar\u00e1 con las investigaciones pertinentes.<\/p>\n<h2 class=\"Typography_text-xl__yFuoP Typography_weight-normal__pqUbH SubHead_sub-head__PVEMA\">Camioneta localizada<\/h2>\n<figure class=\"Picture_picture__jeuFM\">\n<div id=\"standard_3\" class=\"st-placement standard_3 inImage\">\n<div class=\"st-adunit st-adunit-tagged st-reset st-show\">\n<div class=\"st-adunit-ad st-reset\">\n<div class=\"st-display-render st-reset open 300x600\">\n<div class=\"st-canvas st-reset vertical-static\">\n<div class=\"x-to-close st-reset\"><\/div>\n<p><iframe id=\"seedtag_creative_687\" class=\"st-reset\" title=\"seedtag_creative_687\" name=\"seedtag_creative\" scrolling=\"no\"><\/iframe><\/div>\n<\/div>\n<\/div>\n<\/div>\n<\/div>\n<p><img loading=\"lazy\" decoding=\"async\" class=\"Image_image__tzQM0 seedtag\" src=\"https:\/\/oem.com.mx\/elsoldesinaloa\/img\/21630843\/1739278232\/BASE_LANDSCAPE\/1200\/WhatsApp%20Image%202025-02-11%20at%2010.49.25%20AM.webp\" alt=\"camioneta-asegurada\" width=\"1200\" height=\"2133\" data-nimg=\"1\" \/><figcaption><span class=\"Typography_text-default__P3otY Typography_weight-normal__pqUbH Typography_text-xs__Hgkfb Typography_weight-normal__pqUbH\">Camioneta localizada.<\/span>\u00a0\/\u00a0<span class=\"Typography_text-default__P3otY Typography_weight-normal__pqUbH Typography_text-xs__Hgkfb Typography_weight-normal__pqUbH\">Foto: SSP<\/span><\/figcaption><\/figure>\n<p class=\"Typography_text-default__P3otY Typography_weight-normal__pqUbH Typography_text-default__P3otY Typography_weight-normal__pqUbH\">En otro hecho, una\u00a0<b class=\"bold\">camioneta<\/b>\u00a0de modelo reciente, marca\u00a0<b class=\"bold\">Mitsubishi L200<\/b>\u00a0color gris y con placas de\u00a0<b class=\"bold\">Sinaloa<\/b>, fue\u00a0<b class=\"bold\">localizada vandalizada<\/b>\u00a0en el estacionamiento de la\u00a0<b class=\"bold\">plaza comercial Delta<\/b>, ubicada en el\u00a0<b class=\"bold\">bulevard Conquistadores<\/b>, cerca de la entrada principal al sector\u00a0<b class=\"bold\">La Conquista<\/b>, justo frente a la estaci\u00f3n de\u00a0<b class=\"bold\">bomberos de Culiac\u00e1n<\/b>.<\/p>\n<p class=\"Typography_text-default__P3otY Typography_weight-normal__pqUbH Typography_text-default__P3otY Typography_weight-normal__pqUbH\">La unidad presentaba\u00a0<b class=\"bold\">todos los vidrios quebrados<\/b>. Aunque en un principio se hab\u00eda especulado que los da\u00f1os fueron causados por\u00a0<b class=\"bold\">disparos de arma de fuego<\/b>, las\u00a0<b class=\"bold\">autoridades<\/b>\u00a0confirmaron que la camioneta fue\u00a0<b class=\"bold\">vandalizada<\/b>\u00a0con otro tipo de objeto, y no por balas.<\/p>\n<p class=\"Typography_text-default__P3otY Typography_weight-normal__pqUbH Typography_text-default__P3otY Typography_weight-normal__pqUbH\">Se desconoce c\u00f3mo fue que se rompieron los vidrios y el paradero del propietario. La camioneta fue localizada\u00a0<b class=\"bold\">abandonada<\/b>\u00a0alrededor de las\u00a0<b class=\"bold\">9:50 de la ma\u00f1ana<\/b>\u00a0del\u00a0<b class=\"bold\">martes 11 de febrero de 2025<\/b>.<\/p>\n<p>Con informaci\u00f3n de El Sol de Sinaloa<\/p>\n<\/div>\n","protected":false},"excerpt":{"rendered":"<p>El grupo interinstitucional realiz\u00f3 varias acciones en el sur de la capital sinaloense. Culiac\u00e1n, Sin.- Dos\u00a0operativos\u00a0realizados por el\u00a0Grupo Interinstitucional\u00a0en\u00a0Culiac\u00e1n\u00a0permitieron el aseguramiento de\u00a0cinco veh\u00edculos, tres de ellos abandonados en la localidad de\u00a0El Quemadito\u00a0y dos m\u00e1s con\u00a0reporte de robo\u00a0en el poblado\u00a0La Palmita\u00a0y anexos. El primer\u00a0operativo\u00a0se llev\u00f3 a cabo en\u00a0El Quemadito, donde elementos de la\u00a0Secretar\u00eda de la Defensa Nacional, la\u00a0Marina, la\u00a0Guardia Nacional, la\u00a0Fiscal\u00eda General de la Rep\u00fablica, la\u00a0Fiscal\u00eda General del Estado\u00a0y la\u00a0Secretar\u00eda de Seguridad P\u00fablica\u00a0respondieron a una\u00a0denuncia ciudadana. Al llegar, observaron tres\u00a0veh\u00edculos\u00a0con personas armadas, quienes al notar la presencia de las\u00a0autoridades, huyeron dejando las unidades abandonadas. Tras una\u00a0inspecci\u00f3n, se encontraron:\u00a03 fusiles AK-47\u00a0calibre\u00a07.62&#215;39 mm,\u00a06 [&hellip;]<\/p>\n","protected":false},"author":3,"featured_media":114081,"comment_status":"open","ping_status":"open","sticky":false,"template":"","format":"standard","meta":{"_jetpack_newsletter_access":"","_jetpack_dont_email_post_to_subs":false,"_jetpack_newsletter_tier_id":0,"_jetpack_memberships_contains_paywalled_content":false,"_jetpack_feature_clip_id":0,"_jetpack_memberships_contains_paid_content":false,"footnotes":"","jetpack_publicize_message":"","jetpack_publicize_feature_enabled":true,"jetpack_social_post_already_shared":true,"jetpack_social_options":{"image_generator_settings":{"template":"highway","default_image_id":0,"font":"","enabled":false},"version":2},"jetpack_post_was_ever_published":false},"categories":[90,72],"tags":[],"class_list":["post-114080","post","type-post","status-publish","format-standard","has-post-thumbnail","hentry","category-estatal","category-portada","post--single"],"jetpack_publicize_connections":[],"jetpack_featured_media_url":"https:\/\/ovelanalista.com\/wp-content\/uploads\/2025\/02\/unidaddecomisada.webp","jetpack_sharing_enabled":true,"_links":{"self":[{"href":"https:\/\/ovelanalista.com\/index.php?rest_route=\/wp\/v2\/posts\/114080","targetHints":{"allow":["GET"]}}],"collection":[{"href":"https:\/\/ovelanalista.com\/index.php?rest_route=\/wp\/v2\/posts"}],"about":[{"href":"https:\/\/ovelanalista.com\/index.php?rest_route=\/wp\/v2\/types\/post"}],"author":[{"embeddable":true,"href":"https:\/\/ovelanalista.com\/index.php?rest_route=\/wp\/v2\/users\/3"}],"replies":[{"embeddable":true,"href":"https:\/\/ovelanalista.com\/index.php?rest_route=%2Fwp%2Fv2%2Fcomments&post=114080"}],"version-history":[{"count":1,"href":"https:\/\/ovelanalista.com\/index.php?rest_route=\/wp\/v2\/posts\/114080\/revisions"}],"predecessor-version":[{"id":114082,"href":"https:\/\/ovelanalista.com\/index.php?rest_route=\/wp\/v2\/posts\/114080\/revisions\/114082"}],"wp:featuredmedia":[{"embeddable":true,"href":"https:\/\/ovelanalista.com\/index.php?rest_route=\/wp\/v2\/media\/114081"}],"wp:attachment":[{"href":"https:\/\/ovelanalista.com\/index.php?rest_route=%2Fwp%2Fv2%2Fmedia&parent=114080"}],"wp:term":[{"taxonomy":"category","embeddable":true,"href":"https:\/\/ovelanalista.com\/index.php?rest_route=%2Fwp%2Fv2%2Fcategories&post=114080"},{"taxonomy":"post_tag","embeddable":true,"href":"https:\/\/ovelanalista.com\/index.php?rest_route=%2Fwp%2Fv2%2Ftags&post=114080"}],"curies":[{"name":"wp","href":"https:\/\/api.w.org\/{rel}","templated":true}]}}