{"id":114083,"date":"2025-02-12T12:00:28","date_gmt":"2025-02-12T19:00:28","guid":{"rendered":"https:\/\/ovelanalista.com\/?p=114083"},"modified":"2025-02-12T09:34:24","modified_gmt":"2025-02-12T16:34:24","slug":"agente-de-la-policia-estatal-choca-contra-tractor-en-aguaruto-culiacan","status":"publish","type":"post","link":"https:\/\/ovelanalista.com\/?p=114083","title":{"rendered":"Agente de la Polic\u00eda Estatal choca contra tractor en Aguaruto, Culiac\u00e1n"},"content":{"rendered":"<div class=\"lead font-1 fs18\">El percance vial ocurri\u00f3 sobre la carretera Culiac\u00e1n-Navolato, en las inmediaciones del campo agr\u00edcola Morole\u00f3n.<\/div>\n<div><\/div>\n<div>\n<p>La ma\u00f1ana de este mi\u00e9rcoles se registr\u00f3 un choque por alcance entre un veh\u00edculo tipo sed\u00e1n y un tractor en la sindicatura de Aguaruto, en Culiac\u00e1n.<\/p>\n<p>En el percance vial estuvo involucrado un elemento de la Polic\u00eda Estatal de Sinaloa, quien conduc\u00eda un veh\u00edculo particular.<\/p>\n<div class=\"multimediaMacroWrapper\">\n<ul class=\"collage\">\n<li class=\"collage-item\"><a title=\"Agente de la Polic\u00eda Estatal choca contra tractor en Aguaruto, Culiac\u00e1n\" href=\"https:\/\/www.noroeste.com.mx\/binrepository\/1600x900\/0c0\/0d0\/none\/12707\/UUJO\/choque-03_1-9398659_20250212090048.jpg\" data-lightbox=\"galeria-0\"><img decoding=\"async\" src=\"https:\/\/www.noroeste.com.mx\/binrepository\/1600x900\/0c0\/0d0\/none\/12707\/UUJO\/choque-03_1-9398659_20250212090048.jpg\" \/><\/a><\/li>\n<li class=\"collage-item\"><a title=\"Agente de la Polic\u00eda Estatal choca contra tractor en Aguaruto, Culiac\u00e1n\" href=\"https:\/\/www.noroeste.com.mx\/binrepository\/1600x900\/0c0\/0d0\/none\/12707\/EWJO\/choque-02_1-9398660_20250212090048.jpg\" data-lightbox=\"galeria-0\"><img decoding=\"async\" src=\"https:\/\/www.noroeste.com.mx\/binrepository\/1600x900\/0c0\/0d0\/none\/12707\/EWJO\/choque-02_1-9398660_20250212090048.jpg\" \/><\/a><\/li>\n<\/ul>\n<\/div>\n<div class=\"paragraph\">\n<p>El oficial circulaba en un autom\u00f3vil marca Nissan modelo Sentra color blanco, e impact\u00f3 contra un tractor color azul.<\/p>\n<p>El siniestro ocurri\u00f3 sobre la carretera Culiac\u00e1n-Navolato, en las inmediaciones del campo agr\u00edcola Morole\u00f3n, en la sindicatura mencionada.<\/p>\n<\/div>\n<div class=\"multimediaMacroWrapper\">\n<ul class=\"collage\">\n<li class=\"collage-item\"><a title=\"Agente de la Polic\u00eda Estatal choca contra tractor en Aguaruto, Culiac\u00e1n\" href=\"https:\/\/www.noroeste.com.mx\/binrepository\/1600x900\/0c0\/0d0\/none\/12707\/FAJO\/choque-05_1-9398662_20250212090049.jpg\" data-lightbox=\"galeria-1\"><img decoding=\"async\" src=\"https:\/\/www.noroeste.com.mx\/binrepository\/1600x900\/0c0\/0d0\/none\/12707\/FAJO\/choque-05_1-9398662_20250212090049.jpg\" \/><\/a><\/li>\n<li class=\"collage-item\"><a title=\"Agente de la Polic\u00eda Estatal choca contra tractor en Aguaruto, Culiac\u00e1n\" href=\"https:\/\/www.noroeste.com.mx\/binrepository\/1600x900\/0c0\/0d0\/none\/12707\/GYJO\/choque-04_1-9398663_20250212090049.jpg\" data-lightbox=\"galeria-1\"><img decoding=\"async\" src=\"https:\/\/www.noroeste.com.mx\/binrepository\/1600x900\/0c0\/0d0\/none\/12707\/GYJO\/choque-04_1-9398663_20250212090049.jpg\" \/><\/a><\/li>\n<\/ul>\n<\/div>\n<div class=\"paragraph\">\n<p>Cuerpos de auxilio acudieron para apoyar al polic\u00eda que result\u00f3 herido, mientras que el chofer del tractor se report\u00f3 ileso.<\/p>\n<\/div>\n<\/div>\n<p>&nbsp;<\/p>\n<p>Con informaci\u00f3n de Noroeste<\/p>\n","protected":false},"excerpt":{"rendered":"<p>El percance vial ocurri\u00f3 sobre la carretera Culiac\u00e1n-Navolato, en las inmediaciones del campo agr\u00edcola Morole\u00f3n. La ma\u00f1ana de este mi\u00e9rcoles se registr\u00f3 un choque por alcance entre un veh\u00edculo tipo sed\u00e1n y un tractor en la sindicatura de Aguaruto, en Culiac\u00e1n. En el percance vial estuvo involucrado un elemento de la Polic\u00eda Estatal de Sinaloa, quien conduc\u00eda un veh\u00edculo particular. El oficial circulaba en un autom\u00f3vil marca Nissan modelo Sentra color blanco, e impact\u00f3 contra un tractor color azul. El siniestro ocurri\u00f3 sobre la carretera Culiac\u00e1n-Navolato, en las inmediaciones del campo agr\u00edcola Morole\u00f3n, en la sindicatura mencionada. Cuerpos de auxilio [&hellip;]<\/p>\n","protected":false},"author":3,"featured_media":114093,"comment_status":"open","ping_status":"open","sticky":false,"template":"","format":"standard","meta":{"_jetpack_newsletter_access":"","_jetpack_dont_email_post_to_subs":false,"_jetpack_newsletter_tier_id":0,"_jetpack_memberships_contains_paywalled_content":false,"_jetpack_feature_clip_id":0,"_jetpack_memberships_contains_paid_content":false,"footnotes":"","jetpack_publicize_message":"","jetpack_publicize_feature_enabled":true,"jetpack_social_post_already_shared":true,"jetpack_social_options":{"image_generator_settings":{"template":"highway","default_image_id":0,"font":"","enabled":false},"version":2},"jetpack_post_was_ever_published":false},"categories":[90,72],"tags":[],"class_list":["post-114083","post","type-post","status-publish","format-standard","has-post-thumbnail","hentry","category-estatal","category-portada","post--single"],"jetpack_publicize_connections":[],"jetpack_featured_media_url":"https:\/\/ovelanalista.com\/wp-content\/uploads\/2025\/02\/choque-01_1-9398546_20250212090047.webp","jetpack_sharing_enabled":true,"_links":{"self":[{"href":"https:\/\/ovelanalista.com\/index.php?rest_route=\/wp\/v2\/posts\/114083","targetHints":{"allow":["GET"]}}],"collection":[{"href":"https:\/\/ovelanalista.com\/index.php?rest_route=\/wp\/v2\/posts"}],"about":[{"href":"https:\/\/ovelanalista.com\/index.php?rest_route=\/wp\/v2\/types\/post"}],"author":[{"embeddable":true,"href":"https:\/\/ovelanalista.com\/index.php?rest_route=\/wp\/v2\/users\/3"}],"replies":[{"embeddable":true,"href":"https:\/\/ovelanalista.com\/index.php?rest_route=%2Fwp%2Fv2%2Fcomments&post=114083"}],"version-history":[{"count":1,"href":"https:\/\/ovelanalista.com\/index.php?rest_route=\/wp\/v2\/posts\/114083\/revisions"}],"predecessor-version":[{"id":114094,"href":"https:\/\/ovelanalista.com\/index.php?rest_route=\/wp\/v2\/posts\/114083\/revisions\/114094"}],"wp:featuredmedia":[{"embeddable":true,"href":"https:\/\/ovelanalista.com\/index.php?rest_route=\/wp\/v2\/media\/114093"}],"wp:attachment":[{"href":"https:\/\/ovelanalista.com\/index.php?rest_route=%2Fwp%2Fv2%2Fmedia&parent=114083"}],"wp:term":[{"taxonomy":"category","embeddable":true,"href":"https:\/\/ovelanalista.com\/index.php?rest_route=%2Fwp%2Fv2%2Fcategories&post=114083"},{"taxonomy":"post_tag","embeddable":true,"href":"https:\/\/ovelanalista.com\/index.php?rest_route=%2Fwp%2Fv2%2Ftags&post=114083"}],"curies":[{"name":"wp","href":"https:\/\/api.w.org\/{rel}","templated":true}]}}