{"id":114098,"date":"2025-02-13T09:02:54","date_gmt":"2025-02-13T16:02:54","guid":{"rendered":"https:\/\/ovelanalista.com\/?p=114098"},"modified":"2025-02-13T09:02:54","modified_gmt":"2025-02-13T16:02:54","slug":"infonavitel-nuevo-atraco-de-la-4t","status":"publish","type":"post","link":"https:\/\/ovelanalista.com\/?p=114098","title":{"rendered":"INFONAVIT\u2026El nuevo atraco de la 4T"},"content":{"rendered":"<div><strong>TRANSICION\u00a0<\/strong><\/div>\n<div><\/div>\n<div><\/div>\n<div>La \u00fanica verdad es la realidad; todo lo dem\u00e1s puede ser falseable\u2026(Arist\u00f3teles)<\/div>\n<div><\/div>\n<div><strong>Oswaldo Villase\u00f1or<\/strong><\/div>\n<div><\/div>\n<div>Insistimos. En M\u00e9xico hay que hacer un estudio antropol\u00f3gico para entender que le pasa a la gente. El gobierno federal a trav\u00e9s de Poder Legislativo est\u00e1 a punto de consumar el mayor atraco cometido en la historia y los millones de perjudicados viven en el limbo. No pasa nada.<\/div>\n<div>Ayer, el Senador Gerardo Fern\u00e1ndez Noro\u00f1a afirm\u00f3 que las reformas a la ley de INFONAVIT ser\u00e1n aprobadas a m\u00e1s tardar el pr\u00f3ximo martes, pese a quien le pese y se oponga quien se oponga.<\/div>\n<div>Con la aprobaci\u00f3n en el Senado de esta reforma, el hecho y el atraco ser\u00e1 consumado.<\/div>\n<div>\u00bfPero porqu\u00e9 hablamos de atraco, cuando el discurso oficial del gobierno dice que se construir\u00e1n dos millones de viviendas en beneficio de igual n\u00famero de filas de trabajadores? \u00bfQuien estar\u00eda en contra y en desacuerdo de que se construyan viviendas? La verdad que visto as\u00ed, no se comprende la cr\u00edtica, porque no podemos hablar de oposici\u00f3n, si no la hay.<\/div>\n<div>Es m\u00e1s, esa ausencia de oposici\u00f3n de quienes saldr\u00e1n directamente perjudicados, es lo que llama la atenci\u00f3n y obliga a estudiar. Todos agachados o sin comprender el atraco que viene.<\/div>\n<div>La reforma al Infonavit ya fue aprobada en Diputados y el pr\u00f3ximo martes ser\u00e1 aprobada en Senadores y entonces si, ser\u00e1 un hecho consumado. El mayor atraco de un gobierno en contra de sus gobernados, en este caso millones de trabajadores, ser\u00e1 una realidad.<\/div>\n<div>\u00bfPero porqu\u00e9 hablar de atraco? Muy sencillo. Hay que revisar los puntos torales o neur\u00e1lgicos de la reforma para darse cuenta de ello.<\/div>\n<div>1.-De entrada, con la nueva ley, el gobierno podr\u00e1 disponer del dinero ahorrado por los trabajadores en su subcuenta de vivienda y que es aportado por los patrones de los mismos. El gobierno no pone un solo peso.<\/div>\n<div>A\u00fan as\u00ed, con esta reforma legal por aprobarse el pr\u00f3ximo martes, el gobierno se apropiar\u00e1 de m\u00e1s de 2.4 billones de pesos de los ahorros de los trabajadores que tienen nombre y apellido. Lo asombroso es que nadie de los m\u00e1s de 20 millones de trabajadores a punto de ser saqueados a puesto el grito en el cielo. Todos est\u00e1n callados.<\/div>\n<div>2.-A lo m\u00e1s que se ha llegado, cuando el atraco ya est\u00e1 a punto de concretarse, es a emitir un posicionamiento de cr\u00edtica y rechazo -pero muy Manzo- y solicitar cuando menos que se mantenga la administraci\u00f3n tripartita de la dependencia. \u00bfY qu\u00e9 m\u00e1s a habido? Nada m\u00e1s.<\/div>\n<div>3.-El gobierno ahora tendr\u00e1 el control total de la administraci\u00f3n del INFONAVIT y nadie le podr\u00e1 decir nada. El nuevo director que ser\u00e1 propuesto por la presidente de la Rep\u00fablica, tendr\u00e1 facultades amplias para hacer uso de semejante fondo de 2.4 billones de pesos.<\/div>\n<div>\u00bfY est\u00e1 garantizado el buen uso del recurso? Ah\u00ed est\u00e1 el otro detalle. Empresarios que aportan el 5 por ciento del importe del salario de sus trabajadores y los mismos trabajadores ya no podr\u00e1n fiscalizar el buen uso del dinero. El gobierno tendr\u00e1 mayor\u00eda en el consejo de vigilancia.<\/div>\n<div>4.-En fin, la reforma al Infonavit va para adelante. Bien dijo Andr\u00e9s Manuel cuando se le cuestionaba de d\u00f3nde sacar\u00eda dinero para costear sus programas clientelares. \u201cDinero hay mucho\u201d.<\/div>\n<div>Ya se gastaron muchos fondos que exist\u00edan en perjuicio de muchos mexicanos y ahora van por \u00e9l fondo de los trabajadores. \u00bfY saben que? No pasa nada.<\/div>\n<div>Habr\u00e1 que estar pendientes.<\/div>\n<div>PASO A PASITO.-\u00bfQuien puso una d\u00e9bil pero paz al fin en Culiac\u00e1n? \u00bfQu\u00e9 es lo que pasa? Culiac\u00e1n ha registrado una sola persona asesinada en los \u00faltimos tres d\u00edas. Eso s\u00ed, ha habido personas desaparecidas, el robo de carros est\u00e1 imparable y sigue brillando por su ausencia el gobierno.<\/div>\n<div>\u00bfHay pausa o tregua entre los grupos en disputa? \u00bfEs el efecto de las amenazas de Donald Trump? \u00bfSe han ocultado tras sentirse espiados por los militares gringos? Qui\u00e9n sabe, pero en Culiac\u00e1n hay una d\u00e9bil paz en los \u00faltimos d\u00edas. \u00bfAtribuible al gobierno?\u00a0 Se antoja que no. Algo pasa.<\/div>\n<div>OTRO PASITO.-Los Mazatlecos andan muy emocionados. Al parecer si tendr\u00e1n su tradicional fiesta de carnaval.<\/div>\n<div>Guillermo Romero dice que esta fiesta es un respiro para los mazatlecos porque traer\u00e1 una fuerte derrama econ\u00f3mica.<\/div>\n<div>Hay hay hasta un 80 por ciento de los cuartos reservados para el carnaval afirma.<\/div>\n<div>El porcentaje de ocupamiento de cuartos de hotel apenas anda en el 30 o 40 por ciento, el cual es muy bajo expres\u00f3.<\/div>\n<div>PASITO CH\u00c9VERE.-<\/div>\n<div>S\u00edguenos En:<\/div>\n<div>Ovelanalista.com<\/div>\n<div>Twitteer.- @oswaldo villase<\/div>\n<div>Facebook.-OV El Analista<\/div>\n<div>Megacanal canal 151 y 1151 de lunes a viernes de 1:30 a 2 de la tarde y s\u00e1bados de 11 a 12.<\/div>\n<div>CDMX y todo el pa\u00eds.<\/div>\n<div>Indice pol\u00edtico.com.<\/div>\n<div>La Pol\u00edtica OnLine.com<\/div>\n<div>MxPolitico.net NoticiasMx<\/div>\n<div>WhatsApp. 6681640391 m\u00e1ndanos un mensaje y recibe nuestra informaci\u00f3n<\/div>\n","protected":false},"excerpt":{"rendered":"<p>TRANSICION\u00a0 La \u00fanica verdad es la realidad; todo lo dem\u00e1s puede ser falseable\u2026(Arist\u00f3teles) Oswaldo Villase\u00f1or Insistimos. En M\u00e9xico hay que hacer un estudio antropol\u00f3gico para entender que le pasa a la gente. El gobierno federal a trav\u00e9s de Poder Legislativo est\u00e1 a punto de consumar el mayor atraco cometido en la historia y los millones de perjudicados viven en el limbo. No pasa nada. Ayer, el Senador Gerardo Fern\u00e1ndez Noro\u00f1a afirm\u00f3 que las reformas a la ley de INFONAVIT ser\u00e1n aprobadas a m\u00e1s tardar el pr\u00f3ximo martes, pese a quien le pese y se oponga quien se oponga. Con la [&hellip;]<\/p>\n","protected":false},"author":3,"featured_media":112183,"comment_status":"open","ping_status":"open","sticky":false,"template":"","format":"standard","meta":{"_jetpack_newsletter_access":"","_jetpack_dont_email_post_to_subs":false,"_jetpack_newsletter_tier_id":0,"_jetpack_memberships_contains_paywalled_content":false,"_jetpack_feature_clip_id":0,"_jetpack_memberships_contains_paid_content":false,"footnotes":"","jetpack_publicize_message":"","jetpack_publicize_feature_enabled":true,"jetpack_social_post_already_shared":true,"jetpack_social_options":{"image_generator_settings":{"template":"highway","default_image_id":0,"font":"","enabled":false},"version":2},"jetpack_post_was_ever_published":false},"categories":[91],"tags":[],"class_list":["post-114098","post","type-post","status-publish","format-standard","has-post-thumbnail","hentry","category-transicion","post--single"],"jetpack_publicize_connections":[],"jetpack_featured_media_url":"https:\/\/ovelanalista.com\/wp-content\/uploads\/2025\/01\/WhatsApp-Image-2025-01-13-at-20.09.33.jpeg","jetpack_sharing_enabled":true,"_links":{"self":[{"href":"https:\/\/ovelanalista.com\/index.php?rest_route=\/wp\/v2\/posts\/114098","targetHints":{"allow":["GET"]}}],"collection":[{"href":"https:\/\/ovelanalista.com\/index.php?rest_route=\/wp\/v2\/posts"}],"about":[{"href":"https:\/\/ovelanalista.com\/index.php?rest_route=\/wp\/v2\/types\/post"}],"author":[{"embeddable":true,"href":"https:\/\/ovelanalista.com\/index.php?rest_route=\/wp\/v2\/users\/3"}],"replies":[{"embeddable":true,"href":"https:\/\/ovelanalista.com\/index.php?rest_route=%2Fwp%2Fv2%2Fcomments&post=114098"}],"version-history":[{"count":1,"href":"https:\/\/ovelanalista.com\/index.php?rest_route=\/wp\/v2\/posts\/114098\/revisions"}],"predecessor-version":[{"id":114101,"href":"https:\/\/ovelanalista.com\/index.php?rest_route=\/wp\/v2\/posts\/114098\/revisions\/114101"}],"wp:featuredmedia":[{"embeddable":true,"href":"https:\/\/ovelanalista.com\/index.php?rest_route=\/wp\/v2\/media\/112183"}],"wp:attachment":[{"href":"https:\/\/ovelanalista.com\/index.php?rest_route=%2Fwp%2Fv2%2Fmedia&parent=114098"}],"wp:term":[{"taxonomy":"category","embeddable":true,"href":"https:\/\/ovelanalista.com\/index.php?rest_route=%2Fwp%2Fv2%2Fcategories&post=114098"},{"taxonomy":"post_tag","embeddable":true,"href":"https:\/\/ovelanalista.com\/index.php?rest_route=%2Fwp%2Fv2%2Ftags&post=114098"}],"curies":[{"name":"wp","href":"https:\/\/api.w.org\/{rel}","templated":true}]}}