{"id":114100,"date":"2025-02-13T09:03:44","date_gmt":"2025-02-13T16:03:44","guid":{"rendered":"https:\/\/ovelanalista.com\/?p=114100"},"modified":"2025-02-13T09:03:44","modified_gmt":"2025-02-13T16:03:44","slug":"la-corrupcion-no-desaparece-por-discuro","status":"publish","type":"post","link":"https:\/\/ovelanalista.com\/?p=114100","title":{"rendered":"\u201cLa corrupci\u00f3n no desaparece por discuro\u201d"},"content":{"rendered":"<p class=\"x_ydp7fd17f88MsoNormal\"><strong>Francisco Garfias.<\/strong><\/p>\n<p class=\"x_ydp7fd17f88MsoNormal\">El discurso de \u201cse acab\u00f3 la corrupci\u00f3n\u201d, que nos recetan en las ma\u00f1aneras desde el 2018, es pura palabrer\u00eda. Estamos peor que nunca, seg\u00fan datos publicados el pasado lunes por Transparencia Internacional.<\/p>\n<p class=\"x_ydp7fd17f88MsoNormal\">Mucho ha dado de que hablar que M\u00e9xico haya obtenido la peor calificaci\u00f3n de toda su historia en el \u00cdndice de Percepci\u00f3n de la Corrupci\u00f3n 2024.<\/p>\n<p class=\"x_ydp7fd17f88MsoNormal\">Obtuvo s\u00f3lo 26 puntos de 100 posibles. Cero equivale a mucha corrupci\u00f3n y 100 a muy baja corrupci\u00f3n. Ocupamos la posici\u00f3n 140 de 180,\u00a0\u00a0muy por debajo de Uruguay (76); Canad\u00e1 (75); y Barbados (68);\u00a0\u00a0los mejor calificados de Am\u00e9rica.<\/p>\n<p class=\"x_ydp7fd17f88MsoNormal\">\u201cSon 37 lugares m\u00e1s abajo que hace una d\u00e9cada\u201d, asegur\u00f3 en redes sociales Mar\u00eda Amparo Casar, presidenta de Mexicanos contra la Corrupci\u00f3n.<\/p>\n<p class=\"x_ydp7fd17f88MsoNormal\">***<\/p>\n<p class=\"x_ydp7fd17f88MsoNormal\">La Jefa del Ejecutivo, Claudia Sheinbaum, tiene \u201cotros datos\u201d.\u00a0\u00a0Dice que \u201cafortunadamente\u201d la percepci\u00f3n de la sociedad mexicana es distinta.<\/p>\n<p class=\"x_ydp7fd17f88MsoNormal\">\u201c\u00bfC\u00f3mo puede explicarse que la recaudaci\u00f3n se duplic\u00f3 casi del 18 al 24 sin una reforma fiscal?\u201d Pregunt\u00f3.<\/p>\n<p class=\"x_ydp7fd17f88MsoNormal\">Para luego asegurar: \u201cse acabaron los privilegios,\u00a0se acab\u00f3 la corrupci\u00f3n, todav\u00eda hay espacios ah\u00ed donde podemos seguir rescatando recursos, pero hubo un avance muy importante.\u201d<\/p>\n<p class=\"x_ydp7fd17f88MsoNormal\">Los datos de Transparencia fueron utilizados por la oposici\u00f3n para responder al discurso de la presidenta.<\/p>\n<p class=\"x_ydp7fd17f88MsoNormal\">El\u00edas Lixa, l\u00edder de la bancada del PAN, dijo que la corrupci\u00f3n no desaparece por discurso, mucho menos por decreto.<\/p>\n<p class=\"x_ydp7fd17f88MsoNormal\">\u201cYo les har\u00eda el llamado a que, a partir de este momento, agarren esos n\u00fameros y asuman el reto de bajar los indicadores de corrupci\u00f3n, en vez de maquillar los n\u00fameros.\u201d<\/p>\n<p class=\"x_ydp7fd17f88MsoNormal\">Rub\u00e9n Moreira, coordinador de la bancada del PRI en San L\u00e1zaro, fue menos severo:<\/p>\n<p class=\"x_ydp7fd17f88MsoNormal\">\u201cTodos tenemos que trabajar para que esto disminuya, porque nos hace menos competitivos. Si se quiere ser activo a favor de tener una mejor imagen, pues a trabajar en el tema.\u201d<\/p>\n<p class=\"x_ydp7fd17f88MsoNormal\">En la trinchera de enfrente, Ricardo Monreal, l\u00edder de la mayor\u00eda en San L\u00e1zaro, descalific\u00f3 el Indice de Corrupci\u00f3n:<\/p>\n<p class=\"x_ydp7fd17f88MsoNormal\">\u201cNo coincido con esa medici\u00f3n, pues la lucha que ha emprendido la doctora Claudia Sheinbaum contra la corrupci\u00f3n es real, muy fuerte.\u201d<\/p>\n<p class=\"x_ydp7fd17f88MsoNormal\">Y m\u00e1s adelante: \u201cno cerramos los ojos a la realidad. La lucha contra la corrupci\u00f3n no termina. La presidenta est\u00e1 haciendo un gran esfuerzo, y yo estoy seguro que lo vamos a lograr juntos.\u201d<\/p>\n<p class=\"x_ydp7fd17f88MsoNormal\">Transparencia es una organzaci\u00f3n internacional no gubernamental, dedicada a combatir la corrupci\u00f3n desde su fundaci\u00f3n en 1993. Ha sido reconocida ampliamente por colocar la lucha contra ese flagelo en la agenda global.<\/p>\n<p class=\"x_ydp7fd17f88MsoNormal\">***<\/p>\n<p class=\"x_ydp7fd17f88MsoNormal\">Este mi\u00e9rcoles fueron cesados el secretario de datos personales del INAI, Jonathan Mendoza Iserte, y el director general de sanciones en la secretaria de datos personales, Miguel Novoa.<\/p>\n<p class=\"x_ydp7fd17f88MsoNormal\">Ambos fueron involucrados en una supuesta extorsi\u00f3n a la Federacion Mexicana de Futbol durante una comida celebrada en enero del 2023.<\/p>\n<p class=\"x_ydp7fd17f88MsoNormal\">Seg\u00fan denuncia presentada por la Femexfut dos a\u00f1os despu\u00e9s, los funcionarios habr\u00edan ofrecido bajar la multa de 23 millones impuesta a la Femexfut por recabar \u2013sin autorizaci\u00f3n\u2013, datos biom\u00e9tricos de los aficionados para el famoso Fan ID.<\/p>\n<p class=\"x_ydp7fd17f88MsoNormal\">A cambio habr\u00edan solicitado boletos para el Mundial y la contrataci\u00f3n de un despacho aliado.<\/p>\n<p class=\"x_ydp7fd17f88MsoNormal\">Ambos funcionarios niegan tajantemente la extorsi\u00f3n. Juran que no asistieron a la mencionada comida.<\/p>\n<p class=\"x_ydp7fd17f88MsoNormal\">Orozco calific\u00f3 de \u201cjuicio sumario\u201d el proceso que culmin\u00f3 con su destituci\u00f3n. Dice que sus verdugos violaron la presunci\u00f3n de inocencia y el debido proceso (El Universal, 12-02-25).<\/p>\n<p class=\"x_ydp7fd17f88MsoNormal\">Asegura que no le dieron oportunidad de defenderse y que su destituci\u00f3n de bas\u00f3 en juicios de valor y aseveraciones sin pruebas. Tomar\u00e1 acciones legales para defenderse.<\/p>\n<p class=\"x_ydp7fd17f88MsoNormal\">El INAI, por cierto, est\u00e1 en los estertores. Se extingue en algunos d\u00edas. De la transparencia, el acceso a la informaci\u00f3n y la protecci\u00f3n de datos personales se encargara el gobierno. \u00a1Gulp!<\/p>\n<p class=\"x_ydp7fd17f88MsoNormal\">***<\/p>\n<p class=\"x_ydp7fd17f88MsoNormal\">Carambola de dos bandas en la UNAM. N\u00e9stor Mart\u00ednez Cristo dej\u00f3 la direcci\u00f3n general de Comunicaci\u00f3n Social de la m\u00e1xima casa de estudios, cargo que ocup\u00f3 desde los tiempos de Juan Ram\u00f3n de la\u00a0\u00a0Fuente. Fue designado coordinador de Proyectos Especiales de la Rector\u00eda.<\/p>\n<p class=\"x_ydp7fd17f88MsoNormal\">En su lugar, entra Mauricio L\u00f3pez Vel\u00e1zquez, quien hasta ayer se desempe\u00f1aba como director del Programa de Vinculaci\u00f3n con Egresados y Acad\u00e9micos Jubilados. Un buen relevo. Enhorabuena a los dos.<\/p>\n<div><strong>FIN. \u00a0 \u00a0 \u00a0 \u00a0<\/strong><\/div>\n","protected":false},"excerpt":{"rendered":"<p>Francisco Garfias. El discurso de \u201cse acab\u00f3 la corrupci\u00f3n\u201d, que nos recetan en las ma\u00f1aneras desde el 2018, es pura palabrer\u00eda. Estamos peor que nunca, seg\u00fan datos publicados el pasado lunes por Transparencia Internacional. Mucho ha dado de que hablar que M\u00e9xico haya obtenido la peor calificaci\u00f3n de toda su historia en el \u00cdndice de Percepci\u00f3n de la Corrupci\u00f3n 2024. Obtuvo s\u00f3lo 26 puntos de 100 posibles. Cero equivale a mucha corrupci\u00f3n y 100 a muy baja corrupci\u00f3n. Ocupamos la posici\u00f3n 140 de 180,\u00a0\u00a0muy por debajo de Uruguay (76); Canad\u00e1 (75); y Barbados (68);\u00a0\u00a0los mejor calificados de Am\u00e9rica. \u201cSon 37 [&hellip;]<\/p>\n","protected":false},"author":3,"featured_media":104284,"comment_status":"open","ping_status":"open","sticky":false,"template":"","format":"standard","meta":{"_jetpack_newsletter_access":"","_jetpack_dont_email_post_to_subs":false,"_jetpack_newsletter_tier_id":0,"_jetpack_memberships_contains_paywalled_content":false,"_jetpack_feature_clip_id":0,"_jetpack_memberships_contains_paid_content":false,"footnotes":"","jetpack_publicize_message":"","jetpack_publicize_feature_enabled":true,"jetpack_social_post_already_shared":true,"jetpack_social_options":{"image_generator_settings":{"template":"highway","default_image_id":0,"font":"","enabled":false},"version":2},"jetpack_post_was_ever_published":false},"categories":[79],"tags":[],"class_list":["post-114100","post","type-post","status-publish","format-standard","has-post-thumbnail","hentry","category-columnistas-nacionales","post--single"],"jetpack_publicize_connections":[],"jetpack_featured_media_url":"https:\/\/ovelanalista.com\/wp-content\/uploads\/2024\/09\/Garfias-5-2.jpg","jetpack_sharing_enabled":true,"_links":{"self":[{"href":"https:\/\/ovelanalista.com\/index.php?rest_route=\/wp\/v2\/posts\/114100","targetHints":{"allow":["GET"]}}],"collection":[{"href":"https:\/\/ovelanalista.com\/index.php?rest_route=\/wp\/v2\/posts"}],"about":[{"href":"https:\/\/ovelanalista.com\/index.php?rest_route=\/wp\/v2\/types\/post"}],"author":[{"embeddable":true,"href":"https:\/\/ovelanalista.com\/index.php?rest_route=\/wp\/v2\/users\/3"}],"replies":[{"embeddable":true,"href":"https:\/\/ovelanalista.com\/index.php?rest_route=%2Fwp%2Fv2%2Fcomments&post=114100"}],"version-history":[{"count":1,"href":"https:\/\/ovelanalista.com\/index.php?rest_route=\/wp\/v2\/posts\/114100\/revisions"}],"predecessor-version":[{"id":114102,"href":"https:\/\/ovelanalista.com\/index.php?rest_route=\/wp\/v2\/posts\/114100\/revisions\/114102"}],"wp:featuredmedia":[{"embeddable":true,"href":"https:\/\/ovelanalista.com\/index.php?rest_route=\/wp\/v2\/media\/104284"}],"wp:attachment":[{"href":"https:\/\/ovelanalista.com\/index.php?rest_route=%2Fwp%2Fv2%2Fmedia&parent=114100"}],"wp:term":[{"taxonomy":"category","embeddable":true,"href":"https:\/\/ovelanalista.com\/index.php?rest_route=%2Fwp%2Fv2%2Fcategories&post=114100"},{"taxonomy":"post_tag","embeddable":true,"href":"https:\/\/ovelanalista.com\/index.php?rest_route=%2Fwp%2Fv2%2Ftags&post=114100"}],"curies":[{"name":"wp","href":"https:\/\/api.w.org\/{rel}","templated":true}]}}