{"id":114104,"date":"2025-02-13T09:20:13","date_gmt":"2025-02-13T16:20:13","guid":{"rendered":"https:\/\/ovelanalista.com\/?p=114104"},"modified":"2025-02-13T09:07:44","modified_gmt":"2025-02-13T16:07:44","slug":"la-cabeza-metida-en-el-refrigerador","status":"publish","type":"post","link":"https:\/\/ovelanalista.com\/?p=114104","title":{"rendered":"La cabeza metida en el refrigerador"},"content":{"rendered":"<p><strong>La Espinita<\/strong><\/p>\n<p><strong>Andy S. K. Brown<\/strong><\/p>\n<ul>\n<li>La cabeza metida en el refrigerador<\/li>\n<li>J. R. De la Fuente, censor de la 4T<\/li>\n<li>Por Trivagos aument\u00f3 la corrupci\u00f3n<\/li>\n<\/ul>\n<p>&nbsp;<\/p>\n<p>Tanto ha repetido en las \u00faltimas semanas que ella act\u00faa con \u201ccabeza fr\u00eda\u201d que, muchas veces, da la impresi\u00f3n de que la tiene metida en el refrigerador.<\/p>\n<p>De ser as\u00ed, ya es hora de que la saque, antes de que se le congelen las neuronas y cristalicen las sinapsis, porque esa frialdad contrasta diametralmente con los candentes amagos de su contraparte estadounidense que, cada d\u00eda, la pilla con una nueva dolorosa sorpresa.<\/p>\n<p>Ayer, apenas, la Casa Blanca dio a conocer que los aranceles ya anunciado y que muy posiblemente impondr\u00e1 al acero y el aluminio a partir de mediados de marzo no ser\u00e1n del 25, sino del 50 por ciento.<\/p>\n<p>Y con la \u201ccabeza fr\u00eda\u201d ella anunci\u00f3 el env\u00edo de una carta a Pennsylvania 1600 en DC.<\/p>\n<p>El gobiernito cuatrotero que encabeza formalmente la se\u00f1ora Claudia Sheinbaum s\u00f3lo ha desplegado estrategias reactivas.<\/p>\n<p>Tanto as\u00ed que, si la relaci\u00f3n con el nuevo gobierno de Donald Trump fuese un match de tenis, ella nunca har\u00eda un saque; s\u00f3lo contesta las r\u00e1pidas pelotas que le lanzan.<\/p>\n<p>Ojal\u00e1 la se\u00f1ora presidente formal ya saque la cabeza del refrigerador y prenda el horno, atice la hoguera, de la defensa de la soberan\u00eda que, hasta hoy, s\u00f3lo ha sido verbalizada, porque en sus \u201cma\u00f1aneras\u201d ella y Marcelo Ebrard parecieran estar m\u00e1s preocupados por los consumidores del pa\u00eds vecino que por los trabajadores del nuestro.<\/p>\n<p>Y mientras, EU seguir\u00e1 amagando con aviones y embarcaciones esp\u00edas. E imponiendo los aranceles que le vengan en gana al peculiar mandatario gringo.<\/p>\n<p>* * *<\/p>\n<p>La egolatr\u00eda y soberbia del ahora canciller Juan Ram\u00f3n de la Fuente es directamente proporcional a sus ya manifiestas incapacidades para ocupar la titularidad de la Secretar\u00eda de Relaciones Exteriores.<\/p>\n<p>Siempre pendiente de todo aquello que se publica en los medios sobre su persona, ahora rebas\u00f3 sus proverbiales arranques de ira cuando, seg\u00fan \u00e9l, se le trataba mal en los escritos o en las transmisiones de radio y televisi\u00f3n, para esta vez ejercer la censura previa.<\/p>\n<p>Su v\u00edctima fue el embajador en retiro Agust\u00edn Guti\u00e9rrez Canet a quien el diario El Universal no le public\u00f3 su m\u00e1s reciente art\u00edculo, en el que seguramente criticaba al ex rector de la UNAM.<\/p>\n<p>&nbsp;<\/p>\n<p><img loading=\"lazy\" decoding=\"async\" class=\"aligncenter size-full wp-image-503391\" src=\"https:\/\/indicepolitico.com\/wp-content\/uploads\/2025\/02\/con-la-cabeza-en-el-refrigerador.jpg\" sizes=\"auto, (max-width: 534px) 100vw, 534px\" srcset=\"https:\/\/indicepolitico.com\/wp-content\/uploads\/2025\/02\/con-la-cabeza-en-el-refrigerador.jpg 534w, https:\/\/indicepolitico.com\/wp-content\/uploads\/2025\/02\/con-la-cabeza-en-el-refrigerador-300x168.jpg 300w\" alt=\"\" width=\"534\" height=\"299\" data-pin-no-hover=\"true\" \/><\/p>\n<p>Al respecto, un lector de esta aguda Espinita sostiene que \u201cseguramente, la vacuna Patria que le inyectaron a Juan Ram\u00f3n caus\u00f3 que se fuera de lado, que ya no reaccione normalmente, pues ya se contagi\u00f3 del letal amlo-virus que nubla la raz\u00f3n.\u201d<\/p>\n<p>Otra versi\u00f3n apunta que, por ser habitual de las francachelas del editor de aquel diario, desde ah\u00ed protegieron a quien cree ser canciller.<\/p>\n<p>* * *<\/p>\n<p>Ca\u00edda en picada en materia de percepci\u00f3n de la corrupci\u00f3n sufri\u00f3 el pa\u00eds en 2024 \u2013aunque realmente fue el gobierno de la 4T\u2013, de acuerdo con Transparencia Internacional.<\/p>\n<p>\u00a1M\u00e1s corrupto el final del gobierno de AMLO que el de EPN!<\/p>\n<p>Y eso ya es mucho decir.<\/p>\n<p>Anote usted entre las causas al caso Segalmex, pero sobre todo la participaci\u00f3n de los hijos y parientes de L\u00f3pez Obrador exhibidos en su participaci\u00f3n de gran cantidad de negocios con el gobierno que encabez\u00f3 su padre, tales como la corrupta venta de medicamentos a las instituciones de salud p\u00fablica (IMSS, ISSSTE, SSA, etc.) hasta al triple de su verdadero costo; los \u201cbisnes\u201d en el Tren Maya, en el AIFA, en la refiner\u00eda Olmeca, en el Trans\u00edstmico\u2026<\/p>\n<p>Y ahora hasta nos enteramos, gracias al periodista Dar\u00edo Celis, que ya hasta \u201cBobby\u201d liderea una instituci\u00f3n financiera: Value, que fuera fundada por el ya desaparecido Carlos Bremer.<\/p>\n<p>Tienen dinero hasta de sobra. Colas que les pisen, tambi\u00e9n.<\/p>\n<p>@AndySKBrown1<\/p>\n","protected":false},"excerpt":{"rendered":"<p>La Espinita Andy S. K. Brown La cabeza metida en el refrigerador J. R. De la Fuente, censor de la 4T Por Trivagos aument\u00f3 la corrupci\u00f3n &nbsp; Tanto ha repetido en las \u00faltimas semanas que ella act\u00faa con \u201ccabeza fr\u00eda\u201d que, muchas veces, da la impresi\u00f3n de que la tiene metida en el refrigerador. De ser as\u00ed, ya es hora de que la saque, antes de que se le congelen las neuronas y cristalicen las sinapsis, porque esa frialdad contrasta diametralmente con los candentes amagos de su contraparte estadounidense que, cada d\u00eda, la pilla con una nueva dolorosa sorpresa. Ayer, [&hellip;]<\/p>\n","protected":false},"author":3,"featured_media":89493,"comment_status":"open","ping_status":"open","sticky":false,"template":"","format":"standard","meta":{"_jetpack_newsletter_access":"","_jetpack_dont_email_post_to_subs":false,"_jetpack_newsletter_tier_id":0,"_jetpack_memberships_contains_paywalled_content":false,"_jetpack_feature_clip_id":0,"_jetpack_memberships_contains_paid_content":false,"footnotes":"","jetpack_publicize_message":"","jetpack_publicize_feature_enabled":true,"jetpack_social_post_already_shared":true,"jetpack_social_options":{"image_generator_settings":{"template":"highway","default_image_id":0,"font":"","enabled":false},"version":2},"jetpack_post_was_ever_published":false},"categories":[79],"tags":[],"class_list":["post-114104","post","type-post","status-publish","format-standard","has-post-thumbnail","hentry","category-columnistas-nacionales","post--single"],"jetpack_publicize_connections":[],"jetpack_featured_media_url":"https:\/\/ovelanalista.com\/wp-content\/uploads\/2024\/01\/Andy-S.-K.-Brown.jpeg","jetpack_sharing_enabled":true,"_links":{"self":[{"href":"https:\/\/ovelanalista.com\/index.php?rest_route=\/wp\/v2\/posts\/114104","targetHints":{"allow":["GET"]}}],"collection":[{"href":"https:\/\/ovelanalista.com\/index.php?rest_route=\/wp\/v2\/posts"}],"about":[{"href":"https:\/\/ovelanalista.com\/index.php?rest_route=\/wp\/v2\/types\/post"}],"author":[{"embeddable":true,"href":"https:\/\/ovelanalista.com\/index.php?rest_route=\/wp\/v2\/users\/3"}],"replies":[{"embeddable":true,"href":"https:\/\/ovelanalista.com\/index.php?rest_route=%2Fwp%2Fv2%2Fcomments&post=114104"}],"version-history":[{"count":1,"href":"https:\/\/ovelanalista.com\/index.php?rest_route=\/wp\/v2\/posts\/114104\/revisions"}],"predecessor-version":[{"id":114106,"href":"https:\/\/ovelanalista.com\/index.php?rest_route=\/wp\/v2\/posts\/114104\/revisions\/114106"}],"wp:featuredmedia":[{"embeddable":true,"href":"https:\/\/ovelanalista.com\/index.php?rest_route=\/wp\/v2\/media\/89493"}],"wp:attachment":[{"href":"https:\/\/ovelanalista.com\/index.php?rest_route=%2Fwp%2Fv2%2Fmedia&parent=114104"}],"wp:term":[{"taxonomy":"category","embeddable":true,"href":"https:\/\/ovelanalista.com\/index.php?rest_route=%2Fwp%2Fv2%2Fcategories&post=114104"},{"taxonomy":"post_tag","embeddable":true,"href":"https:\/\/ovelanalista.com\/index.php?rest_route=%2Fwp%2Fv2%2Ftags&post=114104"}],"curies":[{"name":"wp","href":"https:\/\/api.w.org\/{rel}","templated":true}]}}