{"id":114122,"date":"2025-02-13T10:50:05","date_gmt":"2025-02-13T17:50:05","guid":{"rendered":"https:\/\/ovelanalista.com\/?p=114122"},"modified":"2025-02-13T10:50:05","modified_gmt":"2025-02-13T17:50:05","slug":"golpe-a-los-chapitos-en-sinaloa-10-cateos-5-detenidos-10-autos-asegurados","status":"publish","type":"post","link":"https:\/\/ovelanalista.com\/?p=114122","title":{"rendered":"Golpe a &#8220;Los Chapitos&#8221; en Sinaloa: 10 cateos, 5 detenidos, 10 autos asegurados"},"content":{"rendered":"<p>Fuerzas federales realizaron cateos simult\u00e1neos en inmuebles vinculados a la facci\u00f3n del C\u00e1rtel de Sinaloa en Culiac\u00e1n, Mazatl\u00e1n y Rosario.<\/p>\n<div class=\"mainWrap\">\n<div class=\"BlocksPage-mainHead\">\n<div class=\"BlockWrap\">\n<article class=\"first-block\">Autoridades federales dieron un golpe a la organizaci\u00f3n delictiva de &#8220;Los Chapitos&#8221;, facci\u00f3n del C\u00e1rtel de Sinaloa.<\/p>\n<p>Efectuaron 10 cateos simul\u00e1neos en los municipios de Culiac\u00e1n, Mazatl\u00e1n y Rosario, Sinaloa, con saldo de 5 personas detenidas, 13 armas de fuego aseguradas y 10 veh\u00edculos decomisados.<\/p>\n<p>Entre los detenidos figura Brayan Paul Vega Valdez, alias &#8220;El Wero Brayan\u201d, identificado por las autoridades como distribuidor de drogas y sicario, generador de violencia y operador de una c\u00e9lula delictiva de &#8220;Los Chapitos&#8221;.<\/p>\n<p>&#8220;Estas acciones son resultado de trabajos de an\u00e1lisis y seguimiento sobre una c\u00e9lula criminal vinculada a un grupo delictivo en Sinaloa, donde los agentes de seguridad reunieron los elementos de prueba suficientes con los que un Juez de Control otorg\u00f3 los mandamientos ministeriales&#8221;, inform\u00f3 el Gabinete de Seguridad.<\/p>\n<p>Como resultado de trabajos de inteligencia, agentes de la Secretar\u00eda de Seguridad, Defensa, Marina y Fiscal\u00eda General de la Rep\u00fablica catearon seis inmuebles en el municipio de Culiac\u00e1n, dos en Mazatl\u00e1n y dos m\u00e1s en Rosario.<\/p>\n<p>En dichas acciones fueron detenidas cinco personas (dos hombres y tres mujeres) y se aseguraron 10 veh\u00edculos, 3 de ellos con blindaje, as\u00ed como 13 armas de fuego, incluidos dos fusiles Barret y dos ametralladoras.<\/p>\n<p>Tambi\u00e9n se decomisaron cartuchos \u00fatiles, cargadores, 31 cajas de cartuchos calibre 50, cartuchos \u00fatiles de diferentes calibres, 12 granadas, un lanzagranadas, dinero en efectivo, equipo t\u00e1ctico y documentaci\u00f3n diversa.<\/p>\n<div class=\"Enhancement\">\n<div class=\"Enhancement-item\" data-enhancementwell=\"\">\n<figure class=\"ArticleLeadFigure\"><img loading=\"lazy\" decoding=\"async\" class=\" lazyloaded\" src=\"https:\/\/cdn-3.expansion.mx\/dims4\/default\/896ba72\/2147483647\/strip\/true\/crop\/1520x746+0+0\/resize\/1200x589!\/format\/webp\/quality\/60\/?url=https%3A%2F%2Fcdn-3.expansion.mx%2Ffc%2F44%2F7152342f443886bd0f118b571a31%2Fcamioneta.jpeg\" srcset=\"https:\/\/cdn-3.expansion.mx\/dims4\/default\/896ba72\/2147483647\/strip\/true\/crop\/1520x746+0+0\/resize\/1200x589!\/format\/webp\/quality\/60\/?url=https%3A%2F%2Fcdn-3.expansion.mx%2Ffc%2F44%2F7152342f443886bd0f118b571a31%2Fcamioneta.jpeg 1x\" alt=\"\" width=\"1200\" height=\"589\" data-src=\"https:\/\/cdn-3.expansion.mx\/dims4\/default\/896ba72\/2147483647\/strip\/true\/crop\/1520x746+0+0\/resize\/1200x589!\/format\/webp\/quality\/60\/?url=https%3A%2F%2Fcdn-3.expansion.mx%2Ffc%2F44%2F7152342f443886bd0f118b571a31%2Fcamioneta.jpeg\" data-srcset=\"https:\/\/cdn-3.expansion.mx\/dims4\/default\/896ba72\/2147483647\/strip\/true\/crop\/1520x746+0+0\/resize\/1200x589!\/format\/webp\/quality\/60\/?url=https%3A%2F%2Fcdn-3.expansion.mx%2Ffc%2F44%2F7152342f443886bd0f118b571a31%2Fcamioneta.jpeg 1x\" \/><\/figure>\n<\/div>\n<\/div>\n<p>&#8220;Cabe se\u00f1alar que entre los detenidos se encuentra Eric \u201cN\u201d, quien formaba parte de una c\u00e9lula delictiva vinculada con el tr\u00e1fico de droga y homicidios, adem\u00e1s cuenta con una orden de aprehensi\u00f3n por el delito de homicidio calificado, ya que se encuentra relacionado con el homicidio de una persona, ocurrido el 20 de abril del 2023, en una plaza comercial en la Ciudad de M\u00e9xico&#8221;, a\u00f1adi\u00f3 el Gabinete.<\/p>\n<p>Reportes de la SSPC indican que uno de los detenidos es Brayan Paul Vega Valdez, el &#8220;Wero Brayan\u201d, de 24 a\u00f1os de edad, distribuidor de drogas, sicario y operador de una c\u00e9lula delictiva perteneciente a Jorge Humberto Figueroa Ben\u00edtez, alias \u201cPerris&#8221; o &#8220;El 27\u201d, integrante del C\u00e1rtel del Pac\u00edfico facci\u00f3n \u201cLos Chapitos\u201d.<\/p>\n<p>Tambi\u00e9n fue detenido Eric Dom\u00ednguez Galv\u00e1n, de 27 a\u00f1os; es integrante de una c\u00e9lula delictiva dedicada al tr\u00e1fico de drogas, adem\u00e1s de ser sicario. Se le relaciona con el homicidio del integrante del c\u00e1rtel de \u201cLos Arellano F\u00e9lix\u201d, Julio C\u00e9sar Soto Meza, registrado en 2023 al interior de Plaza Carso, en la Ciudad de M\u00e9xico.<\/p>\n<p>Con informaci\u00f3n de Expansi\u00f3n<\/p>\n<\/article>\n<\/div>\n<\/div>\n<\/div>\n","protected":false},"excerpt":{"rendered":"<p>Fuerzas federales realizaron cateos simult\u00e1neos en inmuebles vinculados a la facci\u00f3n del C\u00e1rtel de Sinaloa en Culiac\u00e1n, Mazatl\u00e1n y Rosario. Autoridades federales dieron un golpe a la organizaci\u00f3n delictiva de &#8220;Los Chapitos&#8221;, facci\u00f3n del C\u00e1rtel de Sinaloa. Efectuaron 10 cateos simul\u00e1neos en los municipios de Culiac\u00e1n, Mazatl\u00e1n y Rosario, Sinaloa, con saldo de 5 personas detenidas, 13 armas de fuego aseguradas y 10 veh\u00edculos decomisados. Entre los detenidos figura Brayan Paul Vega Valdez, alias &#8220;El Wero Brayan\u201d, identificado por las autoridades como distribuidor de drogas y sicario, generador de violencia y operador de una c\u00e9lula delictiva de &#8220;Los Chapitos&#8221;. &#8220;Estas [&hellip;]<\/p>\n","protected":false},"author":3,"featured_media":114125,"comment_status":"open","ping_status":"open","sticky":false,"template":"","format":"standard","meta":{"_jetpack_newsletter_access":"","_jetpack_dont_email_post_to_subs":false,"_jetpack_newsletter_tier_id":0,"_jetpack_memberships_contains_paywalled_content":false,"_jetpack_feature_clip_id":0,"_jetpack_memberships_contains_paid_content":false,"footnotes":"","jetpack_publicize_message":"","jetpack_publicize_feature_enabled":true,"jetpack_social_post_already_shared":true,"jetpack_social_options":{"image_generator_settings":{"template":"highway","default_image_id":0,"font":"","enabled":false},"version":2},"jetpack_post_was_ever_published":false},"categories":[90,72],"tags":[],"class_list":["post-114122","post","type-post","status-publish","format-standard","has-post-thumbnail","hentry","category-estatal","category-portada","post--single"],"jetpack_publicize_connections":[],"jetpack_featured_media_url":"https:\/\/ovelanalista.com\/wp-content\/uploads\/2025\/02\/descarga-1.webp","jetpack_sharing_enabled":true,"_links":{"self":[{"href":"https:\/\/ovelanalista.com\/index.php?rest_route=\/wp\/v2\/posts\/114122","targetHints":{"allow":["GET"]}}],"collection":[{"href":"https:\/\/ovelanalista.com\/index.php?rest_route=\/wp\/v2\/posts"}],"about":[{"href":"https:\/\/ovelanalista.com\/index.php?rest_route=\/wp\/v2\/types\/post"}],"author":[{"embeddable":true,"href":"https:\/\/ovelanalista.com\/index.php?rest_route=\/wp\/v2\/users\/3"}],"replies":[{"embeddable":true,"href":"https:\/\/ovelanalista.com\/index.php?rest_route=%2Fwp%2Fv2%2Fcomments&post=114122"}],"version-history":[{"count":1,"href":"https:\/\/ovelanalista.com\/index.php?rest_route=\/wp\/v2\/posts\/114122\/revisions"}],"predecessor-version":[{"id":114126,"href":"https:\/\/ovelanalista.com\/index.php?rest_route=\/wp\/v2\/posts\/114122\/revisions\/114126"}],"wp:featuredmedia":[{"embeddable":true,"href":"https:\/\/ovelanalista.com\/index.php?rest_route=\/wp\/v2\/media\/114125"}],"wp:attachment":[{"href":"https:\/\/ovelanalista.com\/index.php?rest_route=%2Fwp%2Fv2%2Fmedia&parent=114122"}],"wp:term":[{"taxonomy":"category","embeddable":true,"href":"https:\/\/ovelanalista.com\/index.php?rest_route=%2Fwp%2Fv2%2Fcategories&post=114122"},{"taxonomy":"post_tag","embeddable":true,"href":"https:\/\/ovelanalista.com\/index.php?rest_route=%2Fwp%2Fv2%2Ftags&post=114122"}],"curies":[{"name":"wp","href":"https:\/\/api.w.org\/{rel}","templated":true}]}}