{"id":114801,"date":"2025-02-22T10:48:52","date_gmt":"2025-02-22T17:48:52","guid":{"rendered":"https:\/\/ovelanalista.com\/?p=114801"},"modified":"2025-02-22T10:48:52","modified_gmt":"2025-02-22T17:48:52","slug":"el-chantaje-de-el-mayo","status":"publish","type":"post","link":"https:\/\/ovelanalista.com\/?p=114801","title":{"rendered":"El chantaje de El Mayo"},"content":{"rendered":"<p class=\"name-person\"><strong>Francisco Garfias<\/strong><\/p>\n<p>En la carta de\u00a0<strong>El Mayo Zambada<\/strong>\u00a0veo impl\u00edcita la amenaza de soltarle a los gringos todo lo que sabe, si el gobierno de\u00a0<strong>Claudia Sheinbaum<\/strong>\u00a0no logra repatriarlo.<\/p>\n<p>\u201cDebe intervenir, a fin de que\u00a0el presente asunto no resulte en un colapso en la relaci\u00f3n bilateral\u00a0entre ambos pa\u00edses\u201d, advierte el narcotraficante, en una carta entregada por su asesor jur\u00eddico en el consulado de M\u00e9xico en Nueva York.<\/p>\n<p>La dio a conocer el peri\u00f3dico\u00a0<em>Reforma<\/em>.<\/p>\n<p>La misiva tiene un sesgo chantajista.\u00a0<strong>El Mayo<\/strong>\u00a0sostiene que su exigencia\u00a0\u201cno es opcional, ni puede ser interpretada como una cuesti\u00f3n de oportunidad pol\u00edtica o diplom\u00e1tica\u201d.<\/p>\n<p>Su exigencia la respalda en el hecho de que lo secuestraron en M\u00e9xico para ponerlo a disposici\u00f3n de las autoridades de EU de manera ilegal.<\/p>\n<p>Si no respetan sus derechos, advirti\u00f3, \u201cpol\u00edticos y funcionarios mexicanos tambi\u00e9n pueden ser secuestrados y trasladados ilegalmente a Estados Unidos.<\/p>\n<p>\u201cEsta exigencia \u2013prosigui\u00f3\u2013 no es opcional ni puede ser interpretada como una cuesti\u00f3n de oportunidad pol\u00edtica o diplom\u00e1tica\u201d.<\/p>\n<article class=\"node-content\">\n<div class=\"body-node\">\n<div class=\"field field-name-body field-type-text-with-summary field-label-hidden\">\n<div class=\"field-items\">\n<div class=\"field-item even\">\n<p>\u00bfNo le suena eso a que est\u00e1 listo para destapar las ca\u00f1er\u00edas pol\u00edticas si no lo trasladan a M\u00e9xico? Es pregunta.<\/p>\n<p>Francamente veo dif\u00edcil que los gringos lo suelten. Est\u00e1 acusado de homicidio, narcotr\u00e1fico a gran escala y lavado de dinero.<\/p>\n<p>Es un trofeo para el gobierno de\u00a0<strong>Trump<\/strong>, quien le declar\u00f3 la guerra a los c\u00e1rteles de la droga, al clasificarlos como organizaciones terroristas.<\/p>\n<p>Esto \u00faltimo puede implicar,\u00a0<em>in extremis<\/em>, intervenciones extraterritoriales.<\/p>\n<p>La fiscal\u00eda del caso no descarta sentenciarlo a la pena capital y \u00e9l lo sabe. Est\u00e1 asustado.<\/p>\n<p>\u201cEstados Unidos carece de legitimidad para imponerme una sanci\u00f3n tan grave como la pena de muerte\u201d, subraya.<\/p>\n<p>* La reacci\u00f3n de la presidenta\u00a0<strong>Sheinbaum<\/strong>\u00a0se inclin\u00f3 a favor de que se respeten los \u201cderechos\u201d de\u00a0<strong>El Mayo<\/strong>.<\/p>\n<p>\u201cM\u00e1s all\u00e1 de esta persona y los delitos que haya cometido, el asunto es un derecho de un ciudadano mexicano frente a ser juzgado all\u00e1, sin haber seguido el procedimiento\u201d, explic\u00f3.<\/p>\n<p>M\u00e1s adelante se apresur\u00f3 a aclarar: \u201cNadie est\u00e1 defendiendo al personaje, sino el hecho\u201d.<\/p>\n<p>* De la cascada de reacciones que el tema provoc\u00f3, destaca la de\u00a0<strong>Ricardo Monreal<\/strong>, l\u00edder de la bancada morenista en la C\u00e1mara de Diputados.<\/p>\n<p>Habl\u00f3 sin pelos en la lengua: \u201cEl Estado mexicano no puede admitir ning\u00fan chantaje, de ninguna persona, y menos de presuntos delincuentes\u201d.<\/p>\n<p>Aunque dijo que, en el caso del combate al crimen transnacional, debemos ser congruentes con la defensa de la legalidad y los derechos de las personas, \u201csin prejuzgar si han cometido delitos o no\u201d.<\/p>\n<p>No est\u00e1 de acuerdo en que viole la ley o se omita la defensa de ciudadanos mexicanos frente a actos ilegales de otros pa\u00edses, bajo el pretexto de que cometieron delitos.<\/p>\n<p>\u201cPor eso la decisi\u00f3n de la presidenta\u00a0<strong>Sheinbaum<\/strong>, de que se investigue y contin\u00fae la investigaci\u00f3n la Fiscal\u00eda General de la Rep\u00fablica, debe hacerse\u201d, puntualiz\u00f3.<\/p>\n<p>* El terrorismo se sum\u00f3 al cat\u00e1logo de delitos que ameritan prisi\u00f3n preventiva oficiosa. Otra se\u00f1al a\u00a0<strong>Trump<\/strong>\u00a0de que se acabaron los abrazos que\u00a0<strong>L\u00f3pez Obrador<\/strong>\u00a0puso de moda.<\/p>\n<p>La Presidenta no enga\u00f1a a nadie cuando dice que la medida no est\u00e1 relacionada con lo que hicieron Estados Unidos y Canad\u00e1: declarar a los c\u00e1rteles de la droga como organizaciones terroristas.<\/p>\n<p>Se necesita ser ingenuo para creer que fue una casualidad.<\/p>\n<p>* \u201cSer polic\u00eda es salir de tu casa y no saber si vas a regresar\u201d, dice la esposa de un polic\u00eda jubilado a investigadores de Causa en Com\u00fan, organizaci\u00f3n ciudadana dedicada, entre otras cosas, a defender a las v\u00edctimas.<\/p>\n<p>Ayer dio a conocer un informe sobre asesinatos de polic\u00edas en M\u00e9xico. El t\u00edtulo es elocuente: Radiograf\u00eda de un retraso cr\u00f3nico.<\/p>\n<p>Las cifras son apabullantes:<\/p>\n<p>Del 1 de octubre de 2024 \u2013cuando\u00a0<strong>Sheinbaum<\/strong>\u00a0asumi\u00f3 la Presidencia\u2013 al 20 de febrero de 2025, se han registrado, al menos, 164 asesinatos de polic\u00edas.<\/p>\n<p>Y en lo que va de 2025, van 70 polic\u00edas que han corrido la misma suerte. En promedio, uno cada d\u00eda.<\/p>\n<p>Pero vamos bien, dicen en Palacio Nacional.<\/p>\n<\/div>\n<\/div>\n<\/div>\n<p>&nbsp;<\/p>\n<p>&nbsp;<\/p>\n<\/div>\n<\/article>\n<div data-type=\"_mgwidget\" data-widget-id=\"1634864\" data-uid=\"0df3e\">\n<div id=\"mgw1634864_0df3e\" class=\"_mgw_1634864 _mgVideoBlock_1634864\" data-mgloaded=\"true\">\n<div>\n<div class=\"mgbox\">\n<div class=\"mgheader\"><\/div>\n<\/div>\n<\/div>\n<\/div>\n<\/div>\n","protected":false},"excerpt":{"rendered":"<p>Francisco Garfias En la carta de\u00a0El Mayo Zambada\u00a0veo impl\u00edcita la amenaza de soltarle a los gringos todo lo que sabe, si el gobierno de\u00a0Claudia Sheinbaum\u00a0no logra repatriarlo. \u201cDebe intervenir, a fin de que\u00a0el presente asunto no resulte en un colapso en la relaci\u00f3n bilateral\u00a0entre ambos pa\u00edses\u201d, advierte el narcotraficante, en una carta entregada por su asesor jur\u00eddico en el consulado de M\u00e9xico en Nueva York. La dio a conocer el peri\u00f3dico\u00a0Reforma. La misiva tiene un sesgo chantajista.\u00a0El Mayo\u00a0sostiene que su exigencia\u00a0\u201cno es opcional, ni puede ser interpretada como una cuesti\u00f3n de oportunidad pol\u00edtica o diplom\u00e1tica\u201d. Su exigencia la respalda en [&hellip;]<\/p>\n","protected":false},"author":3,"featured_media":104284,"comment_status":"open","ping_status":"open","sticky":false,"template":"","format":"standard","meta":{"_jetpack_newsletter_access":"","_jetpack_dont_email_post_to_subs":false,"_jetpack_newsletter_tier_id":0,"_jetpack_memberships_contains_paywalled_content":false,"_jetpack_feature_clip_id":0,"_jetpack_memberships_contains_paid_content":false,"footnotes":"","jetpack_publicize_message":"","jetpack_publicize_feature_enabled":true,"jetpack_social_post_already_shared":true,"jetpack_social_options":{"image_generator_settings":{"template":"highway","default_image_id":0,"font":"","enabled":false},"version":2},"jetpack_post_was_ever_published":false},"categories":[79],"tags":[],"class_list":["post-114801","post","type-post","status-publish","format-standard","has-post-thumbnail","hentry","category-columnistas-nacionales","post--single"],"jetpack_publicize_connections":[],"jetpack_featured_media_url":"https:\/\/ovelanalista.com\/wp-content\/uploads\/2024\/09\/Garfias-5-2.jpg","jetpack_sharing_enabled":true,"_links":{"self":[{"href":"https:\/\/ovelanalista.com\/index.php?rest_route=\/wp\/v2\/posts\/114801","targetHints":{"allow":["GET"]}}],"collection":[{"href":"https:\/\/ovelanalista.com\/index.php?rest_route=\/wp\/v2\/posts"}],"about":[{"href":"https:\/\/ovelanalista.com\/index.php?rest_route=\/wp\/v2\/types\/post"}],"author":[{"embeddable":true,"href":"https:\/\/ovelanalista.com\/index.php?rest_route=\/wp\/v2\/users\/3"}],"replies":[{"embeddable":true,"href":"https:\/\/ovelanalista.com\/index.php?rest_route=%2Fwp%2Fv2%2Fcomments&post=114801"}],"version-history":[{"count":1,"href":"https:\/\/ovelanalista.com\/index.php?rest_route=\/wp\/v2\/posts\/114801\/revisions"}],"predecessor-version":[{"id":114804,"href":"https:\/\/ovelanalista.com\/index.php?rest_route=\/wp\/v2\/posts\/114801\/revisions\/114804"}],"wp:featuredmedia":[{"embeddable":true,"href":"https:\/\/ovelanalista.com\/index.php?rest_route=\/wp\/v2\/media\/104284"}],"wp:attachment":[{"href":"https:\/\/ovelanalista.com\/index.php?rest_route=%2Fwp%2Fv2%2Fmedia&parent=114801"}],"wp:term":[{"taxonomy":"category","embeddable":true,"href":"https:\/\/ovelanalista.com\/index.php?rest_route=%2Fwp%2Fv2%2Fcategories&post=114801"},{"taxonomy":"post_tag","embeddable":true,"href":"https:\/\/ovelanalista.com\/index.php?rest_route=%2Fwp%2Fv2%2Ftags&post=114801"}],"curies":[{"name":"wp","href":"https:\/\/api.w.org\/{rel}","templated":true}]}}