{"id":114813,"date":"2025-02-24T09:25:42","date_gmt":"2025-02-24T16:25:42","guid":{"rendered":"https:\/\/ovelanalista.com\/?p=114813"},"modified":"2025-02-24T09:25:42","modified_gmt":"2025-02-24T16:25:42","slug":"el-carnaval-internacional-de-mazatlan-esta-en-riesgo","status":"publish","type":"post","link":"https:\/\/ovelanalista.com\/?p=114813","title":{"rendered":"El Carnaval Internacional de\u00a0\u00a0Mazatl\u00e1n\u00a0\u00bfest\u00e1 en riesgo?"},"content":{"rendered":"<p class=\"entry-title\"><strong>En el blanco por Fernando Zepeda H.<\/strong><\/p>\n<div class=\"td-module-meta-info\">\n<p><em><strong>*El Carnaval Internacional de\u00a0<a class=\"google-anno\" href=\"https:\/\/sinaloaenlinea.com\/en-el-blanco-por-fernando-zepeda-h-321\/#\" data-google-vignette=\"false\" data-google-interstitial=\"false\">\u00a0<span class=\"google-anno-t\">Mazatl\u00e1n<\/span><\/a>\u00a0\u00bfest\u00e1 en riesgo?<\/strong><\/em><br \/>\n<em><strong>*Guardia Nacional, Marina, Ejercito y polic\u00edas refuerzan operativos de seguridad en la zona hotelera de Mazatl\u00e1n<\/strong><\/em><br \/>\n<em><strong>*En Mazatl\u00e1n un reporte de alerta y dos homicidios a pesar de la intensa vigilancia<\/strong><\/em><br \/>\n<em><strong>*El efecto Zambada alcanza a otro Gobernador. El de Tamaulipas Am\u00e9rico Villarreal que tenia como \u201casesor honorifico\u201d al mism\u00edsimo abogado del capo<\/strong><\/em><br \/>\n<em><strong>*Estrella Palacios sabe que la inseguridad es un tema que no est\u00e1 en sus manos resolver. Se enfoca en lo realizable y responder a las prioridades de los ciudadanos<\/strong><\/em><\/p>\n<p class=\"google-anno-skip google-anno-sc\" tabindex=\"0\" role=\"link\" aria-label=\"Fiesta del Agave\" data-google-vignette=\"false\" data-google-interstitial=\"false\">\n<p><em><strong>El carnaval, \u00bfen riesgo?.<\/strong><\/em>\u00a0El Gobierno tiene claro que una eventual cancelaci\u00f3n del Carnaval Internacional de Mazatl\u00e1n, ser\u00eda un p\u00e9simo mensaje. Sus repercusiones no son solo regionales, son nacional e internacional. No es para nada parecido el hecho de que en\u00a0<a class=\"google-anno\" href=\"https:\/\/sinaloaenlinea.com\/en-el-blanco-por-fernando-zepeda-h-321\/#\" data-google-vignette=\"false\" data-google-interstitial=\"false\">\u00a0<span class=\"google-anno-t\">Culiac\u00e1n<\/span><\/a>\u00a0suspendieran la \u201cFeria Ganadera\u201d el a\u00f1o pasado. Lo que sucede en Mazatl\u00e1n trasciende toda clase de fronteras. Ese es el tema para el Gobierno, pues se exhibir\u00eda su incapacidad para brindar seguridad. Y probar\u00edan su fracaso en el combate a la inseguridad. En el libro del Gobierno no est\u00e1 para nada la posibilidad de una cancelaci\u00f3n del Carnaval de Mazatl\u00e1n. El otro factor es econ\u00f3mico.<\/p>\n<p><img loading=\"lazy\" decoding=\"async\" class=\"size-full wp-image-128350 alignnone\" src=\"https:\/\/sinaloaenlinea.com\/wp-content\/uploads\/2022\/02\/nuestras-ferias-un-carnaval-con-mucha-historia-0-130214.jpg\" sizes=\"auto, (max-width: 612px) 100vw, 612px\" srcset=\"https:\/\/sinaloaenlinea.com\/wp-content\/uploads\/2022\/02\/nuestras-ferias-un-carnaval-con-mucha-historia-0-130214.jpg 612w, https:\/\/sinaloaenlinea.com\/wp-content\/uploads\/2022\/02\/nuestras-ferias-un-carnaval-con-mucha-historia-0-130214-300x167.jpg 300w\" alt=\"\" width=\"612\" height=\"340\" \/><\/p>\n<p class=\"google-anno-skip google-anno-sc\" tabindex=\"0\" role=\"link\" aria-label=\"Fiesta del Agave\" data-google-vignette=\"false\" data-google-interstitial=\"false\">\n<p>En Mazatl\u00e1n no solo el sector hotelero, restaurantero y el comercio est\u00e1n afectados por esta violencia desatada desde el 9 de septiembre del a\u00f1o pasado. La afectaci\u00f3n ha llegado a otras actividades econ\u00f3micas del puerto. Por citar una de ellas, ah\u00ed est\u00e1 el transporte p\u00fablico, particularmente el de pulmon\u00edas. \u00bfSaben cu\u00e1ntos veh\u00edculos de esos han parado por incosteabilidad?. M\u00e1s de 300 unidades. Ley\u00f3 bien. Esas unidades est\u00e1n en buena parte resguardadas en las instalaciones de las dos organizaciones que representan a los pulmoneros. Otros en sus respectivos talleres y casas particulares.<\/p>\n<p><img loading=\"lazy\" decoding=\"async\" class=\"alignright size-large wp-image-192890\" src=\"https:\/\/sinaloaenlinea.com\/wp-content\/uploads\/2024\/12\/Pulmonias-1024x576.jpg\" sizes=\"auto, (max-width: 696px) 100vw, 696px\" srcset=\"https:\/\/sinaloaenlinea.com\/wp-content\/uploads\/2024\/12\/Pulmonias-1024x576.jpg 1024w, https:\/\/sinaloaenlinea.com\/wp-content\/uploads\/2024\/12\/Pulmonias-300x169.jpg 300w, https:\/\/sinaloaenlinea.com\/wp-content\/uploads\/2024\/12\/Pulmonias-768x432.jpg 768w, https:\/\/sinaloaenlinea.com\/wp-content\/uploads\/2024\/12\/Pulmonias-1536x864.jpg 1536w, https:\/\/sinaloaenlinea.com\/wp-content\/uploads\/2024\/12\/Pulmonias-2048x1152.jpg 2048w, https:\/\/sinaloaenlinea.com\/wp-content\/uploads\/2024\/12\/Pulmonias-747x420.jpg 747w, https:\/\/sinaloaenlinea.com\/wp-content\/uploads\/2024\/12\/Pulmonias-150x84.jpg 150w, https:\/\/sinaloaenlinea.com\/wp-content\/uploads\/2024\/12\/Pulmonias-696x392.jpg 696w, https:\/\/sinaloaenlinea.com\/wp-content\/uploads\/2024\/12\/Pulmonias-1068x601.jpg 1068w, https:\/\/sinaloaenlinea.com\/wp-content\/uploads\/2024\/12\/Pulmonias-1920x1080.jpg 1920w\" alt=\"\" width=\"696\" height=\"392\" \/><\/p>\n<p>\u00bfQu\u00e9 ha pasado con los trabajadores de esos veh\u00edculos?. Pues quedaron sin empleo. Lo mismo est\u00e1 pasando con quienes laboraban en el comercio y en el caso de los hoteles y restaurantes, sus propietarios los est\u00e1n \u201cdescansando\u201d por semanas, sin goce de sueldo y con la promesa de que al mejorar la situaci\u00f3n se les respetar\u00e1n sus trabajos y dem\u00e1s prestaciones. Para cientos de familias mazatlecas, el Carnaval representa la posibilidad de sobrevivir a esta grave crisis. Y est\u00e1 el lado de la seguridad a los ciudadanos.<\/p>\n<p><iframe loading=\"lazy\" title=\"YouTube video player\" src=\"https:\/\/www.youtube.com\/embed\/42LpLsw_LFc?si=JS-3dRij5LZsRtQ6\" width=\"100%\" height=\"315\" frameborder=\"0\" allowfullscreen=\"allowfullscreen\"><\/iframe><\/p>\n<p>Hace exactamente 15 a\u00f1os, precisamente el domingo de carnaval. Precisamente cuando miles de familias disfrutaban el desfile, se desat\u00f3 una estampida. Decenas de personas lesionadas, terror en los rostros de los asistentes, de quienes ocupaban los carros aleg\u00f3ricos, de las comparsas carnavaleras. El origen fueron el estruendo de unos cohetes que fueron confundidos por disparos y se desat\u00f3 la estampida. Hoy con una violencia que ha dado pruebas claras de que no se respeta la vida de ni\u00f1os, mujeres y ancianos. Hoy que, por m\u00e1s env\u00edos y concentraciones de militares en Mazatl\u00e1n y Culiac\u00e1n, los violentos no paran. No hay autoridad que garantice cabalmente la seguridad de los ciudadanos. \u00bfEntonces?. La pregunta que flota en el aire es: \u00bfHabr\u00e1 o no Carnaval?. \u00bfCu\u00e1l de los intereses tendr\u00e1 mayor peso?. El inter\u00e9s pol\u00edtico del Gobierno, el econ\u00f3mico de quienes necesitan reactivar su econom\u00eda o el de la seguridad. \u00bfCu\u00e1l?.<\/p>\n<p><em><strong><a class=\"google-anno\" href=\"https:\/\/sinaloaenlinea.com\/en-el-blanco-por-fernando-zepeda-h-321\/#\" data-google-vignette=\"false\" data-google-interstitial=\"false\">\u00a0<span class=\"google-anno-t\">Mazatl\u00e1n<\/span><\/a>\u00a0tres asesinatos y una alerta.<\/strong><\/em>\u00a0Desde la noche del pasado viernes se reporto una inusitada movilizaci\u00f3n de militares en una zona especifica del malec\u00f3n de Mazatl\u00e1n. M\u00e1s pronto de lo que se imaginan, se logr\u00f3 saber que la provoc\u00f3 la presencia de por lo menos dos mochilas dejadas cerca de dos de los monigotes carnavaleros. Uno entre el Malec\u00f3n y la calle que sube del Acuario Mazatl\u00e1n y el otro en la esquina de la calle Lola Beltr\u00e1n.<\/p>\n<p><iframe id=\"instagram-embed-0\" class=\"instagram-media instagram-media-rendered\" src=\"https:\/\/www.instagram.com\/reel\/DGXPTros952\/embed\/?cr=1&amp;v=14&amp;wp=1080&amp;rd=https%3A%2F%2Fsinaloaenlinea.com&amp;rp=%2Fen-el-blanco-por-fernando-zepeda-h-321%2F#%7B%22ci%22%3A0%2C%22os%22%3A5597%2C%22ls%22%3A3961.899999999907%2C%22le%22%3A5572.5%7D\" height=\"1073\" frameborder=\"0\" scrolling=\"no\" allowfullscreen=\"allowfullscreen\" data-instgrm-payload-id=\"instagram-media-payload-0\"><\/iframe>&nbsp;<\/p>\n<p>De inmediato por diversos lados nos hicieron llegar que se trat\u00f3 de una \u201cbroma\u201d. Que alguien quiso hacer algo grande. Pero en forma reiterada nos aseguraron que no hab\u00eda alg\u00fan artefacto explosivo, como se dec\u00eda. Sin embargo, desde el viernes hasta la tarde de ayer s\u00e1bado, efectivos de la Guardia Nacional y de Marina aislaron el \u00e1rea del malec\u00f3n. Se imped\u00eda el acceso a la playa. No se observ\u00f3 la presencia de equipos antibombas. Pero el protocolo ante un riesgo de esos se cumpli\u00f3 al resguardar la zona. Por fortuna no hubo nada que lamentar. Pero el operativo militar comprob\u00f3 que \u201chubo algo\u201d.<\/p>\n<p><iframe id=\"instagram-embed-1\" class=\"instagram-media instagram-media-rendered\" src=\"https:\/\/www.instagram.com\/p\/DGZxWqcM3LI\/embed\/?cr=1&amp;v=14&amp;wp=1080&amp;rd=https%3A%2F%2Fsinaloaenlinea.com&amp;rp=%2Fen-el-blanco-por-fernando-zepeda-h-321%2F#%7B%22ci%22%3A1%2C%22os%22%3A5600.399999999907%2C%22ls%22%3A3961.899999999907%2C%22le%22%3A5572.5%7D\" height=\"900\" frameborder=\"0\" scrolling=\"no\" allowfullscreen=\"allowfullscreen\" data-instgrm-payload-id=\"instagram-media-payload-1\"><\/iframe>&nbsp;<\/p>\n<p>Y mientras esto pasaba en el malec\u00f3n de Mazatl\u00e1n, a la salida al sur, por la carretera Internacional a la altura de la colonia Ur\u00edas, una persona fue asesinada de \u201ccarro a carro\u201d por sujetos armados. La zona de inmediato se inund\u00f3 de militares, polic\u00edas estatales y municipales y hasta tr\u00e1nsitos. Horas despu\u00e9s de este suceso, otro reporte dio cuenta de una persona asesinada tambi\u00e9n a balazos. Se trato de un hombre que iba acompa\u00f1ado por su esposa e hijos. Los hechos se reportaron por los rumbos de El Faro.<\/p>\n<p><iframe id=\"instagram-embed-2\" class=\"instagram-media instagram-media-rendered\" src=\"https:\/\/www.instagram.com\/reel\/DGZrPkOM5T8\/embed\/?cr=1&amp;v=14&amp;wp=1080&amp;rd=https%3A%2F%2Fsinaloaenlinea.com&amp;rp=%2Fen-el-blanco-por-fernando-zepeda-h-321%2F#%7B%22ci%22%3A2%2C%22os%22%3A5602.300000000047%2C%22ls%22%3A3961.899999999907%2C%22le%22%3A5572.5%7D\" height=\"1073\" frameborder=\"0\" scrolling=\"no\" allowfullscreen=\"allowfullscreen\" data-instgrm-payload-id=\"instagram-media-payload-2\"><\/iframe>&nbsp;<\/p>\n<p>Los asesinos dispararon d\u00e1ndole muerte y causando una herida a la esposa. Los ni\u00f1os se reportaron sin lesiones. Se logr\u00f3 saber que el hombre asesinado era un exmarino que se paseaba en compa\u00f1\u00eda de su esposa. Este es el Mazatl\u00e1n real.<\/p>\n<p><em><strong>Otro Gobernador evidenciado.<\/strong>\u00a0<\/em>El abogado Juan Pablo Penilla Rodr\u00edguez no solo ha alcanzado relevancia por conocerse como uno de los abogados de Ismael Zambada Garc\u00eda. El nombre de este se\u00f1or provoc\u00f3 una reacci\u00f3n en el Gobierno de Tamaulipas. \u00bfPor qu\u00e9 creen?. Pues el se\u00f1or abogado era \u201casesor honorifico\u201d del Gobernador Am\u00e9rico Villarreal. Claro que el gobierno que encabeza don Am\u00e9rico, anul\u00f3 el nombramiento apenas comenz\u00f3 a circular su relaci\u00f3n con el Gobernador tamaulipeco.<\/p>\n<p><img loading=\"lazy\" decoding=\"async\" class=\"alignright size-large wp-image-196001\" src=\"https:\/\/sinaloaenlinea.com\/wp-content\/uploads\/2025\/02\/Captura-de-Pantalla-2025-02-23-a-las-8.08.33-991x1024.png\" sizes=\"auto, (max-width: 696px) 100vw, 696px\" srcset=\"https:\/\/sinaloaenlinea.com\/wp-content\/uploads\/2025\/02\/Captura-de-Pantalla-2025-02-23-a-las-8.08.33-991x1024.png 991w, https:\/\/sinaloaenlinea.com\/wp-content\/uploads\/2025\/02\/Captura-de-Pantalla-2025-02-23-a-las-8.08.33-290x300.png 290w, https:\/\/sinaloaenlinea.com\/wp-content\/uploads\/2025\/02\/Captura-de-Pantalla-2025-02-23-a-las-8.08.33-768x794.png 768w, https:\/\/sinaloaenlinea.com\/wp-content\/uploads\/2025\/02\/Captura-de-Pantalla-2025-02-23-a-las-8.08.33-406x420.png 406w, https:\/\/sinaloaenlinea.com\/wp-content\/uploads\/2025\/02\/Captura-de-Pantalla-2025-02-23-a-las-8.08.33-150x155.png 150w, https:\/\/sinaloaenlinea.com\/wp-content\/uploads\/2025\/02\/Captura-de-Pantalla-2025-02-23-a-las-8.08.33-696x719.png 696w, https:\/\/sinaloaenlinea.com\/wp-content\/uploads\/2025\/02\/Captura-de-Pantalla-2025-02-23-a-las-8.08.33.png 1020w\" alt=\"\" width=\"696\" height=\"719\" \/><\/p>\n<p>Habr\u00eda que recordar que Am\u00e9rico Villarreal fue uno de los \u201ccoordinadores\u201d de la campa\u00f1a del actual Gobernador de Sinaloa Rub\u00e9n Rocha Moya. Cabe recordar tambi\u00e9n que tras el asesinato de un reconocido huachicolero, el nombre de Am\u00e9rico Villarreal fue relacionado, de acuerdo a un reportaje presentado por C\u00f3digo Magenta el a\u00f1o pasado. La relaci\u00f3n entre pol\u00edticos y personajes relacionados a las actividades il\u00edcitas podr\u00edan salir a flote cuando Ismael Zambada Garc\u00eda se decida a destapar la cloaca.<\/p>\n<p><em><strong>Fuera de su alcance.<\/strong>\u00a0<\/em>La alcaldesa de Mazatl\u00e1n Estrella Palacios est\u00e1 consciente de qu\u00e9 est\u00e1 a su alcance resolver y que temas est\u00e1n fuera del alcance de sus manos. Est\u00e1 m\u00e1s que claro que el tema de la inseguridad esta en la cancha de las autoridades federales. Al municipio dice Palacios y lo dice bien, le corresponde lo preventivo, en materia de seguridad. Por eso es que la alcaldesa est\u00e1 enfocada en los temas que corresponden al Gobierno Municipal. Mantener los servicios p\u00fablicos, mejorarlos en lo posible y responderles a los mazatlecos con las obras prioritarias que aporten un beneficio a la comunidad.<\/p>\n<p><img loading=\"lazy\" decoding=\"async\" class=\"alignright size-large wp-image-195478\" src=\"https:\/\/sinaloaenlinea.com\/wp-content\/uploads\/2025\/02\/Estrellaa-1024x683.jpg\" sizes=\"auto, (max-width: 696px) 100vw, 696px\" srcset=\"https:\/\/sinaloaenlinea.com\/wp-content\/uploads\/2025\/02\/Estrellaa-1024x683.jpg 1024w, https:\/\/sinaloaenlinea.com\/wp-content\/uploads\/2025\/02\/Estrellaa-300x200.jpg 300w, https:\/\/sinaloaenlinea.com\/wp-content\/uploads\/2025\/02\/Estrellaa-768x512.jpg 768w, https:\/\/sinaloaenlinea.com\/wp-content\/uploads\/2025\/02\/Estrellaa-1536x1024.jpg 1536w, https:\/\/sinaloaenlinea.com\/wp-content\/uploads\/2025\/02\/Estrellaa-2048x1365.jpg 2048w, https:\/\/sinaloaenlinea.com\/wp-content\/uploads\/2025\/02\/Estrellaa-630x420.jpg 630w, https:\/\/sinaloaenlinea.com\/wp-content\/uploads\/2025\/02\/Estrellaa-150x100.jpg 150w, https:\/\/sinaloaenlinea.com\/wp-content\/uploads\/2025\/02\/Estrellaa-696x464.jpg 696w, https:\/\/sinaloaenlinea.com\/wp-content\/uploads\/2025\/02\/Estrellaa-1068x712.jpg 1068w, https:\/\/sinaloaenlinea.com\/wp-content\/uploads\/2025\/02\/Estrellaa-1920x1280.jpg 1920w\" alt=\"\" width=\"696\" height=\"464\" \/><\/p>\n<p>En el caso de la promoci\u00f3n de\u00a0<a class=\"google-anno\" href=\"https:\/\/sinaloaenlinea.com\/en-el-blanco-por-fernando-zepeda-h-321\/#\" data-google-vignette=\"false\" data-google-interstitial=\"false\">\u00a0<span class=\"google-anno-t\">Mazatl\u00e1n<\/span><\/a>, Estrella Palacios busca proteger e impulsar la imagen tur\u00edstica. Al margen de los sucesos violentos, la alcaldesa busca el mejor camino para que Mazatl\u00e1n no resulte m\u00e1s perjudicado. En platica con este reportero, se le observa a la alcaldesa ocupada por cumplir lo que est\u00e1 en su \u00e1rea de acci\u00f3n y articular lo que este en sus manos en la colaboraci\u00f3n con las fuerzas armadas en su lucha por pacificar el municipio.<\/p>\n<\/div>\n","protected":false},"excerpt":{"rendered":"<p>En el blanco por Fernando Zepeda H. *El Carnaval Internacional de\u00a0\u00a0Mazatl\u00e1n\u00a0\u00bfest\u00e1 en riesgo? *Guardia Nacional, Marina, Ejercito y polic\u00edas refuerzan operativos de seguridad en la zona hotelera de Mazatl\u00e1n *En Mazatl\u00e1n un reporte de alerta y dos homicidios a pesar de la intensa vigilancia *El efecto Zambada alcanza a otro Gobernador. El de Tamaulipas Am\u00e9rico Villarreal que tenia como \u201casesor honorifico\u201d al mism\u00edsimo abogado del capo *Estrella Palacios sabe que la inseguridad es un tema que no est\u00e1 en sus manos resolver. Se enfoca en lo realizable y responder a las prioridades de los ciudadanos El carnaval, \u00bfen riesgo?.\u00a0El Gobierno [&hellip;]<\/p>\n","protected":false},"author":3,"featured_media":92500,"comment_status":"open","ping_status":"open","sticky":false,"template":"","format":"standard","meta":{"_jetpack_newsletter_access":"","_jetpack_dont_email_post_to_subs":false,"_jetpack_newsletter_tier_id":0,"_jetpack_memberships_contains_paywalled_content":false,"_jetpack_feature_clip_id":0,"_jetpack_memberships_contains_paid_content":false,"footnotes":"","jetpack_publicize_message":"","jetpack_publicize_feature_enabled":true,"jetpack_social_post_already_shared":true,"jetpack_social_options":{"image_generator_settings":{"template":"highway","default_image_id":0,"font":"","enabled":false},"version":2},"jetpack_post_was_ever_published":false},"categories":[79],"tags":[],"class_list":["post-114813","post","type-post","status-publish","format-standard","has-post-thumbnail","hentry","category-columnistas-nacionales","post--single"],"jetpack_publicize_connections":[],"jetpack_featured_media_url":"https:\/\/ovelanalista.com\/wp-content\/uploads\/2024\/03\/Fernando-Zepeda-Hurtado-300x150-1.png","jetpack_sharing_enabled":true,"_links":{"self":[{"href":"https:\/\/ovelanalista.com\/index.php?rest_route=\/wp\/v2\/posts\/114813","targetHints":{"allow":["GET"]}}],"collection":[{"href":"https:\/\/ovelanalista.com\/index.php?rest_route=\/wp\/v2\/posts"}],"about":[{"href":"https:\/\/ovelanalista.com\/index.php?rest_route=\/wp\/v2\/types\/post"}],"author":[{"embeddable":true,"href":"https:\/\/ovelanalista.com\/index.php?rest_route=\/wp\/v2\/users\/3"}],"replies":[{"embeddable":true,"href":"https:\/\/ovelanalista.com\/index.php?rest_route=%2Fwp%2Fv2%2Fcomments&post=114813"}],"version-history":[{"count":1,"href":"https:\/\/ovelanalista.com\/index.php?rest_route=\/wp\/v2\/posts\/114813\/revisions"}],"predecessor-version":[{"id":114819,"href":"https:\/\/ovelanalista.com\/index.php?rest_route=\/wp\/v2\/posts\/114813\/revisions\/114819"}],"wp:featuredmedia":[{"embeddable":true,"href":"https:\/\/ovelanalista.com\/index.php?rest_route=\/wp\/v2\/media\/92500"}],"wp:attachment":[{"href":"https:\/\/ovelanalista.com\/index.php?rest_route=%2Fwp%2Fv2%2Fmedia&parent=114813"}],"wp:term":[{"taxonomy":"category","embeddable":true,"href":"https:\/\/ovelanalista.com\/index.php?rest_route=%2Fwp%2Fv2%2Fcategories&post=114813"},{"taxonomy":"post_tag","embeddable":true,"href":"https:\/\/ovelanalista.com\/index.php?rest_route=%2Fwp%2Fv2%2Ftags&post=114813"}],"curies":[{"name":"wp","href":"https:\/\/api.w.org\/{rel}","templated":true}]}}