{"id":114831,"date":"2025-02-24T10:13:14","date_gmt":"2025-02-24T17:13:14","guid":{"rendered":"https:\/\/ovelanalista.com\/?p=114831"},"modified":"2025-02-24T10:13:14","modified_gmt":"2025-02-24T17:13:14","slug":"el-mayo-exige-sheinbaum-acata","status":"publish","type":"post","link":"https:\/\/ovelanalista.com\/?p=114831","title":{"rendered":"\u201cEl Mayo\u201d exige. Sheinbaum acata"},"content":{"rendered":"<p><strong>\u00cdNDICE POL\u00cdTICO<\/strong><\/p>\n<p><strong>FRANCISCO RODR\u00cdGUEZ<\/strong><\/p>\n<p>&nbsp;<\/p>\n<p>Se ha dicho aqu\u00ed en todos los tonos, desde hace tiempo: el gobiernito est\u00e1 reducido y encorsetado por un pacto de impunidad que firm\u00f3 con las c\u00fapulas del narco y de la corrupci\u00f3n del pa\u00eds. Pero tambi\u00e9n, confinado y disminuido a su m\u00ednima expresi\u00f3n ante las acusaciones \u2013\u201calianza intolerable\u201d con la delincuencia organizada\u2013 ya ejecutadas desde Washington.<\/p>\n<p>Prueba de ello es el mensaje de\u00a0<strong>Ismael\u00a0<em>El Mayo<\/em>\u00a0Zambada\u00a0<\/strong>con exigencias que, de inmediato, la Presidente formal\u00a0<strong>Claudia Sheinbaum<\/strong>\u00a0se apresur\u00f3 a ordenar que se acaten, luego de que un d\u00eda antes ella enviara al Congreso de la Uni\u00f3n otro parche a la Constituci\u00f3n para garantizar que agentes extranjeros \u2013de EU, obviamente\u2013 no persigan, capturen o hasta ejecuten a quienes son los m\u00e1ximos generadoras de violencia y muertes en nuestro pa\u00eds.<\/p>\n<p>Porque, como muy seguramente usted ya est\u00e1 enterado, Zambada envi\u00f3, a trav\u00e9s de uno de sus abogados \u2013del despacho que tambi\u00e9n defiende al llamado<strong>\u00a0<em>Z-40<\/em>\u00a0<\/strong>y a\u00a0<strong>Am\u00e9rico Villarreal Jr<\/strong>., entre otros\u2013 una misiva al consulado de M\u00e9xico en Nueva York en el que plantea que si el gobierno federal no lo repatria \u201c<strong>pol\u00edticos y funcionarios mexicanos pueden ser secuestrados\u201d\u00a0<\/strong>y llevados a territorio estadounidense<strong>.<\/strong><\/p>\n<p>Su argumento: Que su traslado a Estados Unidos fue ilegal, pues se realiz\u00f3 mediante un acto de secuestro transfronterizo.<\/p>\n<p>Entre sus exigencias tambi\u00e9n se encuentra el que el gobiernito de Cuarta\u2026 Transformaci\u00f3n \u201cdebe\u201d intervenir y exigir su repatriaci\u00f3n para evitar que sea condenado a la pena capital y, tambi\u00e9n amenaza a Sheinbaum, para evitar que \u201cel presente asunto no resulte en un colapso en la relaci\u00f3n bilateral\u201d, por lo que pudiera decir en el tribunal neoyorquino donde es juzgado.<\/p>\n<p>Entregada la carta en el consulado ubicado en la Trig\u00e9simo Novena calle de Manhattan el jueves, hecha p\u00fablica a las 5:00 de la ma\u00f1ana del viernes en la primera plana del diario\u00a0<strong><em>Reforma<\/em><\/strong>, dos horas y media despu\u00e9s, en su \u201cma\u00f1anera del pueblo\u201d, la Presidente formal Claudia Sheinbaum puso su investidura las \u00f3rdenes del delincuente.<\/p>\n<p>Textual: \u201cLo estamos planteando a la Fiscal\u00eda General de la Rep\u00fablica, ustedes saben que el fiscal (<strong>Alejandro Gertz Manero<\/strong>) ha estado trabajando mucho este tema, porque m\u00e1s all\u00e1 del personaje, de la persona que est\u00e1 solicitando, el tema que plantea en la carta, el asunto es c\u00f3mo se da esta detenci\u00f3n\u201d.<\/p>\n<p>Y como \u201centre los bomberos no se pisan las mangueras\u201d, me queda muy claro que, conociendo al gobiernito de Cuarta\u2026 Transformaci\u00f3n el capo est\u00e1 exigiendo que el pacto firmado con ellos por AMLO se cumpla: Ahora hasta protecci\u00f3n extrafronteriza, a cambio de las carretadas de d\u00f3lares que ha entregado \u201cal Movimiento\u201d.<\/p>\n<p>Y que, en caso de no cumplirse, si los cuatroteros se le voltearan a medio r\u00edo, el a\u00fan poderoso\u00a0<strong><em>Se\u00f1or del Sombrero<\/em><\/strong>\u00a0tendr\u00edan la posibilidad de dar a conocer el pacto con L\u00f3pez Obrador para deslegitimar en el acto cualquier mala pasada.<\/p>\n<p>As\u00ed que, a cumplir las exigencias, se\u00f1ora Sheinbaum. Proteja a su antecesor.<\/p>\n<p>&nbsp;<\/p>\n<p><img loading=\"lazy\" decoding=\"async\" class=\"size-full wp-image-504025\" src=\"https:\/\/indicepolitico.com\/wp-content\/uploads\/2025\/02\/El-exige.-Ella-acata.jpg\" sizes=\"auto, (max-width: 529px) 100vw, 529px\" srcset=\"https:\/\/indicepolitico.com\/wp-content\/uploads\/2025\/02\/El-exige.-Ella-acata.jpg 529w, https:\/\/indicepolitico.com\/wp-content\/uploads\/2025\/02\/El-exige.-Ella-acata-300x170.jpg 300w\" alt=\"\" width=\"529\" height=\"299\" data-pin-no-hover=\"true\" \/><\/p>\n<p><strong>En su primer sexenio, AMLO lo protegi\u00f3<\/strong><\/p>\n<p>En ese pacto AMLO \u2013 narcos se valdr\u00edan todos los excesos verbales del Caudillo, las amenazas ma\u00f1aneras, las saetas de \u00f3rdenes de aprehensi\u00f3n contra charales de poca monta. Vamos, hasta la bravata de dar a conocer a trav\u00e9s de las columnas de chisme pol\u00edtico y financiero los nombres de cien delincuentes menores para quedar bien con el \u201crespetable\u201d vecino del norte. Sobre todos iba a caer la fuerza del Estado. Total, no pasaba de ah\u00ed.<\/p>\n<p>La opini\u00f3n p\u00fablica no se tragaba tal rueda de molino. Pues es sabido que, para empezar, la famosa Fiscal\u00eda General de la Rep\u00fablica no cuenta con el n\u00famero de ministerios p\u00fablicos, ni las computadoras, ni las agujas de Caneva, ni las toneladas de mecate campechano para tejer sobre los lomos de decenas de miles de expedientes trucos. Era una insensatez.<\/p>\n<p>Todos los d\u00edas se comprueba que existe el ominoso pacto que blinda y protege a los delincuentes de adentro, y a sus patrones, los delincuentes de afuera.<\/p>\n<p>Porque los narcos de ac\u00e1 de este lado no son sino simples sucursales de cuarto tal\u00f3n de los capos yanquis que operan y deciden desde Washington, Nueva York, Chicago, Boston, Austin y Los \u00c1ngeles la suerte de los mexicanos y los niveles de inseguridad a la que nos exponen. Sus caporales en este territorio obedecen sin chistar, sabiendo que son removibles. Pero no por el gobiernito mexicano, sino por las matrices estadounidenses.<\/p>\n<p>Y mientras, el pacto sigue en vigor. Durante\u00a0<strong>su primer sexenio<\/strong>\u00a0al frente del gobiernito, AMLO no s\u00f3lo detuvo y obstaculiz\u00f3 la presencia de agentes de la DEA en territorio mexicano, lo peor es que su \u201cestrategia\u201d de \u201cabrazos y no balazos\u201d hizo sospechar a todos, los gringos incluidos, de una abierta complicidad con los grandes capos en retribuci\u00f3n a las \u201caportaciones\u201d que estos habr\u00edan hecho para el sostenimiento de las tres campa\u00f1as presidenciales del tabasque\u00f1o y una decena m\u00e1s, cuando menos, de candidatos de Morena a gubernaturas estatales Sendas investigaciones al respecto fueron detenidas en su momento por Barack Obama, arguyendo \u201crazones pol\u00edticas\u201d. Las de quienes ahora son mandatarios estatales han dado pie para que\u00a0<strong>Donald Trump<\/strong>\u00a0y la casi totalidad de su gabinete coincidan en que,\u00a0<strong>nunca como ahora<\/strong>, son los c\u00e1rteles los que gobiernan a M\u00e9xico.<\/p>\n<p>Est\u00e9 donde est\u00e9 el Pacto se encuentra a buen resguardo, hasta que las circunstancias de este aquelarre obliguen a la parte m\u00e1s d\u00e9bil a faltar a su palabra.<\/p>\n<p>Si esto \u00faltimo sucediera, no faltar\u00e1 quien aconseje darlo a conocer, filtrarlo a la Naci\u00f3n, delatando que alguien pis\u00f3 las mangueras. Y entonces s\u00ed, \u00a1que Dios nos agarre confesados!<\/p>\n<p>Los poderosos jam\u00e1s tendr\u00e1n la culpa por la sangre derramada, que ya se huele en el extranjero.<\/p>\n<p>Los culpables ser\u00e1n quienes los hicieron c\u00f3mplices y compadres: AMLO y sus cuatroteros.<\/p>\n<p>&nbsp;<\/p>\n<p><strong>Indicios<\/strong><\/p>\n<p>Lo dio a conocer, primero, la periodista e investigadora\u00a0<strong>Anabel Hern\u00e1ndez<\/strong>\u00a0en el programa radiof\u00f3nico de\u00a0<strong>Carmen Aristegui<\/strong>. Que el abogado\u00a0<strong>Juan Pablo Penilla Rodr\u00edguez<\/strong>, forma parte de un despacho a que recurren connotados morenistas, como el actual gobernador tamaulipeco. La oposici\u00f3n panista se mont\u00f3 en la informaci\u00f3n y public\u00f3 im\u00e1genes en las que se ve al abogado acreditado por El Mayo como su representante legal, recibiendo menciones honor\u00edficas de ambas C\u00e1maras del Congreso de la Uni\u00f3n controladas por los guindas. \u00bfDefienden los seguidores de AMLO al delincuente preso en Nueva York por \u00f3rdenes de usted YSQ? * * * Ah\u00ed le dej\u00f3 sembrada la duda, no sin antes reconocerle que haya usted le\u00eddo este texto y desearle, como siempre, que tenga \u00a1buenas gracias y muchos, muchos d\u00edas!<\/p>\n<p><a href=\"https:\/\/www.indicepolitico.com\/\"><strong>https:\/\/www.indicepolitico.com<\/strong><\/a><br \/>\n<a href=\"https:\/\/mail.google.com\/mail\/?view=cm&amp;fs=1&amp;tf=1&amp;to=indicepolitico@gmail.com\"><strong>indicepolitico@gmail.com<\/strong><\/a><br \/>\n<a href=\"https:\/\/www.twitter.com\/IndicePolitico\"><strong>@IndicePolitico<\/strong><\/a><br \/>\n<a href=\"https:\/\/www.twitter.com\/pacorodriguez\"><strong>@pacorodriguez<\/strong><\/a><\/p>\n","protected":false},"excerpt":{"rendered":"<p>\u00cdNDICE POL\u00cdTICO FRANCISCO RODR\u00cdGUEZ &nbsp; Se ha dicho aqu\u00ed en todos los tonos, desde hace tiempo: el gobiernito est\u00e1 reducido y encorsetado por un pacto de impunidad que firm\u00f3 con las c\u00fapulas del narco y de la corrupci\u00f3n del pa\u00eds. Pero tambi\u00e9n, confinado y disminuido a su m\u00ednima expresi\u00f3n ante las acusaciones \u2013\u201calianza intolerable\u201d con la delincuencia organizada\u2013 ya ejecutadas desde Washington. Prueba de ello es el mensaje de\u00a0Ismael\u00a0El Mayo\u00a0Zambada\u00a0con exigencias que, de inmediato, la Presidente formal\u00a0Claudia Sheinbaum\u00a0se apresur\u00f3 a ordenar que se acaten, luego de que un d\u00eda antes ella enviara al Congreso de la Uni\u00f3n otro parche a [&hellip;]<\/p>\n","protected":false},"author":3,"featured_media":92642,"comment_status":"open","ping_status":"open","sticky":false,"template":"","format":"standard","meta":{"_jetpack_newsletter_access":"","_jetpack_dont_email_post_to_subs":false,"_jetpack_newsletter_tier_id":0,"_jetpack_memberships_contains_paywalled_content":false,"_jetpack_feature_clip_id":0,"_jetpack_memberships_contains_paid_content":false,"footnotes":"","jetpack_publicize_message":"","jetpack_publicize_feature_enabled":true,"jetpack_social_post_already_shared":true,"jetpack_social_options":{"image_generator_settings":{"template":"highway","default_image_id":0,"font":"","enabled":false},"version":2},"jetpack_post_was_ever_published":false},"categories":[79],"tags":[],"class_list":["post-114831","post","type-post","status-publish","format-standard","has-post-thumbnail","hentry","category-columnistas-nacionales","post--single"],"jetpack_publicize_connections":[],"jetpack_featured_media_url":"https:\/\/ovelanalista.com\/wp-content\/uploads\/2024\/04\/WhatsApp-Image-2024-04-01-at-13.45.17.jpeg","jetpack_sharing_enabled":true,"_links":{"self":[{"href":"https:\/\/ovelanalista.com\/index.php?rest_route=\/wp\/v2\/posts\/114831","targetHints":{"allow":["GET"]}}],"collection":[{"href":"https:\/\/ovelanalista.com\/index.php?rest_route=\/wp\/v2\/posts"}],"about":[{"href":"https:\/\/ovelanalista.com\/index.php?rest_route=\/wp\/v2\/types\/post"}],"author":[{"embeddable":true,"href":"https:\/\/ovelanalista.com\/index.php?rest_route=\/wp\/v2\/users\/3"}],"replies":[{"embeddable":true,"href":"https:\/\/ovelanalista.com\/index.php?rest_route=%2Fwp%2Fv2%2Fcomments&post=114831"}],"version-history":[{"count":1,"href":"https:\/\/ovelanalista.com\/index.php?rest_route=\/wp\/v2\/posts\/114831\/revisions"}],"predecessor-version":[{"id":114833,"href":"https:\/\/ovelanalista.com\/index.php?rest_route=\/wp\/v2\/posts\/114831\/revisions\/114833"}],"wp:featuredmedia":[{"embeddable":true,"href":"https:\/\/ovelanalista.com\/index.php?rest_route=\/wp\/v2\/media\/92642"}],"wp:attachment":[{"href":"https:\/\/ovelanalista.com\/index.php?rest_route=%2Fwp%2Fv2%2Fmedia&parent=114831"}],"wp:term":[{"taxonomy":"category","embeddable":true,"href":"https:\/\/ovelanalista.com\/index.php?rest_route=%2Fwp%2Fv2%2Fcategories&post=114831"},{"taxonomy":"post_tag","embeddable":true,"href":"https:\/\/ovelanalista.com\/index.php?rest_route=%2Fwp%2Fv2%2Ftags&post=114831"}],"curies":[{"name":"wp","href":"https:\/\/api.w.org\/{rel}","templated":true}]}}