{"id":114840,"date":"2025-02-24T11:00:40","date_gmt":"2025-02-24T18:00:40","guid":{"rendered":"https:\/\/ovelanalista.com\/?p=114840"},"modified":"2025-02-24T10:23:09","modified_gmt":"2025-02-24T17:23:09","slug":"la-costumbre-del-poder-soberania-acuerdos-mudos-con-la-cia-mayo-zambada","status":"publish","type":"post","link":"https:\/\/ovelanalista.com\/?p=114840","title":{"rendered":"La Costumbre del Poder: Soberan\u00eda, acuerdos mudos con la CIA, Mayo Zambada"},"content":{"rendered":"<p><strong>* Lo que como naci\u00f3n necesitamos recuperar es el concepto de lealtad y su praxis entre los integrantes de la sociedad, y entre \u00e9sta y su gobierno. Prefieren defender a las camarillas, a los supuestos benefactores y c\u00f3mplices, a quien la sent\u00f3 en la silla del \u00e1guila, que cumplir leal y cabalmente con el mandato constitucional, para servir al Estado, nunca m\u00e1s al gobierno<\/strong><\/p>\n<p><strong>* Quiz\u00e1 Francisco Rodr\u00edguez tenga raz\u00f3n desde su\u00a0<em>\u00edndice pol\u00edtico<\/em>, y esta alharaca encubra un sucio, ominoso e innombrable acuerdo secreto entre nuestra Ejecutiva con la CIA y la Casa Blanca. Cosas suceden<\/strong><\/p>\n<p><strong>* El tema de la repatriaci\u00f3n solicitada por Ismael\u00a0<em>El Mayo<\/em>\u00a0Zambada es un arma de doble filo. No se trata de \u00fanicamente defender la legalidad, los argumentos para hacerlo carecen de importancia, lo que trascender\u00e1 es la opini\u00f3n p\u00fablica y la narrativa impuesta desde Estados Unidos<\/strong><\/p>\n<p><strong>Gregorio Ortega Molina<\/strong><\/p>\n<p>&nbsp;<\/p>\n<p>La soberan\u00eda dej\u00f3 de estar -hace m\u00e1s de un siglo- en las estrofas de Francisco Gonz\u00e1lez Bocanegra. No es necesario que un enemigo profane con su planta el suelo patrio, para que los mexicanos so\u00f1emos que el dedo de Dios escribi\u00f3 sobre la formaci\u00f3n de un ej\u00e9rcito invencible. No es cierto que cada uno de nosotros desea ser soldado para defender nuestra integridad como naci\u00f3n.<\/p>\n<p>La soberan\u00eda se quiebra con la traici\u00f3n: Malinalli la primera, los tlaxcaltecas, Santa Anna, todos los que fueron por un emperador a Miramar, los que desean reelegirse.\u00a0<strong>Hoy tienen otra catadura: los barones de la droga que reclaman su repatriaci\u00f3n<\/strong>, los contrabandistas de armas y otras mercader\u00edas, los financieros transnacionales que pueden dejar a M\u00e9xico en la inopia econ\u00f3mica.<\/p>\n<p>La invasi\u00f3n cultural a trav\u00e9s del entretenimiento y el Internet con su tiempo real, son armas invisibles -aunque toleradas, si no es que permitidas-\u00a0<strong>en contra de lo que los ignorantes pol\u00edticos desean motivar con el t\u00e9rmino soberan\u00eda. Ese nacionalismo caduco hoy resulta perjudicial<\/strong>.<\/p>\n<p>Medito en lo sucedido durante la \u00faltima ceremonia conmemorativa de la Marcha de la Lealtad. Al general Ricardo Trevilla Trejo, en funciones de secretario de la Defensa Nacional, a la doctora Sheinbaum Pardo que figura como titular del Poder Ejecutivo, se les llen\u00f3 la boca con la palabra soberan\u00eda, pero fueron incapaces de bordar un discurso exclusivamente sobre la lealtad, porque la tienen escindida entre su mandato constitucional y la sombra del caudillo, la perniciosa manifestaci\u00f3n espiritual de Andr\u00e9s Manuel L\u00f3pez Obrador. No nos equivoquemos, no es un neo Maximato. Tampoco busquemos razonamientos de libertad en lo hecho por L\u00e1zaro C\u00e1rdenas del R\u00edo y Jos\u00e9 L\u00f3pez Portillo. Todo indica que el actual p\u00e1jaro de cuenta se fue a conversar con Miguel D\u00edaz-Canel. Poco le importa si sus v\u00e1stagos pagan sus facturas pol\u00edticas.<\/p>\n<p>Dada la globalizaci\u00f3n de las actividades entre naciones, habr\u00e1 que reconceptualizar los t\u00e9rminos de la soberan\u00eda, que se pone en pausa con la firma de los acuerdos comerciales. Esa idea de ser soberanos no es lo que fue ni podr\u00e1 regresar.<\/p>\n<p>Lo que como naci\u00f3n necesitamos recuperar es el concepto de lealtad y su praxis entre los integrantes de la sociedad, y entre \u00e9sta y su gobierno. Prefieren defender a las camarillas, a los supuestos benefactores y c\u00f3mplices, a quien la sent\u00f3 en la silla del \u00e1guila, que cumplir leal y cabalmente con el mandato constitucional, para servir al Estado, nunca m\u00e1s al gobierno.<\/p>\n<p>De nada servir\u00e1 rasgarse las vestiduras por la amenaza t\u00e1cita de intervenci\u00f3n en contra de los c\u00e1rteles y sus l\u00edderes, por terroristas. En Estados Unidos se empe\u00f1ar\u00e1n en cumplir lo que dictan su norma y protocolo en contra de ellos\u00a0\u00a0\u00a0\u00a0\u00a0\u00a0 -como lo hicieron hasta encontrar y asesinar a Osama bin Laden- , lo que debe obligarnos a una pregunta que quedar\u00e1 sin respuesta: \u00bfno violentan m\u00e1s la soberan\u00eda los barones de la droga que los que por lo pronto s\u00f3lo amenazan con hacerlo?<\/p>\n<p>Quiz\u00e1 Francisco Rodr\u00edguez tenga raz\u00f3n desde su\u00a0<em>\u00edndice pol\u00edtico<\/em>, y\u00a0<strong>esta alharaca encubra un sucio, ominoso e innombrable acuerdo secreto entre nuestra Ejecutiva con la CIA y la Casa Blanca. Cosas suceden<\/strong>.<\/p>\n<p><strong>\u00a0\u00a0\u00a0\u00a0 El tema de la repatriaci\u00f3n solicitada por Ismael\u00a0<em>El Mayo<\/em>\u00a0Zambada\u00a0<\/strong>es un arma de doble filo. No se trata de \u00fanicamente defender la legalidad, los argumentos para hacerlo carecen de importancia, lo que trascender\u00e1 es la opini\u00f3n p\u00fablica y la narrativa impuesta desde Estados Unidos.<\/p>\n<p>\u00bfPodr\u00e1 quitarse la 4T el sambenito de que ha construido un narco Estado? No, de continuar tal como suceden sin cesar la violencia, los cr\u00edmenes, las extorsiones, los desaparecidos, las fosas clandestinas.<\/p>\n<p>No, mientras se consolide la desaparici\u00f3n del Poder Judicial y crezca la fuga de capitales, porque dan la impresi\u00f3n que a los 4teistas no les importa, pues\u00a0<strong>cuenta con el imparable flujo del apoyo econ\u00f3mico de sus c\u00f3mplices, los barones del narco<\/strong>.<\/p>\n<p>Es as\u00ed como consolidad la desaparici\u00f3n de la Rep\u00fablica y un golpe t\u00e9cnico en contra de la soberan\u00eda.\u00a0<strong><em>\u00a0<\/em><\/strong><\/p>\n<p><a href=\"http:\/\/www.gregorioortega.blog\/\">www.gregorioortega.blog<\/a><br \/>\n@OrtegaGregorio<\/p>\n","protected":false},"excerpt":{"rendered":"<p>* Lo que como naci\u00f3n necesitamos recuperar es el concepto de lealtad y su praxis entre los integrantes de la sociedad, y entre \u00e9sta y su gobierno. Prefieren defender a las camarillas, a los supuestos benefactores y c\u00f3mplices, a quien la sent\u00f3 en la silla del \u00e1guila, que cumplir leal y cabalmente con el mandato constitucional, para servir al Estado, nunca m\u00e1s al gobierno * Quiz\u00e1 Francisco Rodr\u00edguez tenga raz\u00f3n desde su\u00a0\u00edndice pol\u00edtico, y esta alharaca encubra un sucio, ominoso e innombrable acuerdo secreto entre nuestra Ejecutiva con la CIA y la Casa Blanca. Cosas suceden * El tema de [&hellip;]<\/p>\n","protected":false},"author":3,"featured_media":91773,"comment_status":"open","ping_status":"open","sticky":false,"template":"","format":"standard","meta":{"_jetpack_newsletter_access":"","_jetpack_dont_email_post_to_subs":false,"_jetpack_newsletter_tier_id":0,"_jetpack_memberships_contains_paywalled_content":false,"_jetpack_feature_clip_id":0,"_jetpack_memberships_contains_paid_content":false,"footnotes":"","jetpack_publicize_message":"","jetpack_publicize_feature_enabled":true,"jetpack_social_post_already_shared":true,"jetpack_social_options":{"image_generator_settings":{"template":"highway","default_image_id":0,"font":"","enabled":false},"version":2},"jetpack_post_was_ever_published":false},"categories":[79],"tags":[],"class_list":["post-114840","post","type-post","status-publish","format-standard","has-post-thumbnail","hentry","category-columnistas-nacionales","post--single"],"jetpack_publicize_connections":[],"jetpack_featured_media_url":"https:\/\/ovelanalista.com\/wp-content\/uploads\/2024\/03\/Gregorio-Ortega-Molina.jpeg","jetpack_sharing_enabled":true,"_links":{"self":[{"href":"https:\/\/ovelanalista.com\/index.php?rest_route=\/wp\/v2\/posts\/114840","targetHints":{"allow":["GET"]}}],"collection":[{"href":"https:\/\/ovelanalista.com\/index.php?rest_route=\/wp\/v2\/posts"}],"about":[{"href":"https:\/\/ovelanalista.com\/index.php?rest_route=\/wp\/v2\/types\/post"}],"author":[{"embeddable":true,"href":"https:\/\/ovelanalista.com\/index.php?rest_route=\/wp\/v2\/users\/3"}],"replies":[{"embeddable":true,"href":"https:\/\/ovelanalista.com\/index.php?rest_route=%2Fwp%2Fv2%2Fcomments&post=114840"}],"version-history":[{"count":1,"href":"https:\/\/ovelanalista.com\/index.php?rest_route=\/wp\/v2\/posts\/114840\/revisions"}],"predecessor-version":[{"id":114842,"href":"https:\/\/ovelanalista.com\/index.php?rest_route=\/wp\/v2\/posts\/114840\/revisions\/114842"}],"wp:featuredmedia":[{"embeddable":true,"href":"https:\/\/ovelanalista.com\/index.php?rest_route=\/wp\/v2\/media\/91773"}],"wp:attachment":[{"href":"https:\/\/ovelanalista.com\/index.php?rest_route=%2Fwp%2Fv2%2Fmedia&parent=114840"}],"wp:term":[{"taxonomy":"category","embeddable":true,"href":"https:\/\/ovelanalista.com\/index.php?rest_route=%2Fwp%2Fv2%2Fcategories&post=114840"},{"taxonomy":"post_tag","embeddable":true,"href":"https:\/\/ovelanalista.com\/index.php?rest_route=%2Fwp%2Fv2%2Ftags&post=114840"}],"curies":[{"name":"wp","href":"https:\/\/api.w.org\/{rel}","templated":true}]}}