{"id":114843,"date":"2025-02-24T11:10:12","date_gmt":"2025-02-24T18:10:12","guid":{"rendered":"https:\/\/ovelanalista.com\/?p=114843"},"modified":"2025-02-24T10:25:07","modified_gmt":"2025-02-24T17:25:07","slug":"el-neo-nazismo-projudio-sigue-avanzando","status":"publish","type":"post","link":"https:\/\/ovelanalista.com\/?p=114843","title":{"rendered":"El neo nazismo projud\u00edo sigue avanzando"},"content":{"rendered":"<p><strong>Diario ejecutivo<\/strong><\/p>\n<ul>\n<li><b>El neo nazismo projud\u00edo sigue avanzando<\/b><\/li>\n<li><b>Las elecciones alemanas: muestra fehaciente<\/b><\/li>\n<li><b>PIB, 11 billones, Recaudaci\u00f3n, Madera, Alzheimer<\/b><\/li>\n<\/ul>\n<p><strong>Roberto Fuentes Vivar<\/strong><\/p>\n<p>&nbsp;<\/p>\n<p>Los resultados de las elecciones de este domingo en Alemania representan una idea muy clara de c\u00f3mo est\u00e1 avanzando la ultraderecha en el mundo occidental y con ella se gesta un movimiento neonazi global que, a diferencia de lo ocurrido en tercer reich, ahora podr\u00eda tener s\u00edmbolos projud\u00edos.<\/p>\n<p>Seg\u00fan los resultados preliminares de las elecciones alemanas (las m\u00e1s concurridas desde la unificaci\u00f3n), el conservador Friedrich Merz, gan\u00f3 los comicios con una coalici\u00f3n con la democracia cristiana, seguido por la ultraderechista Alice Weidel, candidata a canciller por Alternativa por Alemania, un partido que muchos consideran neonazi, pero no antijud\u00edo y que en estos comicios duplic\u00f3 su votaci\u00f3n, con relaci\u00f3n a las anteriores. De hecho Merz se ha aliado con ese partido ultra en propuestas como las leyes antiinmigrantes.<\/p>\n<p>Del renacimiento del nazismo hay muchas muestras,\u00a0\u00a0como el saludo hitleriano que han hecho personajes cercanos al presidente estadounidense Donald Trump como Elon Musk y Steve Bannon, o la presencia del vicepresidente estadounidense JD Vance y del propio Trump, en una reuni\u00f3n de la semana pasada en la reuni\u00f3n, en Washington, de\u00a0\u00a0la Conferencia Pol\u00edtica de Acci\u00f3n Conservadora.<\/p>\n<p>De hecho la ultraderecha y el neonazismo (aunque no antijud\u00edo) ha caminado de la mano en a\u00f1os recientes. Un ejemplo es que, en el vecino pa\u00eds de Alemania, Austria, en las elecciones del a\u00f1o pasado, el partido de extrema derecha FP\u00d6 obtuvo el primer puesto con el 28.9 por ciento de los votos. El Partido de la Libertad fue fundado tras la Segunda Guerra Mundial por antiguos jerarcas y simpatizantes nazis, podr\u00eda liderar por primera vez el gobierno austriaco y es un caso similar al de la ultraderecha alemana.<\/p>\n<p>En Italia gobierna\u00a0Giorgia Meloni, que fue abanderada del movimiento Hermanos de Italia, el cual tiene sus ra\u00edces pol\u00edticas en el Movimiento Social Italiano (MSI), que surgi\u00f3 de las cenizas del fascismo de Mussolini.<\/p>\n<p>En Francia,\u00a0el partido ultraderechista franc\u00e9s Agrupaci\u00f3n Nacional, con Marine Le Pen a la cabeza, estuvo a punto de ganar las elecciones pasadas en Francia al haber ganado la primera vuelta\u00a1, pero fracas\u00f3 en su intento de conseguir una mayor\u00eda en las elecciones legislativas anticipadas.<\/p>\n<p>En Holanda, una coalici\u00f3n liderada por la extrema derecha de Geert Wilders y su Partido por la Libertad (PVV) gan\u00f3 las elecciones en mayo de 2024 y gobierna por primera vez. Las primeras declaraciones del triunfaor fueron muy similares a las de Donald Trump: \u201cEl sol brillar\u00e1 de nuevo, el pa\u00eds vuelve a ser nuestro\u201d.<\/p>\n<p>En Hungr\u00eda, el partido del ultra derecha Fidesz gan\u00f3 las elecciones de 2024 con Viktor Orb\u00e1n, quien pronunci\u00f3 un discurso al m\u00e1s puro estilo nazi en contra de la mezcla de razas. \u201cLa mezcla de europeos con no europeos crea personas de raza mixta. Estamos dispuestos a mezclarnos, pero no queremos convertirnos en pueblos mestizos\u201d, dijo.<\/p>\n<p>Y en Espa\u00f1a, el partido franquista Vox sigue creciendo en simpat\u00edas y cada d\u00eda hace m\u00e1s alianzas con sus pares en Alemania, Francia, Hungr\u00eda, Austria y seguramente lo har\u00e1 con la derecha y la ultraderecha de Alemania.<\/p>\n<p>Y dese luego en Am\u00e9rica el discurso nazi est\u00e1 encabezado por el presidente estadounidense Donald Trump y por el mandatario argentino Javier Milei, ambos con la idea de hacer grandes a sus pa\u00edses, otra vez, y en favor de una supuesta \u201clibertad\u201d para algunos, pero no para todos. Incluso hasta la libertad de defraudar (como Milei) o de discriminar y perseguir (como Trump). En ese esquema no est\u00e1n ausentes otros personajes como Nayib Bukele, de El Salvador.<\/p>\n<p>\u00bfPuede haber un neonazismo jud\u00edo? Creo que s\u00ed.<\/p>\n<p>Hay que aclarar que no toda la ultraderecha es precisamente nazi, por lo menos en la acepci\u00f3n hitleriana de perseguir jud\u00edos, pero s\u00ed proclama la supremac\u00eda racial (blanca, por supuesto) y la persecuci\u00f3n de minor\u00edas \u00e9tnicas o supuestamente ilegales.<\/p>\n<p>De hecho, buena parte de las ultraderechas que han ganado elecciones en los m\u00e1s recientes dos a\u00f1os tienen muchos tintes del nazismo, aunque sus enemigos no son los jud\u00edos como suced\u00eda con Hitler, pero s\u00ed otros grupos que tambi\u00e9n fueron declarados sujetos de extermino en el tercer Reich, como los comunistas, los minusv\u00e1lidos, los homosexuales.<\/p>\n<p>De hecho los principales enemigos del neonazismo son los migrantes y \u201clos otros\u201d que, como lo pregonaba Hitler, han\u00a0\u00a0\u201cechado a perder\u201d a sus respectivos pa\u00edses. Por eso la ultraderecha y sus afanes \u201clibertarios\u201d est\u00e1n a favor de la limpieza \u00e9tnica y en contra de la migraci\u00f3n.<\/p>\n<p>Hitler persigui\u00f3 y asesin\u00f3 a opositores, homosexuales, marginados, discapacitados, negros, polacos, checos, h\u00fangaros, sovi\u00e9ticos, comunistas, roman\u00edes\u00a0\u00a0y gitanos, testigos de Jehov\u00e1. No solo a jud\u00edos.<\/p>\n<p>Hoy el neonazismo persigue a homosexuales, comunistas, chinos, musulmanes, personas de origen \u00e1rabe, africanos, mestizos, pero sobre todo a migrantes que, de alguna manera, son la nueva amenaza a sus pa\u00edses, como en alg\u00fan momento lo fueron los jud\u00edos.<\/p>\n<p>Por eso, la amenaza de la ultraderecha y el neonazismo es preocupante para todo el mundo y debe convertirse en un s\u00edmbolo de alerta de posibles exterminios y cr\u00edmenes de lesa humanidad.<\/p>\n<p>(Este fin de semana volv\u00ed a ver la pel\u00edcula \u201cEl Juicio de Nuremberg\u201d filmada en 1961. Narra c\u00f3mo un juez estadounidense juzga a jueces del nazismo y los declara culpables. Dos cosas me llamaron la atenci\u00f3n. Una, que los alemanes se asombran de que en Estados Unidos se elijan a los jueces en las urnas. La otra la frasee final, en la que el juzgador estadounidense, ante uno de sus sentenciados dice algo as\u00ed: el horror se hubiera frenado si no se hubiera condenado a inocentes sabiendo que lo eran.)<\/p>\n<p>Es decir que nadie es ilegal en el mundo, lo ilegal es declararlo.<\/p>\n<p>Dice el fil\u00f3sofo del metro, recordando a Paquita la del Barrio, pero con dedicatoria a la ultraderecha: tu religi\u00f3n es la indecencia.<\/p>\n<p>&nbsp;<\/p>\n<p><b>Tianguis<\/b><\/p>\n<p>El Instituto Nacional de Estad\u00edstica y Geograf\u00eda (INEGI)\u00a0<b>confirm\u00f3 que en 2024 la econom\u00eda mexicana creci\u00f3 por encima del 0.9 por ciento que hab\u00edan estimado la mayor\u00eda de los economistas<\/b>, a pesar de la desaceleraci\u00f3n registrada en el \u00faltimo trimestre. El Instituto inform\u00f3 que en el trimestre octubre-diciembre de 2024 el PIB registr\u00f3 un descenso de 0.6\u00a0\u00a0por ciento, con respecto al trimestre anterior y un avance de 0.5 con relaci\u00f3n al a\u00f1o anterior. Es decir que en este trimestre s\u00ed hubo una contracci\u00f3n medida contra julio septiembre, pero sigui\u00f3 creciendo en t\u00e9rminos anuales. Estos datos dan como resultado que el PIB anual creciera 1.2 por ciento en lo que se llaman cifras desestacionalizadas, es decir con una medici\u00f3n en la que el a\u00f1o 2018 se utiliza como base.\u00a0\u00a0<b>Otra cifra es que el a\u00f1o pasado el PIB se increment\u00f31.5 por ciento, con\u00a0\u00a0cifras originales y a precios de mercado.\u00a0<\/b>Una medici\u00f3n m\u00e1s es que el PIB nominal aument\u00f3 6.1 por ciento y lleg\u00f3 a valor de 35.3 billones de pesos, contra 33.3 billones del cierre de 2023. El descenso del PIB de la econom\u00eda en el \u00faltimo trimestre del a\u00f1o se debi\u00f3 a un retroceso de 8.5 por ciento en el sector primario, con respecto al trimestre anterior, y de\u00a0\u00a04.0 por ciento en t\u00e9rminos anuales, atribuido a los fen\u00f3menos meteorol\u00f3gicos que gravitaron sobre la producci\u00f3n agropecuaria.\u00a0<b>El sector secundario cay\u00f3 1.5 por ciento con relaci\u00f3n al trimestre anterior y 2.0\u00a0\u00a0por ciento en todo el a\u00f1<\/b>o. El descenso en el sector industrial se debi\u00f3 principalmente a la incertidumbre de los mercados externos. El sector terciario, que significa casi tres cuartas partes de la econom\u00eda y mide el mercado interno, pres 0.2\u00a0\u00a0por ciento con relaci\u00f3n a julio septiembre\u00a0\u00a0y de\u00a0\u00a02.1\u00a0\u00a0por ciento en t\u00e9rminos anuales. En t\u00e9rminos generales la econom\u00eda creci\u00f3 50 por ciento m\u00e1s del 0.9 por ciento que estimaban los analistas hace un a\u00f1o\u2026 Por cierto, El INEGI dio a conocer que al cierre del cuarto trimestre de 2024,\u00a0<b>el PIB nominal, a precios de mercado, se situ\u00f3 en 35 billones 323 mil 276 millones de pesos<\/b>, lo que signific\u00f3 un crecimiento de dos billones de pesos con relaci\u00f3n anterior cuando se ubicaban en 33.3 billones de pesos. De acuerdo con datos comparables los 35.3 billones de pesos que tuvo como valor la econom\u00eda el a\u00f1o pasado,\u00a0<b>significan casi 11 billones m\u00e1s que los 24 billones 493 mil millones de pesos que se registraron al cierre de 2018.\u00a0<\/b>Este crecimiento de casi 11 billones de pesos significa un m\u00e1ximo hist\u00f3rico, en t\u00e9rminos nominales, nunca antes visto en la historia de M\u00e9xico. De acuerdo con los datos del INEGI, al cierre del gobierno de Felipe Calder\u00f3n la cifra se ubicaba en 21.3 billones de pesos y en 2006 cuando termin\u00f3 la administraci\u00f3n de Vicente Fox, estaba en 19 billones. Al cierre del a\u00f1o pasado el sector primario de la econom\u00eda tuvo un valor de un bill\u00f3n\u00a0\u00a0448 mil millones de pesos y represent\u00f3 4.4 por ciento del PIB\u2026 El titular del Servicio de Administraci\u00f3n Tributaria, Antonio Mart\u00ednez Dagnino, confirm\u00f3 que en enero se registr\u00f3 una recaudaci\u00f3n hist\u00f3rica de 517 mil 416 millones de pesos y anunci\u00f3 nuevas medidas contra evasores fiscales. Espec\u00edficamente se refiri\u00f3 a\u00a0<b>un programa especial para detectar todas las planeaciones fiscales agresivas, que son aquellas que hacen las empresas, que venden los despachos para comprar facturas y crear p\u00e9rdidas fiscales<\/b>. Con estas operaciones se obtienen supuestas p\u00e9rdidas fiscales que se restan de las utilidades, para no pagar impuestos y explic\u00f3 que en este tipo de acciones se han detectado tanto a empresas nacionales como extranjeras. Al presentarse en la ma\u00f1anera de este viernes, Mart\u00ednez Dagnino, se\u00f1al\u00f3 que para este a\u00f1o existe un plan espec\u00edfico\u00a0\u00a0para revisar a los grandes contribuyentes\u2026. El presidente de Estados Unidos,\u00a0<b>Donald Trump, amenaz\u00f3 el viernes con imponer aranceles a la madera y los productos silv\u00edcolas, los cuales ser\u00e1n de 25 por ciento<\/b>\u00a0y entrar\u00edan en vigor en marzo. \u201cVoy a anunciar aranceles sobre autom\u00f3viles, semiconductores, chips y productos farmac\u00e9uticos, medicamentos y productos farmac\u00e9uticos y madera, probablemente, y algunas otras cosas durante el pr\u00f3ximo mes o antes\u201d, dijo Trump en una conferencia en Miami. En comentarios a los periodistas en el Air Force One mientras viajaba de regreso a Washington, Trump dijo que estaba pensando en un arancel de 25 por ciento sobre la madera y los productos forestales, que\u00a0<b>entrar\u00eda en vigor alrededor del 2 de abril, cuando se espera un arancel sobre los autom\u00f3viles de alrededor de la misma cantidad.<\/b>\u00a0Dijo que esperaba que los aranceles generaran grandes ingresos para Estados Unidos, pero tambi\u00e9n ofreci\u00f3 a los pa\u00edses la posibilidad de una exenci\u00f3n si rebajaban o eliminaban sus propios aranceles sobre los productos estadunidenses\u2026\u00a0<b>M\u00e9xico se convirti\u00f3 en el quinto pa\u00eds del mundo que aprob\u00f3 un nuevo tratamiento para el Alzheimer.\u00a0<\/b>La Comisi\u00f3n Federal para la Protecci\u00f3n contra Riesgos Sanitarios (Cofepris), de la doctora Armida Z\u00fa\u00f1iga Estrada, dio el visto bueno a un tratamiento para esa enfermedad que se estima afecta a por lo menos 1.3 millones de personas s\u00f3lo en M\u00e9xico.\u00a0<b>Se trata de una terapia llamada Donanemab, que desarroll\u00f3 la farmac\u00e9utica Lilly<\/b>\u00a0que encabeza aqu\u00ed Karla Alc\u00e1zar Uribe, la cual establece un hito que redundar\u00e1 en el beneficio tanto de pacientes como de sus familiares y cuidadores, v\u00eda los profesionales de la salud, que contar\u00e1n con esta nueva alternativa en su arsenal terap\u00e9utico.<\/p>\n<p><a id=\"LPlnk542179\" title=\"mailto:filosofodelmetro@yahoo.com.mx\" href=\"mailto:filosofodelmetro@yahoo.com.mx\" data-linkindex=\"0\">filosofodelmetro@yahoo.com.mx<\/a><\/p>\n","protected":false},"excerpt":{"rendered":"<p>Diario ejecutivo El neo nazismo projud\u00edo sigue avanzando Las elecciones alemanas: muestra fehaciente PIB, 11 billones, Recaudaci\u00f3n, Madera, Alzheimer Roberto Fuentes Vivar &nbsp; Los resultados de las elecciones de este domingo en Alemania representan una idea muy clara de c\u00f3mo est\u00e1 avanzando la ultraderecha en el mundo occidental y con ella se gesta un movimiento neonazi global que, a diferencia de lo ocurrido en tercer reich, ahora podr\u00eda tener s\u00edmbolos projud\u00edos. Seg\u00fan los resultados preliminares de las elecciones alemanas (las m\u00e1s concurridas desde la unificaci\u00f3n), el conservador Friedrich Merz, gan\u00f3 los comicios con una coalici\u00f3n con la democracia cristiana, seguido [&hellip;]<\/p>\n","protected":false},"author":3,"featured_media":86153,"comment_status":"open","ping_status":"open","sticky":false,"template":"","format":"standard","meta":{"_jetpack_newsletter_access":"","_jetpack_dont_email_post_to_subs":false,"_jetpack_newsletter_tier_id":0,"_jetpack_memberships_contains_paywalled_content":false,"_jetpack_feature_clip_id":0,"_jetpack_memberships_contains_paid_content":false,"footnotes":"","jetpack_publicize_message":"","jetpack_publicize_feature_enabled":true,"jetpack_social_post_already_shared":true,"jetpack_social_options":{"image_generator_settings":{"template":"highway","default_image_id":0,"font":"","enabled":false},"version":2},"jetpack_post_was_ever_published":false},"categories":[79],"tags":[],"class_list":["post-114843","post","type-post","status-publish","format-standard","has-post-thumbnail","hentry","category-columnistas-nacionales","post--single"],"jetpack_publicize_connections":[],"jetpack_featured_media_url":"https:\/\/ovelanalista.com\/wp-content\/uploads\/2023\/11\/roberto_fuentes_vivar.jpeg","jetpack_sharing_enabled":true,"_links":{"self":[{"href":"https:\/\/ovelanalista.com\/index.php?rest_route=\/wp\/v2\/posts\/114843","targetHints":{"allow":["GET"]}}],"collection":[{"href":"https:\/\/ovelanalista.com\/index.php?rest_route=\/wp\/v2\/posts"}],"about":[{"href":"https:\/\/ovelanalista.com\/index.php?rest_route=\/wp\/v2\/types\/post"}],"author":[{"embeddable":true,"href":"https:\/\/ovelanalista.com\/index.php?rest_route=\/wp\/v2\/users\/3"}],"replies":[{"embeddable":true,"href":"https:\/\/ovelanalista.com\/index.php?rest_route=%2Fwp%2Fv2%2Fcomments&post=114843"}],"version-history":[{"count":1,"href":"https:\/\/ovelanalista.com\/index.php?rest_route=\/wp\/v2\/posts\/114843\/revisions"}],"predecessor-version":[{"id":114844,"href":"https:\/\/ovelanalista.com\/index.php?rest_route=\/wp\/v2\/posts\/114843\/revisions\/114844"}],"wp:featuredmedia":[{"embeddable":true,"href":"https:\/\/ovelanalista.com\/index.php?rest_route=\/wp\/v2\/media\/86153"}],"wp:attachment":[{"href":"https:\/\/ovelanalista.com\/index.php?rest_route=%2Fwp%2Fv2%2Fmedia&parent=114843"}],"wp:term":[{"taxonomy":"category","embeddable":true,"href":"https:\/\/ovelanalista.com\/index.php?rest_route=%2Fwp%2Fv2%2Fcategories&post=114843"},{"taxonomy":"post_tag","embeddable":true,"href":"https:\/\/ovelanalista.com\/index.php?rest_route=%2Fwp%2Fv2%2Ftags&post=114843"}],"curies":[{"name":"wp","href":"https:\/\/api.w.org\/{rel}","templated":true}]}}