{"id":114845,"date":"2025-02-24T11:20:23","date_gmt":"2025-02-24T18:20:23","guid":{"rendered":"https:\/\/ovelanalista.com\/?p=114845"},"modified":"2025-02-24T10:27:53","modified_gmt":"2025-02-24T17:27:53","slug":"colecta-de-cruz-roja-2025","status":"publish","type":"post","link":"https:\/\/ovelanalista.com\/?p=114845","title":{"rendered":"Colecta de Cruz Roja 2025"},"content":{"rendered":"<p><strong>CAF\u00c9 DE MA\u00d1ANA<\/strong><\/p>\n<p><strong>Por Jos\u00e9 Luis Enr\u00edquez Ambell<\/strong><\/p>\n<p>Este viernes 21 de febrero inici\u00f3 la colecta anual de la Cruz Roja Mexicana, y m\u00e1s all\u00e1 de la meta trazada en busca de obtener Mil MDP tambi\u00e9n es verdad que el sector gobierno en todos sus niveles y la iniciativa privada formal, sin descontar el comercio informal, no estar\u00eda mal que se sumar\u00e1n.<\/p>\n<p>Hoy entre los retos que enfrenta la benem\u00e9rita instituci\u00f3n, es el factor inseguridad en algunas regiones del pa\u00eds.<\/p>\n<p>As\u00ed como es importante el esfuerzo de toda la sociedad para aportar lo que sea posible para la colecta anual tambi\u00e9n, la poblaci\u00f3n en su conjunto debe respetar el emblema y la causa, pues \u201cel \u00fanico objetivo de la instituci\u00f3n y sus voluntarios es salvar vidas\u201d.<\/p>\n<p>El organismo est\u00e1 arribando a los 115 a\u00f1os de existencia, y siempre ha estado presente en los momentos necesarios para la sociedad de manera directa e indirecta, lo que debe llevar a todos a hacer conciencia en la necesidad de que si no le podemos aportar, tampoco hay que quitarle o restarle en sus recursos, de por si casi siempre limitados.<\/p>\n<p>En los protocolos de la instituci\u00f3n se ha dicho que la comunidad de todos los socorristas, sus param\u00e9dicos y quienes recolectan con los botes las aportaciones, han recibido charlas de capacitaci\u00f3n en materia de seguridad, pero esto no deber\u00eda suceder, pues si el objetivo es aportar tiempo y esfuerzo para salvar vidas, toda la poblaci\u00f3n debe aportar respetandoles y no causando problemas o posibles da\u00f1os.<\/p>\n<p>Las acciones de colecta y ayuda solidaria de la Cruz Roja, justifica que hagamos todos desde nuestras trincheras, un llamado a la colecta, pero tambi\u00e9n a la solidaridad de la poblaci\u00f3n sea cual sea su forma de vida o actividad.<\/p>\n<p>Tan solo un bloqueo carretero o vial \u2013 sea cual sea la raz\u00f3n y justificado o no \u2013 es importante no detener el trayecto de las ambulancias o la movilidad de los socorristas y en ello, est\u00e1 tambi\u00e9n la seguridad de quienes cooperan con sus capacidades desde la Cruz Roja a trav\u00e9s del boteo en todos los sitios posibles.<\/p>\n<p>La Cruz Roja cuenta con principios como son: la humanidad, imparcialidad, neutralidad, independencia, voluntariado, unidad y universalidad, de ah\u00ed que todos sin distingo, podemos contribuir con su objetivo, pues todo ayuda y suma a la benem\u00e9rita instituci\u00f3n, nada sobra o est\u00e1 de m\u00e1s.<\/p>\n<p><strong>DE SOBREMESA<\/strong><\/p>\n<p>As\u00ed pues, los miembros de las delegaciones de Cruz Roja: consejeros, voluntarios, camilleros, m\u00e9dicos, conductores y t\u00e9cnicos en urgencias medicas, as\u00ed como los recolectores que se mueven con sus botes y stickers, es necesario sean cuidados y respetados por todos, pues su tarea es de ayuda a la comunidad sin alg\u00fan distingo.<\/p>\n<p><strong>UN CAF\u00c9 CON DOBLE CARGA<\/strong><\/p>\n<p>Entre los renglones importantes de la Cruz Roja est\u00e1n la plena capacidad para que log\u00edstica y operativamente atiendan las emergencias incluso en en casos de impactos de la naturaleza o accidentes de gran magnitud que golpean la salud p\u00fablica, como lo vivimos durante el Covid.<\/p>\n<p><strong>UN CAF\u00c9 DE OLLA DE BARRO<\/strong><\/p>\n<p>El marco del D\u00eda de la Bandera este lunes 24 de febrero nos recuerda que en 1940 fue el Presidente L\u00e1zaro C\u00e1rdenas del Rio, quien lo estableci\u00f3 como fecha de conmemoraci\u00f3n y se public\u00f3 por decreto.<\/p>\n<p>Adem\u00e1s, recordemos el significado de los tres colores de nuestro L\u00e1baro Patrio.<\/p>\n<p>El verde representa la esperanza, el blanco significa la unidad y el rojo se traduce en la sangre de los h\u00e9roes y hero\u00ednas de M\u00e9xico.<\/p>\n<p><strong>UN CAF\u00c9 LECHERO VERACRUZANO<\/strong><\/p>\n<p>Este lunes durante el tradicional evento c\u00edvico, estar\u00e1 encabezado por la Gobernadora Roc\u00edo Nahle -en el Parque Ju\u00e1rez de Xalapa, a las 10:00 hrs \u2013 dentro del programa y protocolo prestablecido se espera el mensaje de la primera mujer titular del Poder Ejecutivo en Veracruz. As\u00ed que debemos entonar nuestro himno nacional fuerte y claro: \u00a1firmes ya !<\/p>\n<p>\u00a1ES CUANTO!<\/p>\n<p>enriquezambell@gmail.com;<br \/>\nenamjl62@gmail.com<\/p>\n","protected":false},"excerpt":{"rendered":"<p>CAF\u00c9 DE MA\u00d1ANA Por Jos\u00e9 Luis Enr\u00edquez Ambell Este viernes 21 de febrero inici\u00f3 la colecta anual de la Cruz Roja Mexicana, y m\u00e1s all\u00e1 de la meta trazada en busca de obtener Mil MDP tambi\u00e9n es verdad que el sector gobierno en todos sus niveles y la iniciativa privada formal, sin descontar el comercio informal, no estar\u00eda mal que se sumar\u00e1n. Hoy entre los retos que enfrenta la benem\u00e9rita instituci\u00f3n, es el factor inseguridad en algunas regiones del pa\u00eds. As\u00ed como es importante el esfuerzo de toda la sociedad para aportar lo que sea posible para la colecta anual [&hellip;]<\/p>\n","protected":false},"author":3,"featured_media":91558,"comment_status":"open","ping_status":"open","sticky":false,"template":"","format":"standard","meta":{"_jetpack_newsletter_access":"","_jetpack_dont_email_post_to_subs":false,"_jetpack_newsletter_tier_id":0,"_jetpack_memberships_contains_paywalled_content":false,"_jetpack_feature_clip_id":0,"_jetpack_memberships_contains_paid_content":false,"footnotes":"","jetpack_publicize_message":"","jetpack_publicize_feature_enabled":true,"jetpack_social_post_already_shared":true,"jetpack_social_options":{"image_generator_settings":{"template":"highway","default_image_id":0,"font":"","enabled":false},"version":2},"jetpack_post_was_ever_published":false},"categories":[79],"tags":[],"class_list":["post-114845","post","type-post","status-publish","format-standard","has-post-thumbnail","hentry","category-columnistas-nacionales","post--single"],"jetpack_publicize_connections":[],"jetpack_featured_media_url":"https:\/\/ovelanalista.com\/wp-content\/uploads\/2024\/03\/jose_luis_enriquez_ambell.jpeg","jetpack_sharing_enabled":true,"_links":{"self":[{"href":"https:\/\/ovelanalista.com\/index.php?rest_route=\/wp\/v2\/posts\/114845","targetHints":{"allow":["GET"]}}],"collection":[{"href":"https:\/\/ovelanalista.com\/index.php?rest_route=\/wp\/v2\/posts"}],"about":[{"href":"https:\/\/ovelanalista.com\/index.php?rest_route=\/wp\/v2\/types\/post"}],"author":[{"embeddable":true,"href":"https:\/\/ovelanalista.com\/index.php?rest_route=\/wp\/v2\/users\/3"}],"replies":[{"embeddable":true,"href":"https:\/\/ovelanalista.com\/index.php?rest_route=%2Fwp%2Fv2%2Fcomments&post=114845"}],"version-history":[{"count":1,"href":"https:\/\/ovelanalista.com\/index.php?rest_route=\/wp\/v2\/posts\/114845\/revisions"}],"predecessor-version":[{"id":114847,"href":"https:\/\/ovelanalista.com\/index.php?rest_route=\/wp\/v2\/posts\/114845\/revisions\/114847"}],"wp:featuredmedia":[{"embeddable":true,"href":"https:\/\/ovelanalista.com\/index.php?rest_route=\/wp\/v2\/media\/91558"}],"wp:attachment":[{"href":"https:\/\/ovelanalista.com\/index.php?rest_route=%2Fwp%2Fv2%2Fmedia&parent=114845"}],"wp:term":[{"taxonomy":"category","embeddable":true,"href":"https:\/\/ovelanalista.com\/index.php?rest_route=%2Fwp%2Fv2%2Fcategories&post=114845"},{"taxonomy":"post_tag","embeddable":true,"href":"https:\/\/ovelanalista.com\/index.php?rest_route=%2Fwp%2Fv2%2Ftags&post=114845"}],"curies":[{"name":"wp","href":"https:\/\/api.w.org\/{rel}","templated":true}]}}