{"id":115228,"date":"2025-02-10T16:18:05","date_gmt":"2025-02-10T23:18:05","guid":{"rendered":"https:\/\/ovelanalista.com\/?p=115228"},"modified":"2025-02-27T16:20:22","modified_gmt":"2025-02-27T23:20:22","slug":"desde-que-esta-el-alcalde-vargas-nos-sentimos-mas-respaldados-los-floristas-omar-morales","status":"publish","type":"post","link":"https:\/\/ovelanalista.com\/?p=115228","title":{"rendered":"\u201cDesde que est\u00e1 el alcalde Vargas, nos sentimos m\u00e1s respaldados los Floristas\u201d: Omar Morales."},"content":{"rendered":"<p><em><strong>*Representantes de la Asociaci\u00f3n de Floristas del Norte de Sinaloa, se reunieron con el Alcalde Gerardo Vargas y funcionarios, para definir estrategias que garanticen a los comerciantes de casa evitar competencia desleal de \u201cgolondrinos\u201d \u2026<\/strong><\/em><\/p>\n<p><strong>Los Mochis, Ahome, Sinaloa, a 10 de Febrero del 2025.-<\/strong>\u00a0Directivos de la Asociaci\u00f3n de Florer\u00edas del Norte de Sinaloa encabezados por su l\u00edder Carlos Leyva Duarte, se reunieron con el Alcalde Gerardo Vargas Landeros y algunos funcionarios, para revisar juntos el operativo comercial por la venta de flores en el marco del D\u00eda de la Amistad el 14 de febrero.<\/p>\n<p>Al terminar la reuni\u00f3n, el Presidente de dicha Asociaci\u00f3n expres\u00f3 estar muy contento porque fue una reuni\u00f3n muy productiva.<\/p>\n<p>\u201cNos recibi\u00f3 el Alcalde Gerardo Vargas junto con el Director de Inspecci\u00f3n y Normatividad y el Secretario de Seguridad, y acordamos trabajar en unidad en favor de los expendedores de flores de la localidad y de los consumidores, para que la derrama econ\u00f3mica se quede en casa\u201d, dijo.<\/p>\n<p>De igual forma se expres\u00f3 Omar Morales, comerciante e integrante de dicho organismo. \u201cTomamos como ejemplo la uni\u00f3n de trabajo del equipo del Alcalde Gerardo Vargas, como en este caso Seguridad, Inspecci\u00f3n y Tr\u00e1nsito, que nos apoyar\u00e1n para no permitir que vendedores \u2018golondrinos\u2019, vengan a llevarse nuestros recursos\u201d.<\/p>\n<p>\u201cSentimos ese respaldo y con esa confianza que nos brindan esperamos que este a\u00f1o nos vaya mejor, y vamos a tomar como ejemplo esta coordinaci\u00f3n con el Municipio de Ahome, para que se replique en los municipios aleda\u00f1os, donde tenemos presencia como vendedores organizados\u201d, expresaron Leyva y Morales.<\/p>\n<p>Por su parte, el Director de Inspecci\u00f3n y Normatividad (DIN), Enrique L\u00f3pez Miranda, dijo que los comerciantes se manifestaron muy contentos y agradecidos porque la instrucci\u00f3n del Alcalde es que se les apoye en todo para evitar la venta de flores por parte de \u201cgolondrinos\u201d, y reforzar la coordinaci\u00f3n con los de la localidad, para brindarles seguridad en sus ventas.<\/p>\n<p>Ambas partes aprovecharon para invitar a los compradores locales a que adquieran sus productos en los establecimientos organizados donde se les brinda garant\u00eda de precio, calidad y seguridad en la compra.<\/p>\n","protected":false},"excerpt":{"rendered":"<p>*Representantes de la Asociaci\u00f3n de Floristas del Norte de Sinaloa, se reunieron con el Alcalde Gerardo Vargas y funcionarios, para definir estrategias que garanticen a los comerciantes de casa evitar competencia desleal de \u201cgolondrinos\u201d \u2026 Los Mochis, Ahome, Sinaloa, a 10 de Febrero del 2025.-\u00a0Directivos de la Asociaci\u00f3n de Florer\u00edas del Norte de Sinaloa encabezados por su l\u00edder Carlos Leyva Duarte, se reunieron con el Alcalde Gerardo Vargas Landeros y algunos funcionarios, para revisar juntos el operativo comercial por la venta de flores en el marco del D\u00eda de la Amistad el 14 de febrero. Al terminar la reuni\u00f3n, el [&hellip;]<\/p>\n","protected":false},"author":3,"featured_media":115230,"comment_status":"open","ping_status":"open","sticky":false,"template":"","format":"standard","meta":{"_jetpack_newsletter_access":"","_jetpack_dont_email_post_to_subs":false,"_jetpack_newsletter_tier_id":0,"_jetpack_memberships_contains_paywalled_content":false,"_jetpack_feature_clip_id":0,"_jetpack_memberships_contains_paid_content":false,"footnotes":"","jetpack_publicize_message":"\u201cDesde que est\u00e1 el alcalde Vargas, nos sentimos m\u00e1s respaldados los Floristas\u201d: Omar Morales.","jetpack_publicize_feature_enabled":true,"jetpack_social_post_already_shared":true,"jetpack_social_options":{"image_generator_settings":{"template":"highway","default_image_id":0,"font":"","enabled":false},"version":2},"jetpack_post_was_ever_published":false},"categories":[72,85],"tags":[],"class_list":["post-115228","post","type-post","status-publish","format-standard","has-post-thumbnail","hentry","category-portada","category-sinaloa-norte","post--single"],"jetpack_publicize_connections":[],"jetpack_featured_media_url":"https:\/\/ovelanalista.com\/wp-content\/uploads\/2025\/02\/GERARDO.VARGAS-2.jpeg","jetpack_sharing_enabled":true,"_links":{"self":[{"href":"https:\/\/ovelanalista.com\/index.php?rest_route=\/wp\/v2\/posts\/115228","targetHints":{"allow":["GET"]}}],"collection":[{"href":"https:\/\/ovelanalista.com\/index.php?rest_route=\/wp\/v2\/posts"}],"about":[{"href":"https:\/\/ovelanalista.com\/index.php?rest_route=\/wp\/v2\/types\/post"}],"author":[{"embeddable":true,"href":"https:\/\/ovelanalista.com\/index.php?rest_route=\/wp\/v2\/users\/3"}],"replies":[{"embeddable":true,"href":"https:\/\/ovelanalista.com\/index.php?rest_route=%2Fwp%2Fv2%2Fcomments&post=115228"}],"version-history":[{"count":1,"href":"https:\/\/ovelanalista.com\/index.php?rest_route=\/wp\/v2\/posts\/115228\/revisions"}],"predecessor-version":[{"id":115232,"href":"https:\/\/ovelanalista.com\/index.php?rest_route=\/wp\/v2\/posts\/115228\/revisions\/115232"}],"wp:featuredmedia":[{"embeddable":true,"href":"https:\/\/ovelanalista.com\/index.php?rest_route=\/wp\/v2\/media\/115230"}],"wp:attachment":[{"href":"https:\/\/ovelanalista.com\/index.php?rest_route=%2Fwp%2Fv2%2Fmedia&parent=115228"}],"wp:term":[{"taxonomy":"category","embeddable":true,"href":"https:\/\/ovelanalista.com\/index.php?rest_route=%2Fwp%2Fv2%2Fcategories&post=115228"},{"taxonomy":"post_tag","embeddable":true,"href":"https:\/\/ovelanalista.com\/index.php?rest_route=%2Fwp%2Fv2%2Ftags&post=115228"}],"curies":[{"name":"wp","href":"https:\/\/api.w.org\/{rel}","templated":true}]}}