{"id":115229,"date":"2025-02-12T16:18:19","date_gmt":"2025-02-12T23:18:19","guid":{"rendered":"https:\/\/ovelanalista.com\/?p=115229"},"modified":"2025-02-27T16:20:42","modified_gmt":"2025-02-27T23:20:42","slug":"si-hay-festival-pala-papa-los-mochis-2025-el-22-de-febrero","status":"publish","type":"post","link":"https:\/\/ovelanalista.com\/?p=115229","title":{"rendered":"S\u00ed hay \u201cFestival Pa\u2019la Papa Los Mochis 2025\u201d, el 22 de febrero."},"content":{"rendered":"<p><em><strong>Este a\u00f1o se donar\u00e1n 25 toneladas del producto: el s\u00e1bado 22 en la Zona 30 por la calle Zaragoza y el domingo 23 en el kiosko de la Plazuela 27 de Septiembre\u2026<\/strong><\/em><\/p>\n<p><strong>Los Mochis, Ahome, Sinaloa, a 12 de Febrero del 2025.-<\/strong>\u00a0Los Mochis consolida su esplendor como ciudad anfitriona de propios y visitantes, y aprovechando ser una de las 5 localidades m\u00e1s seguras y din\u00e1micas del pa\u00eds, invita al p\u00fablico en general a la octava edici\u00f3n del Festival Pa\u2019la Papa 2025 el d\u00eda s\u00e1bado 22 de febrero de las 9 a las 20 horas en la Zona 30 por la calle Zaragoza, con acceso libre y donaci\u00f3n de papas.<\/p>\n<p>H\u00e9ctor Emanuel Ibarra Flores, Secretario de Econom\u00eda del Ayuntamiento de Ahome, acompa\u00f1\u00f3 a los productores de papa en la presentaci\u00f3n del programa, y a nombre del Alcalde Gerardo Octavio Vargas Landeros, los felicit\u00f3 por el \u00edmpetu de continuar realizando esta singular fiesta popular, que beneficia a las familias con donativo de toneladas de papa en un ambiente de festival art\u00edstico cultural.<\/p>\n<p>\u201cYa todos sabemos que somos la capital de la producci\u00f3n de papa y que este sector es el orgullo no solo de Ahome, sino de Sinaloa y M\u00e9xico, por eso cuenten con todo el apoyo del Gobierno Municipal que encabeza el Alcalde Gerardo Vargas\u201d,<\/p>\n<p>Jorge L\u00f3pez, Presidente de los Productores de Papa, acompa\u00f1ado de Jos\u00e9 Blanchet y Jos\u00e9 Urquijo, entre otros integrantes de dicho organismo productivo, explic\u00f3 que el Festival Pa\u2019la Papa Los Mochis 2025 ser\u00e1 el s\u00e1bado 22 de febrero de las 9 de la ma\u00f1ana a las 7 de la tarde en la Zona 30 del centro de la ciudad, por la calle Zaragoza.<\/p>\n<p>\u201cEse d\u00eda, como es costumbre, tendremos actividades educativas para los ni\u00f1os en el campo, donde cosechar\u00e1n papa, y a partir de las 9 de la ma\u00f1ana el festival art\u00edstico cultural, degustaci\u00f3n gastron\u00f3mica a base de papa, y donaci\u00f3n de 25 toneladas del producto\u201d.<br \/>\nLa invitaci\u00f3n es abierta y gratuita para toda la poblaci\u00f3n, para que aproveche y aprenda c\u00f3mo cocinar de diferentes maneras la papa, y de paso se lleven un donativo del producto.<\/p>\n<p>El evento culmina el domingo 23, a las 11 de la ma\u00f1ana, con misa de acci\u00f3n de gracias en la iglesia del Sagrado Coraz\u00f3n, y al terminar la eucarist\u00eda, donativo de papa en el kiosko de la Plazuela 27 de Septiembre.<\/p>\n<p>Este a\u00f1o lo que se recaude ser\u00e1 destinado a los programas del Sistema para el Desarrollo Integral de la Familia (DIF) Ahome, y a nombre de dicho organismo y de la Presidenta del mismo, se\u00f1ora M\u00f3nica Torres de Vargas, estuvo presente la Directora de la instituci\u00f3n, Alba Luz Mart\u00ednez L\u00f3pez, quien agradeci\u00f3 este bonito gesto de los productores ahomenses, ya que eso les permite beneficiar a m\u00e1s familias en situaci\u00f3n vulnerable en el tema de la alimentaci\u00f3n.<\/p>\n","protected":false},"excerpt":{"rendered":"<p>Este a\u00f1o se donar\u00e1n 25 toneladas del producto: el s\u00e1bado 22 en la Zona 30 por la calle Zaragoza y el domingo 23 en el kiosko de la Plazuela 27 de Septiembre\u2026 Los Mochis, Ahome, Sinaloa, a 12 de Febrero del 2025.-\u00a0Los Mochis consolida su esplendor como ciudad anfitriona de propios y visitantes, y aprovechando ser una de las 5 localidades m\u00e1s seguras y din\u00e1micas del pa\u00eds, invita al p\u00fablico en general a la octava edici\u00f3n del Festival Pa\u2019la Papa 2025 el d\u00eda s\u00e1bado 22 de febrero de las 9 a las 20 horas en la Zona 30 por la [&hellip;]<\/p>\n","protected":false},"author":3,"featured_media":115231,"comment_status":"open","ping_status":"open","sticky":false,"template":"","format":"standard","meta":{"_jetpack_newsletter_access":"","_jetpack_dont_email_post_to_subs":false,"_jetpack_newsletter_tier_id":0,"_jetpack_memberships_contains_paywalled_content":false,"_jetpack_feature_clip_id":0,"_jetpack_memberships_contains_paid_content":false,"footnotes":"","jetpack_publicize_message":"S\u00ed hay \u201cFestival Pa\u2019la Papa Los Mochis 2025\u201d, el 22 de febrero.","jetpack_publicize_feature_enabled":true,"jetpack_social_post_already_shared":true,"jetpack_social_options":{"image_generator_settings":{"template":"highway","default_image_id":0,"font":"","enabled":false},"version":2},"jetpack_post_was_ever_published":false},"categories":[72,85],"tags":[],"class_list":["post-115229","post","type-post","status-publish","format-standard","has-post-thumbnail","hentry","category-portada","category-sinaloa-norte","post--single"],"jetpack_publicize_connections":[],"jetpack_featured_media_url":"https:\/\/ovelanalista.com\/wp-content\/uploads\/2025\/02\/PALAPAPA.jpeg","jetpack_sharing_enabled":true,"_links":{"self":[{"href":"https:\/\/ovelanalista.com\/index.php?rest_route=\/wp\/v2\/posts\/115229","targetHints":{"allow":["GET"]}}],"collection":[{"href":"https:\/\/ovelanalista.com\/index.php?rest_route=\/wp\/v2\/posts"}],"about":[{"href":"https:\/\/ovelanalista.com\/index.php?rest_route=\/wp\/v2\/types\/post"}],"author":[{"embeddable":true,"href":"https:\/\/ovelanalista.com\/index.php?rest_route=\/wp\/v2\/users\/3"}],"replies":[{"embeddable":true,"href":"https:\/\/ovelanalista.com\/index.php?rest_route=%2Fwp%2Fv2%2Fcomments&post=115229"}],"version-history":[{"count":1,"href":"https:\/\/ovelanalista.com\/index.php?rest_route=\/wp\/v2\/posts\/115229\/revisions"}],"predecessor-version":[{"id":115233,"href":"https:\/\/ovelanalista.com\/index.php?rest_route=\/wp\/v2\/posts\/115229\/revisions\/115233"}],"wp:featuredmedia":[{"embeddable":true,"href":"https:\/\/ovelanalista.com\/index.php?rest_route=\/wp\/v2\/media\/115231"}],"wp:attachment":[{"href":"https:\/\/ovelanalista.com\/index.php?rest_route=%2Fwp%2Fv2%2Fmedia&parent=115229"}],"wp:term":[{"taxonomy":"category","embeddable":true,"href":"https:\/\/ovelanalista.com\/index.php?rest_route=%2Fwp%2Fv2%2Fcategories&post=115229"},{"taxonomy":"post_tag","embeddable":true,"href":"https:\/\/ovelanalista.com\/index.php?rest_route=%2Fwp%2Fv2%2Ftags&post=115229"}],"curies":[{"name":"wp","href":"https:\/\/api.w.org\/{rel}","templated":true}]}}