{"id":115241,"date":"2025-02-23T16:25:34","date_gmt":"2025-02-23T23:25:34","guid":{"rendered":"https:\/\/ovelanalista.com\/?p=115241"},"modified":"2025-02-27T16:27:38","modified_gmt":"2025-02-27T23:27:38","slug":"gerardo-vargas-reafirma-su-compromiso-para-fortalecer-al-sector-ganadero","status":"publish","type":"post","link":"https:\/\/ovelanalista.com\/?p=115241","title":{"rendered":"Gerardo Vargas reafirma su compromiso para fortalecer al sector ganadero."},"content":{"rendered":"<p><strong><em>El Alcalde de Ahome, quien encabez\u00f3 la toma de protesta de la nueva Directiva de la Asociaci\u00f3n Ganadera Local, inform\u00f3 que en los pr\u00f3ximos d\u00edas se contar\u00e1 con la visita del director de Liconsa para cumplir con una promesa que se le hizo a los ganaderos\u2026<\/em><\/strong><\/p>\n<p><strong><em>\u00a0<\/em><\/strong><\/p>\n<p><strong>Los Mochis, Ahome, Sinaloa, a 23 de Febrero del 2025.-\u00a0<\/strong>En un evento multitudinario y cargado de emotividad, se llev\u00f3 a cabo la toma de protesta del nuevo Consejo Directivo de la Asociaci\u00f3n Ganadera Local para el periodo 2025-2027. La ceremonia cont\u00f3 con la presencia del Alcalde de Ahome, Gerardo Vargas Landeros, quien fue acompa\u00f1ado de la Diputada Federal, Ana Ayala, as\u00ed como representantes ganaderos, quienes reafirmaron su compromiso con el desarrollo y fortalecimiento del sector en la regi\u00f3n.<\/p>\n<p>&nbsp;<\/p>\n<p>El Presidente Gerardo Vargas Landeros destac\u00f3 la importancia de la unidad del sector y agradeci\u00f3 el trabajo del presidente saliente, Rosario Mar\u00edn Valdez Verduzco. \u201cMar\u00edn sembr\u00f3 la semilla, le va a tocar a Tirzo regar esa semilla, fertilizarla para que les d\u00e9 fruto muy pronto\u201d, expres\u00f3 el Alcalde de Ahome.<\/p>\n<p>&nbsp;<\/p>\n<p>Adem\u00e1s, el edil anunci\u00f3 que el Gobierno Federal trabajar\u00e1 en la pronta restauraci\u00f3n del estatus zoosanitario del municipio y que en los pr\u00f3ximos d\u00edas el Director de Liconsa, Antonio Talamantes, visitar\u00e1 Ahome para cumplir con el compromiso que ya se ten\u00eda pactado. \u201cVienen nuevos tiempos para ustedes, les recuerdo que yo tengo un compromiso personal porque hace dos a\u00f1os me tomaron protesta como nuevo miembro de esta asociaci\u00f3n, y por lo tanto reitero todo mi compromiso y apoyo para que podamos salir adelante\u201d, agreg\u00f3.<\/p>\n<p>&nbsp;<\/p>\n<p>Por su parte, la Diputada Federal Ana Ayala Leyva resalt\u00f3 el papel fundamental del sector ganadero en la econom\u00eda local y nacional. \u201cVamos a hacer equipo desde el Gobierno Federal, como sabemos trabajar los ahomenses, presentarnos en nuestro estado y seguir siendo el orgullo sinaloense\u201d, mencion\u00f3. Tambi\u00e9n enfatiz\u00f3 la importancia de saldar las deudas hist\u00f3ricas con el sector y de trabajar en conjunto para fortalecerlo.<\/p>\n<p>&nbsp;<\/p>\n<p>El nuevo presidente de la Asociaci\u00f3n Ganadera Local, Tirzo Robles Camargo, asumi\u00f3 el reto con entusiasmo y comprometi\u00f3 su esfuerzo para mejorar las condiciones del gremio. \u201cEs un gran reto que estamos asumiendo todos los que ahorita tomamos protesta, porque tenemos que trabajar para recuperar el estatus sanitario. Es muy importante tener un nivel de estatus sanitario porque vamos a poder vender becerros a buen precio\u201d, se\u00f1al\u00f3.<\/p>\n<p>&nbsp;<\/p>\n<p>Finalmente, el presidente saliente, Rosario Mar\u00edn Valdez Verduzco, expres\u00f3 su alegr\u00eda por la continuidad de esta tradici\u00f3n ganadera y agradeci\u00f3 el respaldo del Gobierno Municipal. \u201cMe da gusto que esta siga renaciendo, que siga adelante, que nos sigan apoyando, porque tenemos un presidente municipal que nos apoya en las cabalgatas y quiere mucho a nosotros los ganaderos\u201d, afirm\u00f3.<\/p>\n<p>&nbsp;<\/p>\n<p>Con esta renovaci\u00f3n en la dirigencia, el sector ganadero de Ahome se encamina a una etapa de nuevos proyectos y retos, con la promesa de trabajar de la mano con las autoridades para fortalecer su desarrollo y garantizar mejores condiciones para los productores locales.<\/p>\n","protected":false},"excerpt":{"rendered":"<p>El Alcalde de Ahome, quien encabez\u00f3 la toma de protesta de la nueva Directiva de la Asociaci\u00f3n Ganadera Local, inform\u00f3 que en los pr\u00f3ximos d\u00edas se contar\u00e1 con la visita del director de Liconsa para cumplir con una promesa que se le hizo a los ganaderos\u2026 \u00a0 Los Mochis, Ahome, Sinaloa, a 23 de Febrero del 2025.-\u00a0En un evento multitudinario y cargado de emotividad, se llev\u00f3 a cabo la toma de protesta del nuevo Consejo Directivo de la Asociaci\u00f3n Ganadera Local para el periodo 2025-2027. La ceremonia cont\u00f3 con la presencia del Alcalde de Ahome, Gerardo Vargas Landeros, quien fue [&hellip;]<\/p>\n","protected":false},"author":3,"featured_media":115243,"comment_status":"open","ping_status":"open","sticky":false,"template":"","format":"standard","meta":{"_jetpack_newsletter_access":"","_jetpack_dont_email_post_to_subs":false,"_jetpack_newsletter_tier_id":0,"_jetpack_memberships_contains_paywalled_content":false,"_jetpack_feature_clip_id":0,"_jetpack_memberships_contains_paid_content":false,"footnotes":"","jetpack_publicize_message":"Gerardo Vargas reafirma su compromiso para fortalecer al sector ganadero.","jetpack_publicize_feature_enabled":true,"jetpack_social_post_already_shared":true,"jetpack_social_options":{"image_generator_settings":{"template":"highway","default_image_id":0,"font":"","enabled":false},"version":2},"jetpack_post_was_ever_published":false},"categories":[72,85],"tags":[],"class_list":["post-115241","post","type-post","status-publish","format-standard","has-post-thumbnail","hentry","category-portada","category-sinaloa-norte","post--single"],"jetpack_publicize_connections":[],"jetpack_featured_media_url":"https:\/\/ovelanalista.com\/wp-content\/uploads\/2025\/02\/WhatsApp-Image-2025-02-23-at-4.50.09-PM.jpeg","jetpack_sharing_enabled":true,"_links":{"self":[{"href":"https:\/\/ovelanalista.com\/index.php?rest_route=\/wp\/v2\/posts\/115241","targetHints":{"allow":["GET"]}}],"collection":[{"href":"https:\/\/ovelanalista.com\/index.php?rest_route=\/wp\/v2\/posts"}],"about":[{"href":"https:\/\/ovelanalista.com\/index.php?rest_route=\/wp\/v2\/types\/post"}],"author":[{"embeddable":true,"href":"https:\/\/ovelanalista.com\/index.php?rest_route=\/wp\/v2\/users\/3"}],"replies":[{"embeddable":true,"href":"https:\/\/ovelanalista.com\/index.php?rest_route=%2Fwp%2Fv2%2Fcomments&post=115241"}],"version-history":[{"count":1,"href":"https:\/\/ovelanalista.com\/index.php?rest_route=\/wp\/v2\/posts\/115241\/revisions"}],"predecessor-version":[{"id":115245,"href":"https:\/\/ovelanalista.com\/index.php?rest_route=\/wp\/v2\/posts\/115241\/revisions\/115245"}],"wp:featuredmedia":[{"embeddable":true,"href":"https:\/\/ovelanalista.com\/index.php?rest_route=\/wp\/v2\/media\/115243"}],"wp:attachment":[{"href":"https:\/\/ovelanalista.com\/index.php?rest_route=%2Fwp%2Fv2%2Fmedia&parent=115241"}],"wp:term":[{"taxonomy":"category","embeddable":true,"href":"https:\/\/ovelanalista.com\/index.php?rest_route=%2Fwp%2Fv2%2Fcategories&post=115241"},{"taxonomy":"post_tag","embeddable":true,"href":"https:\/\/ovelanalista.com\/index.php?rest_route=%2Fwp%2Fv2%2Ftags&post=115241"}],"curies":[{"name":"wp","href":"https:\/\/api.w.org\/{rel}","templated":true}]}}