{"id":115686,"date":"2025-03-06T10:50:48","date_gmt":"2025-03-06T17:50:48","guid":{"rendered":"https:\/\/ovelanalista.com\/?p=115686"},"modified":"2025-03-06T10:15:36","modified_gmt":"2025-03-06T17:15:36","slug":"alimentos-en-cuaresma-y-la-iglesia-catolica","status":"publish","type":"post","link":"https:\/\/ovelanalista.com\/?p=115686","title":{"rendered":"Alimentos en cuaresma y la Iglesia Cat\u00f3lica"},"content":{"rendered":"<p><strong>CAF\u00c9 DE MA\u00d1ANA<\/strong><\/p>\n<p><strong>Por Jos\u00e9 Luis Enr\u00edquez Ambell<\/strong><\/p>\n<p>&nbsp;<\/p>\n<p>En la comunidad de los fieles cat\u00f3licos, la Cuaresma comenz\u00f3 este Mi\u00e9rcoles de Ceniza, dando inicio a las celebraciones de la Semana Santa, periodo en el que se recuerda la muerte y resurrecci\u00f3n de Jesucristo.<\/p>\n<p>Estas fechas est\u00e1n llenas de costumbres, rituales, de oraci\u00f3n e incluso sacrificios en la poblaci\u00f3n cat\u00f3lica, uno de estos es evitar el consumo de carnes rojas, y se recurre a reemplazarlos en la dieta por alimentos como el pescado y los mariscos, sin hacer menos al pollo y otros alimentos vegetales, pues la econom\u00eda en t\u00e9rminos de poder adquisitivo es hoy lo que rije la alimentaci\u00f3n en los hogares cat\u00f3licos y tambi\u00e9n los no cat\u00f3licos, m\u00e1s all\u00e1 de las tradiciones de la Iglesia Romana.<\/p>\n<p>En recientes a\u00f1os, y por acuerdo del Vaticano, la Cuaresma es un tiempo para renovar la fe, la esperanza y la caridad, pero tambi\u00e9n ha pedido flexibilizar el ayuno, as\u00ed como, el consumo de no carnes rojas, y como reconocimiento a la carest\u00eda de la vida por razones de la falta de ingresos suficientes en hogares, m\u00e1s all\u00e1 de las estad\u00edsticas y encuestas del INEGI en las mediciones de la econom\u00eda.<\/p>\n<p>As\u00ed pues, la prohibici\u00f3n para consumir estos alimentos tanto el mi\u00e9rcoles de ceniza como los viernes de cuaresma se remonta al siglo II y tiene un significado de purificaci\u00f3n para todos los cristianos, seg\u00fan cuenta la historia. Y es que para la fe cat\u00f3lica evitar el consumo de carne roja es un acto para honrar a Jesucristo, quien pas\u00f3 40 d\u00edas en el desierto sin comer ni beber nada.<\/p>\n<p>Mientras que en la Biblia hebrea se describe que la carne blanca, las aves y el pescado se pueden comer en ayunos porque son una especie que viene del agua y el cielo, mientras que la carne roja proviene de los animales que viven en tierra y vinculados a lo mundano.<\/p>\n<p>As\u00ed pues, desde el mi\u00e9rcoles de ceniza hasta la Semana Santa, la iglesia cat\u00f3lica pide a sus fieles vivir en un periodo de oraci\u00f3n y realizar sacrificios como la abstinencia y el ayuno, pero en reconocimiento y respeto a la carest\u00eda de la vida en recientes a\u00f1os, ha flexibilizado el hecho de evitar el consumo de alimentos y recomienda comer lo que Dios provea, sin otra limitante.<\/p>\n<p>Bien dice el refr\u00e1n: \u201ccuando hay para carne es vigilia\u201d.<\/p>\n<p><strong>DE SOBREMESA<\/strong><\/p>\n<p>Por cierto, hace unos meses previo al proceso electoral del 2024 y donde se eligi\u00f3 a Claudia Sheinbaum como primer Presidenta de M\u00e9xico visit\u00f3 al Santo Padre (Papa Francisco).<\/p>\n<p>En su momento se dijo que no hab\u00eda sido una visita oficial \u2013 es de suponer que la agenda del Vaticano tiene todo un protocolo y formato prestablecido \u2013 y en este momento el estado de salud del Papa, quiz\u00e1 est\u00e9 impidiendo la intervenci\u00f3n a trav\u00e9s del mensaje en torno a convocar al Presidente de Estados Unidos a encontrar el mejor di\u00e1logo con sus hom\u00f3logos de M\u00e9xico y Canad\u00e1 por razones arancelarias<\/p>\n<p>Supondr\u00eda que entre las negociaciones para encontrar acuerdos en \u201cla guerra comercial\u201d de USA contra M\u00e9xico, a trav\u00e9s de los \u00f3rganos internos de la iglesia cat\u00f3lica, la Nunciatura y la Embajada en Roma,- ya lo sabremos m\u00e1s adelante,- sin descontar canales no oficiales, podr\u00edan estarse articulando actualmente.<\/p>\n<p>Y es que el Papa busca atraer feligreses por todas las v\u00edas a la Iglesia Cat\u00f3lica y Romana, y en el caso de nuestro pa\u00eds en la pasada transici\u00f3n sexenal, la iglesia jug\u00f3 un rol importante.<\/p>\n<p><strong>UN CAF\u00c9 LECHERO LIGTH<\/strong><\/p>\n<p>Las licencias y renuncias aumentar\u00e1n en este mes, en torno a las pre candidaturas por la elecci\u00f3n de ayuntamientos y en se sentido no hay que descartar que actuales alcaldes se incorporen a otras posiciones incluyendo a la invitaci\u00f3n de la Gobernadora Nahle.<\/p>\n<p><strong>UN CAF\u00c9 CON DOBLE CARGA<\/strong><\/p>\n<p>Hay logros en los primeros 100 D\u00edas del Gobierno de Nahle, e igualmente parece que se medir\u00e1n los tropiezos y aciertos de todo su gabinete y cuadros sectoriales.<\/p>\n<p>Hace algunas semanas la ingeniera fue muy puntual al declarar en torno a su equipo: \u201csi una persona llega a quejarse conmigo es porque ustedes no los atendieron a tiempo. Estamos para servir a la gente, no me importa la hora o el d\u00eda; su obligaci\u00f3n es escuchar, informar y tratar de finiquitar cada asunto\u201d.<\/p>\n<p>\u00a1ES CUANTO!<\/p>\n<p>enriquezambell@gmail.com;<br \/>\nenamjl62@gmail.com<\/p>\n","protected":false},"excerpt":{"rendered":"<p>CAF\u00c9 DE MA\u00d1ANA Por Jos\u00e9 Luis Enr\u00edquez Ambell &nbsp; En la comunidad de los fieles cat\u00f3licos, la Cuaresma comenz\u00f3 este Mi\u00e9rcoles de Ceniza, dando inicio a las celebraciones de la Semana Santa, periodo en el que se recuerda la muerte y resurrecci\u00f3n de Jesucristo. Estas fechas est\u00e1n llenas de costumbres, rituales, de oraci\u00f3n e incluso sacrificios en la poblaci\u00f3n cat\u00f3lica, uno de estos es evitar el consumo de carnes rojas, y se recurre a reemplazarlos en la dieta por alimentos como el pescado y los mariscos, sin hacer menos al pollo y otros alimentos vegetales, pues la econom\u00eda en t\u00e9rminos [&hellip;]<\/p>\n","protected":false},"author":3,"featured_media":91558,"comment_status":"open","ping_status":"open","sticky":false,"template":"","format":"standard","meta":{"_jetpack_newsletter_access":"","_jetpack_dont_email_post_to_subs":false,"_jetpack_newsletter_tier_id":0,"_jetpack_memberships_contains_paywalled_content":false,"_jetpack_feature_clip_id":0,"_jetpack_memberships_contains_paid_content":false,"footnotes":"","jetpack_publicize_message":"","jetpack_publicize_feature_enabled":true,"jetpack_social_post_already_shared":true,"jetpack_social_options":{"image_generator_settings":{"template":"highway","default_image_id":0,"font":"","enabled":false},"version":2},"jetpack_post_was_ever_published":false},"categories":[79],"tags":[],"class_list":["post-115686","post","type-post","status-publish","format-standard","has-post-thumbnail","hentry","category-columnistas-nacionales","post--single"],"jetpack_publicize_connections":[],"jetpack_featured_media_url":"https:\/\/ovelanalista.com\/wp-content\/uploads\/2024\/03\/jose_luis_enriquez_ambell.jpeg","jetpack_sharing_enabled":true,"_links":{"self":[{"href":"https:\/\/ovelanalista.com\/index.php?rest_route=\/wp\/v2\/posts\/115686","targetHints":{"allow":["GET"]}}],"collection":[{"href":"https:\/\/ovelanalista.com\/index.php?rest_route=\/wp\/v2\/posts"}],"about":[{"href":"https:\/\/ovelanalista.com\/index.php?rest_route=\/wp\/v2\/types\/post"}],"author":[{"embeddable":true,"href":"https:\/\/ovelanalista.com\/index.php?rest_route=\/wp\/v2\/users\/3"}],"replies":[{"embeddable":true,"href":"https:\/\/ovelanalista.com\/index.php?rest_route=%2Fwp%2Fv2%2Fcomments&post=115686"}],"version-history":[{"count":1,"href":"https:\/\/ovelanalista.com\/index.php?rest_route=\/wp\/v2\/posts\/115686\/revisions"}],"predecessor-version":[{"id":115689,"href":"https:\/\/ovelanalista.com\/index.php?rest_route=\/wp\/v2\/posts\/115686\/revisions\/115689"}],"wp:featuredmedia":[{"embeddable":true,"href":"https:\/\/ovelanalista.com\/index.php?rest_route=\/wp\/v2\/media\/91558"}],"wp:attachment":[{"href":"https:\/\/ovelanalista.com\/index.php?rest_route=%2Fwp%2Fv2%2Fmedia&parent=115686"}],"wp:term":[{"taxonomy":"category","embeddable":true,"href":"https:\/\/ovelanalista.com\/index.php?rest_route=%2Fwp%2Fv2%2Fcategories&post=115686"},{"taxonomy":"post_tag","embeddable":true,"href":"https:\/\/ovelanalista.com\/index.php?rest_route=%2Fwp%2Fv2%2Ftags&post=115686"}],"curies":[{"name":"wp","href":"https:\/\/api.w.org\/{rel}","templated":true}]}}