{"id":115688,"date":"2025-03-06T11:00:17","date_gmt":"2025-03-06T18:00:17","guid":{"rendered":"https:\/\/ovelanalista.com\/?p=115688"},"modified":"2025-03-06T10:16:19","modified_gmt":"2025-03-06T17:16:19","slug":"inicia-la-cuaresma","status":"publish","type":"post","link":"https:\/\/ovelanalista.com\/?p=115688","title":{"rendered":"Inicia la cuaresma"},"content":{"rendered":"<p><strong>La pol\u00edtica en rosa<\/strong><\/p>\n<p><strong>Elsbeth Lenz<\/strong><\/p>\n<blockquote><p>La burocracia es el arte de convertir lo f\u00e1cil en complicado por medio de lo in\u00fatil. La Lenz<\/p><\/blockquote>\n<p>&nbsp;<\/p>\n<p>Lector, lectora querida, inicia la cuaresma y el vicario de la catedral, el padre Rafael Trinidad, invit\u00f3 a la feligres\u00eda a que deje de andar de p\u00e9cora, guarde compostura y al menos este mi\u00e9rcoles y los pr\u00f3ximos viernes de cuaresma, se abstengan de la carne y el pecado.<\/p>\n<p>Pero como ya hoy es jueves y mi pecho no es bodega, \u00a1Pequemos juntos! Queridos m\u00edos, as\u00ed que les cuento que ayer el vocal ejecutivo estatal del Instituto Nacional Electoral, Josu\u00e9 Cervantes, inform\u00f3 que 4 mil 259 ciudadanos, que actualmente se encuentran cumpliendo prisi\u00f3n preventiva en penales estatales y federales; podr\u00e1n emitir su voto para la elecci\u00f3n local de junio pr\u00f3ximo, en donde se renovar\u00e1n las 212 alcald\u00edas en el estado de Veracruz.<\/p>\n<p>\u00bfSer\u00e1 que los candidatos se animen a entrar a las c\u00e1rceles para hacer campa\u00f1a? \u00a1Vaya! Que habr\u00e1 muchos de ellos, que una vez ah\u00ed dentro, capaz y ya no salen, habr\u00e1 algunos otros que \u00e1vidos de fuero busquen por ello el voto ciudadano y \u00a1Vaya! que los pol\u00edticos mexicanos, jam\u00e1s se han distinguido por enfrentar sus tropel\u00edas.<\/p>\n<p>La subsecretaria de Desarrollo Social, Eusebia Cort\u00e9s P\u00e9rez, puso el grito en el cielo, porque a\u00fan siendo \u201cEl tiempo de las mujeres\u201d el din\u00e1mico Pedro Miguel Rosaldo, fue el que obtuvo un mayor puntaje en la encuesta interna del MORENA, para encabezar la candidatura por Coatzacoalcos \u00a1Y ni modo! La querida Cheba tendr\u00e1 que quedarse despachando en la SEDESOL, porque ni para irse a arrimar con la Jefa, quien no hizo compromisos con nadie, mas que con el pueblo y si Pedrito sali\u00f3 arriba, Pedrito ser\u00e1 alcalde y do\u00f1a Cheba no se queda en el desamparo, desde la SEDESOL podr\u00e1 seguir buscando mejorar la calidad de vida de la gente de su querido Coatzacoalcos, pueblo que tanto a\u00f1ora gobernar.<\/p>\n<p>Cuenta el se\u00f1or feudal de Catemaco, don Iv\u00e1n Calder\u00f3n, que el g\u00fcero Velasco regente del Partido Verde Ecologista de M\u00e9xico; habr\u00eda cedido sin chistar todos los municipios veracruzanos que corresponder\u00edan a su partido, con tal de que le toque la candidatura por su natal Tuxpan, al flamante Cisne verde, Alberto Silva Ramos, quien al parecer estar\u00eda en pos de construir el segundo, de aquel presunto primer piso, que seg\u00fan \u00e9l, habr\u00eda construido cuando fue alcalde por primera vez, en los a\u00f1os de Javier Duarte de Ochoa.<\/p>\n<p>De resultarle la candidatura, ser\u00eda maravilloso para que adelante un poco todas esas pensiones alimenticias ca\u00eddas, que debe a las madres de sus v\u00e1stagos y que alguna presuntamente lo habr\u00eda exhibido hasta en redes sociales, habr\u00e1 que ver si en una de esas, no se le ocurri\u00f3 a alguna de ellas, la brillante idea de denunciarlo y el Cisne verde, resulte estar impedido para ir a campa\u00f1a, por ser miembro distinguido del Padr\u00f3n de Deudores Alimentarios\u2026 \u00a1Que cosas tiene la vida!<\/p>\n<p>Y que los n\u00fameros de la encuesta, no favorecieron, Jos\u00e9 Luis Lima Franco, en su emprendimiento por presidir el ayuntamiento de Poza Rica, as\u00ed que el joven orgullo de la tierra del Zacahuil, habr\u00e1 de ir directo a guarnecerse a la CENEGAS con su antiguo jefe y amigo, el hoy titular del organismo Cuitl\u00e1huac Garc\u00eda Jim\u00e9nez, porque vivir fuera del presupuesto, para el pozarricense ser\u00eda ya, vivir en el error.<\/p>\n<p>En el sal\u00f3n del tradicional hotel Enriquez de Coatzacoalcos, hoy jueves a las 10 de la ma\u00f1ana, la militancia del MORENA de aquel municipio, llaman a rueda de prensa para mostrar unidad y cerrar filas, en torno a la candidatura de Pedro Miguel Rosaldo, esto tras las quejas de la precandidata no ganadora, Eusebia Cort\u00e9s.<\/p>\n<p>De \u00faltima hora trascendi\u00f3 que se habr\u00eda inscrito el ex amo y se\u00f1or del feudo magisterial veracruzano, el hoy diputado Zenyazen Escobar P\u00e9rez; como precandidato para participar en la encuesta por la candidatura a la alcald\u00eda de C\u00f3rdoba y es que luego del quemad\u00f3n que le dieron al se\u00f1or Juan Tress, que lo habr\u00eda dejado sin posibilidad alguna; el diputado federal se debe sentir con el deber moral, de rescatar esa tesorer\u00eda cordobesa de las manitas voraces de la se\u00f1ora Vania L\u00f3pez, esto de ser verdad, har\u00eda de la contienda interna una lucha cuerpo a cuerpo y hasta ba\u00f1ada en lodo \u00a1Caray!<\/p>\n<p>As\u00ed las cosas lector, lectora querida, nos leemos ma\u00f1ana.<\/p>\n<p><strong>Comente politicaenrosa@outlook.com ent\u00e9rate www.lapoliticaenrosa.com y s\u00edgueme en mis redes sociales @elsbeth_lenz<\/strong><\/p>\n","protected":false},"excerpt":{"rendered":"<p>La pol\u00edtica en rosa Elsbeth Lenz La burocracia es el arte de convertir lo f\u00e1cil en complicado por medio de lo in\u00fatil. La Lenz &nbsp; Lector, lectora querida, inicia la cuaresma y el vicario de la catedral, el padre Rafael Trinidad, invit\u00f3 a la feligres\u00eda a que deje de andar de p\u00e9cora, guarde compostura y al menos este mi\u00e9rcoles y los pr\u00f3ximos viernes de cuaresma, se abstengan de la carne y el pecado. Pero como ya hoy es jueves y mi pecho no es bodega, \u00a1Pequemos juntos! Queridos m\u00edos, as\u00ed que les cuento que ayer el vocal ejecutivo estatal del [&hellip;]<\/p>\n","protected":false},"author":3,"featured_media":82569,"comment_status":"open","ping_status":"open","sticky":false,"template":"","format":"standard","meta":{"_jetpack_newsletter_access":"","_jetpack_dont_email_post_to_subs":false,"_jetpack_newsletter_tier_id":0,"_jetpack_memberships_contains_paywalled_content":false,"_jetpack_feature_clip_id":0,"_jetpack_memberships_contains_paid_content":false,"footnotes":"","jetpack_publicize_message":"","jetpack_publicize_feature_enabled":true,"jetpack_social_post_already_shared":true,"jetpack_social_options":{"image_generator_settings":{"template":"highway","default_image_id":0,"font":"","enabled":false},"version":2},"jetpack_post_was_ever_published":false},"categories":[79],"tags":[],"class_list":["post-115688","post","type-post","status-publish","format-standard","has-post-thumbnail","hentry","category-columnistas-nacionales","post--single"],"jetpack_publicize_connections":[],"jetpack_featured_media_url":"https:\/\/ovelanalista.com\/wp-content\/uploads\/2023\/10\/Elsbeth-05062020.webp","jetpack_sharing_enabled":true,"_links":{"self":[{"href":"https:\/\/ovelanalista.com\/index.php?rest_route=\/wp\/v2\/posts\/115688","targetHints":{"allow":["GET"]}}],"collection":[{"href":"https:\/\/ovelanalista.com\/index.php?rest_route=\/wp\/v2\/posts"}],"about":[{"href":"https:\/\/ovelanalista.com\/index.php?rest_route=\/wp\/v2\/types\/post"}],"author":[{"embeddable":true,"href":"https:\/\/ovelanalista.com\/index.php?rest_route=\/wp\/v2\/users\/3"}],"replies":[{"embeddable":true,"href":"https:\/\/ovelanalista.com\/index.php?rest_route=%2Fwp%2Fv2%2Fcomments&post=115688"}],"version-history":[{"count":1,"href":"https:\/\/ovelanalista.com\/index.php?rest_route=\/wp\/v2\/posts\/115688\/revisions"}],"predecessor-version":[{"id":115691,"href":"https:\/\/ovelanalista.com\/index.php?rest_route=\/wp\/v2\/posts\/115688\/revisions\/115691"}],"wp:featuredmedia":[{"embeddable":true,"href":"https:\/\/ovelanalista.com\/index.php?rest_route=\/wp\/v2\/media\/82569"}],"wp:attachment":[{"href":"https:\/\/ovelanalista.com\/index.php?rest_route=%2Fwp%2Fv2%2Fmedia&parent=115688"}],"wp:term":[{"taxonomy":"category","embeddable":true,"href":"https:\/\/ovelanalista.com\/index.php?rest_route=%2Fwp%2Fv2%2Fcategories&post=115688"},{"taxonomy":"post_tag","embeddable":true,"href":"https:\/\/ovelanalista.com\/index.php?rest_route=%2Fwp%2Fv2%2Ftags&post=115688"}],"curies":[{"name":"wp","href":"https:\/\/api.w.org\/{rel}","templated":true}]}}